{"id":55471,"date":"2025-11-27T01:31:11","date_gmt":"2025-11-27T01:31:11","guid":{"rendered":"http:\/\/elcensornoticias.com\/?p=55471"},"modified":"2025-11-27T01:31:14","modified_gmt":"2025-11-27T01:31:14","slug":"foro-retos-actuales-en-la-educacion-preescolar","status":"publish","type":"post","link":"http:\/\/elcensornoticias.com\/?p=55471","title":{"rendered":"Foro \u201cRetos actuales en la educaci\u00f3n preescolar\u201d"},"content":{"rendered":"\n<p>UATx y SEPE-USET fortalecen formaci\u00f3n de educadoras.<\/p>\n\n\n\n<p>Con el prop\u00f3sito de promover el intercambio de conocimientos y herramientas que favorezcan el aprendizaje y el desarrollo integral de la ni\u00f1ez en un ambiente inclusivo, se llev\u00f3 a cabo&nbsp;<a>el foro \u201cRetos actuales en la educaci\u00f3n preescolar\u201d,&nbsp;<\/a>actividad que forma parte del convenio firmado entre la Facultad de Ciencias para el Desarrollo Humano de la Universidad Aut\u00f3noma de Tlaxcala (FCDH-UATx) y el Departamento de Educaci\u00f3n Preescolar de la Secretar\u00eda de Educaci\u00f3n P\u00fablica en el Estado y la Unidad de Servicios Educativos de Tlaxcala &nbsp;(SEPE-USET).<\/p>\n\n\n\n<p>La sede fue el Centro Cultural Universitario con la asistencia de maestras de educaci\u00f3n preescolar, en donde el Maestro Mauro S\u00e1nchez Ibarra, Secretario de Rector\u00eda, a nombre del Doctor Seraf\u00edn Ortiz Ortiz, Rector de la UATx, indic\u00f3 que a lo largo de cuatro d\u00e9cadas esta Casa de Estudios ha formado a un n\u00famero relevante de profesionales en diferentes disciplinas, quienes con su trabajo contribuyen al bienestar y al desarrollo social.<\/p>\n\n\n\n<p>Subray\u00f3 que es inter\u00e9s de la UATx mantener una vinculaci\u00f3n de trabajo acad\u00e9mico con el sector educativo del estado, para generar ambientes de di\u00e1logo, encuentro y argumentaci\u00f3n que favorezcan las actividades que se realizan en el aula con los infantes. Recalc\u00f3 que a trav\u00e9s del Modelo Humanista Integrador basado en Capacidades, la Universidad prepara a profesionales para que desde su \u00e1mbito de competencia se inserten con un sentido social y transformen su entorno.<\/p>\n\n\n\n<p>Por su parte, el Doctor Homero Meneses Hern\u00e1ndez, Titular de SEPE-USET, en representaci\u00f3n de la Licenciada Lorena Cuellar Cisneros, Gobernadora del Estado de Tlaxcala, sostuvo que el foro coloca en el centro a la educaci\u00f3n preescolar como uno de los pilares de los aprendizajes, porque es en este nivel donde se siembran valores, emociones y v\u00ednculos que definen la vida de ni\u00f1as y ni\u00f1os tlaxcaltecas.<\/p>\n\n\n\n<p>Agreg\u00f3 que desde el inicio de la presente administraci\u00f3n, se han fortalecido los lazos de amistad con la Aut\u00f3noma de Tlaxcala y los resultados han sido favorables porque, si bien se tiene una cobertura de 80 por ciento a este sector, el reto para la educaci\u00f3n preescolares es mantener el inter\u00e9s, la participaci\u00f3n, la corresponsabilidad de madres y padres en la crianza y en la educaci\u00f3n de sus hijos.<\/p>\n\n\n\n<p>Esta jornada brind\u00f3 las conferencias \u00abEducaci\u00f3n preescolar y desarrollo psicol\u00f3gico: El rol del educador\u201d que dict\u00f3 el Doctor Luis Quintanar; \u201cEl juego como actividad rectora en el desarrollo preescolar\u201d a cargo de la Doctora Yulia Solovieva; y \u201cAbordaje de conductas no deseadas y ense\u00f1anza de habilidades preescolares a ni\u00f1os con TEA en aula regular\u201d por el Doctor V\u00edctor Rodr\u00edguez, Presidente de la Lovaas Foundation de Barcelona, Espa\u00f1a.<\/p>\n","protected":false},"excerpt":{"rendered":"<p>UATx y SEPE-USET fortalecen formaci\u00f3n de educadoras. Con el prop\u00f3sito de promover el intercambio de conocimientos y herramientas que favorezcan el aprendizaje y el desarrollo integral de la ni\u00f1ez en un ambiente inclusivo, se llev\u00f3 a cabo&nbsp;el foro \u201cRetos actuales en la educaci\u00f3n preescolar\u201d,&nbsp;actividad que forma parte del convenio firmado entre la Facultad de Ciencias [&hellip;]<\/p>\n","protected":false},"author":1,"featured_media":55472,"comment_status":"open","ping_status":"open","sticky":false,"template":"","format":"standard","meta":{"advanced_seo_description":"","jetpack_seo_html_title":"","jetpack_seo_noindex":false,"footnotes":"","jetpack_publicize_message":"","jetpack_is_tweetstorm":false,"jetpack_publicize_feature_enabled":true,"jetpack_social_post_already_shared":true,"jetpack_social_options":{"image_generator_settings":{"template":"highway","enabled":false}}},"categories":[2,28],"tags":[],"class_list":["post-55471","post","type-post","status-publish","format-standard","has-post-thumbnail","hentry","category-destacadas","category-educacion"],"jetpack_publicize_connections":[],"jetpack_featured_media_url":"http:\/\/elcensornoticias.com\/wp-content\/uploads\/2025\/11\/26-UATx-y-SEPE-USET-fortalecen-formacion-de-educadoras-con-el-foro-Retos-actuales-en-la-educacion-preescolar-1.jpeg","jetpack_likes_enabled":true,"jetpack_sharing_enabled":true,"jetpack_shortlink":"https:\/\/wp.me\/p6xy50-eqH","_links":{"self":[{"href":"http:\/\/elcensornoticias.com\/index.php?rest_route=\/wp\/v2\/posts\/55471","targetHints":{"allow":["GET"]}}],"collection":[{"href":"http:\/\/elcensornoticias.com\/index.php?rest_route=\/wp\/v2\/posts"}],"about":[{"href":"http:\/\/elcensornoticias.com\/index.php?rest_route=\/wp\/v2\/types\/post"}],"author":[{"embeddable":true,"href":"http:\/\/elcensornoticias.com\/index.php?rest_route=\/wp\/v2\/users\/1"}],"replies":[{"embeddable":true,"href":"http:\/\/elcensornoticias.com\/index.php?rest_route=%2Fwp%2Fv2%2Fcomments&post=55471"}],"version-history":[{"count":1,"href":"http:\/\/elcensornoticias.com\/index.php?rest_route=\/wp\/v2\/posts\/55471\/revisions"}],"predecessor-version":[{"id":55473,"href":"http:\/\/elcensornoticias.com\/index.php?rest_route=\/wp\/v2\/posts\/55471\/revisions\/55473"}],"wp:featuredmedia":[{"embeddable":true,"href":"http:\/\/elcensornoticias.com\/index.php?rest_route=\/wp\/v2\/media\/55472"}],"wp:attachment":[{"href":"http:\/\/elcensornoticias.com\/index.php?rest_route=%2Fwp%2Fv2%2Fmedia&parent=55471"}],"wp:term":[{"taxonomy":"category","embeddable":true,"href":"http:\/\/elcensornoticias.com\/index.php?rest_route=%2Fwp%2Fv2%2Fcategories&post=55471"},{"taxonomy":"post_tag","embeddable":true,"href":"http:\/\/elcensornoticias.com\/index.php?rest_route=%2Fwp%2Fv2%2Ftags&post=55471"}],"curies":[{"name":"wp","href":"https:\/\/api.w.org\/{rel}","templated":true}]}}