{"id":55462,"date":"2025-11-27T01:24:58","date_gmt":"2025-11-27T01:24:58","guid":{"rendered":"http:\/\/elcensornoticias.com\/?p=55462"},"modified":"2025-11-27T01:25:01","modified_gmt":"2025-11-27T01:25:01","slug":"festejos-navidenos-capitalinos-con-la-gran-carrera-grinch-y-santas","status":"publish","type":"post","link":"http:\/\/elcensornoticias.com\/?p=55462","title":{"rendered":"FESTEJOS NAVIDE\u00d1OS CAPITALINOS, CON LA GRAN CARRERA \u201cGRINCH Y SANTAS\u201d"},"content":{"rendered":"\n<p>Se exhorta a la ciudadan\u00eda capitalina a tomar previsiones ante el cierre temporal de calles en la zona centro la tarde de este jueves_.<\/p>\n\n\n\n<p>En el marco de los festejos navide\u00f1os de este a\u00f1o, el Ayuntamiento de Tlaxcala, que preside Alfonso S\u00e1nchez Garc\u00eda, a trav\u00e9s del Sistema Municipal DIF, invita a la ciudadan\u00eda a la carrera \u201cGrinch y Santas\u201d, que se llevar\u00e1 a cabo este jueves 27 de noviembre a las 18:00 horas, el cual tendr\u00e1 como punto de partida la Plaza de Toros Jorge Aguilar \u201cEl Ranchero\u201d y culminar\u00e1 frente a la sede del Palacio Municipal.<\/p>\n\n\n\n<p>Esta actividad est\u00e1 dirigida principalmente a estudiantes de nivel medio superior que previamente realizaron su registro en sus respectivas instituciones educativas, con el prop\u00f3sito de fortalecer la participaci\u00f3n juvenil y promover estilos de vida saludables en un ambiente festivo y seguro.<\/p>\n\n\n\n<p>El Ayuntamiento de Tlaxcala exhorta a la ciudadan\u00eda capitalina a tomar previsiones ante el cierre temporal de calles en la zona centro desde una hora antes del evento, a fin de evitar contratiempos y permitir que todos lleguen con oportunidad a sus destinos.<\/p>\n\n\n\n<p>Asimismo, se invita a las familias tlaxcaltecas y al p\u00fablico en general a disfrutar de este encuentro que busca abrir paso al esp\u00edritu navide\u00f1o, fomentar la convivencia, el esparcimiento y el sentido de unidad caracter\u00edstico de estas fechas.<\/p>\n","protected":false},"excerpt":{"rendered":"<p>Se exhorta a la ciudadan\u00eda capitalina a tomar previsiones ante el cierre temporal de calles en la zona centro la tarde de este jueves_. En el marco de los festejos navide\u00f1os de este a\u00f1o, el Ayuntamiento de Tlaxcala, que preside Alfonso S\u00e1nchez Garc\u00eda, a trav\u00e9s del Sistema Municipal DIF, invita a la ciudadan\u00eda a la [&hellip;]<\/p>\n","protected":false},"author":1,"featured_media":55463,"comment_status":"open","ping_status":"open","sticky":false,"template":"","format":"standard","meta":{"advanced_seo_description":"","jetpack_seo_html_title":"","jetpack_seo_noindex":false,"footnotes":"","jetpack_publicize_message":"","jetpack_is_tweetstorm":false,"jetpack_publicize_feature_enabled":true,"jetpack_social_post_already_shared":true,"jetpack_social_options":{"image_generator_settings":{"template":"highway","enabled":false}}},"categories":[2,10],"tags":[],"class_list":["post-55462","post","type-post","status-publish","format-standard","has-post-thumbnail","hentry","category-destacadas","category-municipios"],"jetpack_publicize_connections":[],"jetpack_featured_media_url":"http:\/\/elcensornoticias.com\/wp-content\/uploads\/2025\/11\/IMG-20251126-WA0002-rotated.jpg","jetpack_likes_enabled":true,"jetpack_sharing_enabled":true,"jetpack_shortlink":"https:\/\/wp.me\/p6xy50-eqy","_links":{"self":[{"href":"http:\/\/elcensornoticias.com\/index.php?rest_route=\/wp\/v2\/posts\/55462","targetHints":{"allow":["GET"]}}],"collection":[{"href":"http:\/\/elcensornoticias.com\/index.php?rest_route=\/wp\/v2\/posts"}],"about":[{"href":"http:\/\/elcensornoticias.com\/index.php?rest_route=\/wp\/v2\/types\/post"}],"author":[{"embeddable":true,"href":"http:\/\/elcensornoticias.com\/index.php?rest_route=\/wp\/v2\/users\/1"}],"replies":[{"embeddable":true,"href":"http:\/\/elcensornoticias.com\/index.php?rest_route=%2Fwp%2Fv2%2Fcomments&post=55462"}],"version-history":[{"count":1,"href":"http:\/\/elcensornoticias.com\/index.php?rest_route=\/wp\/v2\/posts\/55462\/revisions"}],"predecessor-version":[{"id":55464,"href":"http:\/\/elcensornoticias.com\/index.php?rest_route=\/wp\/v2\/posts\/55462\/revisions\/55464"}],"wp:featuredmedia":[{"embeddable":true,"href":"http:\/\/elcensornoticias.com\/index.php?rest_route=\/wp\/v2\/media\/55463"}],"wp:attachment":[{"href":"http:\/\/elcensornoticias.com\/index.php?rest_route=%2Fwp%2Fv2%2Fmedia&parent=55462"}],"wp:term":[{"taxonomy":"category","embeddable":true,"href":"http:\/\/elcensornoticias.com\/index.php?rest_route=%2Fwp%2Fv2%2Fcategories&post=55462"},{"taxonomy":"post_tag","embeddable":true,"href":"http:\/\/elcensornoticias.com\/index.php?rest_route=%2Fwp%2Fv2%2Ftags&post=55462"}],"curies":[{"name":"wp","href":"https:\/\/api.w.org\/{rel}","templated":true}]}}