{"id":55446,"date":"2025-11-25T23:13:25","date_gmt":"2025-11-25T23:13:25","guid":{"rendered":"http:\/\/elcensornoticias.com\/?p=55446"},"modified":"2025-11-25T23:13:37","modified_gmt":"2025-11-25T23:13:37","slug":"convenio-entre-la-secretaria-de-bienestar-y-la-uatx","status":"publish","type":"post","link":"http:\/\/elcensornoticias.com\/?p=55446","title":{"rendered":"CONVENIO ENTRE LA SECRETAR\u00cdA DE BIENESTAR Y LA UATX"},"content":{"rendered":"\n<p>TLAXCALA REFUERZA SERVICIO SOCIAL CON ENFOQUE COMUNITARIO<\/p>\n\n\n\n<p>El acuerdo permitir\u00e1 vincular a universitarios con programas sociales del estado, fortaleciendo la atenci\u00f3n a sectores vulnerables y promoviendo una formaci\u00f3n estudiantil con sentido humano.<\/p>\n\n\n\n<p>La Secretar\u00eda de Bienestar del estado y la Universidad Aut\u00f3noma de Tlaxcala (UATx) formalizaron un convenio que fortalecer\u00e1 la vinculaci\u00f3n acad\u00e9mica y ampliar\u00e1 la participaci\u00f3n estudiantil en programas sociales orientados a la inclusi\u00f3n, la atenci\u00f3n comunitaria y el apoyo a la poblaci\u00f3n vulnerable.<\/p>\n\n\n\n<p>Con esta alianza, estudiantes universitarios podr\u00e1n integrarse directamente a las estrategias impulsadas por el gobierno de Lorena Cu\u00e9llar Cisneros, dirigidas a familias en situaci\u00f3n de vulnerabilidad, personas con discapacidad, y pueblos ind\u00edgenas y originarios.<\/p>\n\n\n\n<p>La titular de la Secretar\u00eda de Bienestar, Mar\u00eda Estela \u00c1lvarez Corona, destac\u00f3 que la participaci\u00f3n estudiantil permitir\u00e1 ampliar el alcance de los programas estatales y, al mismo tiempo, acercar\u00e1 a las y los j\u00f3venes a la realidad social del territorio, promoviendo sensibilidad, compromiso y solidaridad.<\/p>\n\n\n\n<p>\u201cBuscamos que las y los j\u00f3venes aporten nuevas ideas, energ\u00eda y perspectiva a las acciones comunitarias, convirtiendo su servicio social en una experiencia formativa de impacto profesional y humano\u201d, afirm\u00f3.<\/p>\n\n\n\n<p>Por su parte, el rector de la UATx, Seraf\u00edn Ortiz Ortiz, subray\u00f3 que esta colaboraci\u00f3n se articula mediante el Modelo Humanista Integrador basado en Capacidades, aplicado en los 46 programas educativos de la instituci\u00f3n.&nbsp;<\/p>\n\n\n\n<p>Este enfoque \u2014dijo\u2014 permite que las y los estudiantes pongan en pr\u00e1ctica sus conocimientos y contribuyan a la atenci\u00f3n de problem\u00e1ticas sociales desde una perspectiva cr\u00edtica y solidaria.<\/p>\n\n\n\n<p>Con este acuerdo, ambas instituciones consolidan un puente entre la academia y el servicio p\u00fablico, apostando por una generaci\u00f3n de profesionales m\u00e1s sensibles, comprometidos y capaces de incidir en la transformaci\u00f3n social del estado.&nbsp;<\/p>\n\n\n\n<p>El convenio reafirma la visi\u00f3n de que el servicio social no solo cumple una funci\u00f3n acad\u00e9mica, sino que es una herramienta clave para construir un Tlaxcala m\u00e1s incluyente y cercano a las necesidades reales de su poblaci\u00f3n.<\/p>\n","protected":false},"excerpt":{"rendered":"<p>TLAXCALA REFUERZA SERVICIO SOCIAL CON ENFOQUE COMUNITARIO El acuerdo permitir\u00e1 vincular a universitarios con programas sociales del estado, fortaleciendo la atenci\u00f3n a sectores vulnerables y promoviendo una formaci\u00f3n estudiantil con sentido humano. La Secretar\u00eda de Bienestar del estado y la Universidad Aut\u00f3noma de Tlaxcala (UATx) formalizaron un convenio que fortalecer\u00e1 la vinculaci\u00f3n acad\u00e9mica y ampliar\u00e1 [&hellip;]<\/p>\n","protected":false},"author":1,"featured_media":55447,"comment_status":"open","ping_status":"open","sticky":false,"template":"","format":"standard","meta":{"advanced_seo_description":"","jetpack_seo_html_title":"","jetpack_seo_noindex":false,"footnotes":"","jetpack_publicize_message":"","jetpack_is_tweetstorm":false,"jetpack_publicize_feature_enabled":true,"jetpack_social_post_already_shared":true,"jetpack_social_options":{"image_generator_settings":{"template":"highway","enabled":false}}},"categories":[5,28],"tags":[],"class_list":["post-55446","post","type-post","status-publish","format-standard","has-post-thumbnail","hentry","category-carrucel","category-educacion"],"jetpack_publicize_connections":[],"jetpack_featured_media_url":"http:\/\/elcensornoticias.com\/wp-content\/uploads\/2025\/11\/IMG-20251125-WA0023-1.jpg","jetpack_likes_enabled":true,"jetpack_sharing_enabled":true,"jetpack_shortlink":"https:\/\/wp.me\/p6xy50-eqi","_links":{"self":[{"href":"http:\/\/elcensornoticias.com\/index.php?rest_route=\/wp\/v2\/posts\/55446","targetHints":{"allow":["GET"]}}],"collection":[{"href":"http:\/\/elcensornoticias.com\/index.php?rest_route=\/wp\/v2\/posts"}],"about":[{"href":"http:\/\/elcensornoticias.com\/index.php?rest_route=\/wp\/v2\/types\/post"}],"author":[{"embeddable":true,"href":"http:\/\/elcensornoticias.com\/index.php?rest_route=\/wp\/v2\/users\/1"}],"replies":[{"embeddable":true,"href":"http:\/\/elcensornoticias.com\/index.php?rest_route=%2Fwp%2Fv2%2Fcomments&post=55446"}],"version-history":[{"count":1,"href":"http:\/\/elcensornoticias.com\/index.php?rest_route=\/wp\/v2\/posts\/55446\/revisions"}],"predecessor-version":[{"id":55448,"href":"http:\/\/elcensornoticias.com\/index.php?rest_route=\/wp\/v2\/posts\/55446\/revisions\/55448"}],"wp:featuredmedia":[{"embeddable":true,"href":"http:\/\/elcensornoticias.com\/index.php?rest_route=\/wp\/v2\/media\/55447"}],"wp:attachment":[{"href":"http:\/\/elcensornoticias.com\/index.php?rest_route=%2Fwp%2Fv2%2Fmedia&parent=55446"}],"wp:term":[{"taxonomy":"category","embeddable":true,"href":"http:\/\/elcensornoticias.com\/index.php?rest_route=%2Fwp%2Fv2%2Fcategories&post=55446"},{"taxonomy":"post_tag","embeddable":true,"href":"http:\/\/elcensornoticias.com\/index.php?rest_route=%2Fwp%2Fv2%2Ftags&post=55446"}],"curies":[{"name":"wp","href":"https:\/\/api.w.org\/{rel}","templated":true}]}}