{"id":55443,"date":"2025-11-25T23:10:54","date_gmt":"2025-11-25T23:10:54","guid":{"rendered":"http:\/\/elcensornoticias.com\/?p=55443"},"modified":"2025-11-25T23:11:14","modified_gmt":"2025-11-25T23:11:14","slug":"iniciaron-los-16-dias-de-activismo-para-la-eliminacion-de-la-violencia-contra-las-mujeres-en-la-capital","status":"publish","type":"post","link":"http:\/\/elcensornoticias.com\/?p=55443","title":{"rendered":"Iniciaron los 16 D\u00edas de Activismo para la Eliminaci\u00f3n de la Violencia contra las Mujeres en la capital."},"content":{"rendered":"\n<p>Los trabajos comenzaron con el taller\u2013conferencia \u201cPalabras que dejan huella\u201d.<\/p>\n\n\n\n<p>Con la puesta en marcha del taller\u2013conferencia \u201cPalabras que dejan huella\u201d, el presidente municipal de Tlaxcala, Alfonso S\u00e1nchez Garc\u00eda, dio inicio este martes a los 16 D\u00edas de Activismo para la Eliminaci\u00f3n de la Violencia contra las Mujeres.<\/p>\n\n\n\n<p>Durante el arranque oficial de las actividades, el alcalde destac\u00f3 que su administraci\u00f3n ha fortalecido al Instituto Municipal de la Mujer (IMM), adem\u00e1s de que ha implementado protocolos con perspectiva de g\u00e9nero entre el personal del Ayuntamiento.<\/p>\n\n\n\n<p>Asimismo, destac\u00f3 la coordinaci\u00f3n constante con colectivas, organizaciones civiles, escuelas, delegaciones y comunidades, mediante pol\u00edticas que previenen la violencia y garantizan la protecci\u00f3n a las mujeres.<\/p>\n\n\n\n<p>\u201cQueremos que vivan con libertad, con seguridad y en pleno ejercicio de sus derechos\u201d, sostuvo S\u00e1nchez Garc\u00eda, al llamar a los hombres a involucrarse en la transformaci\u00f3n cultural necesaria para erradicar cualquier forma de violencia.<\/p>\n\n\n\n<p>En representaci\u00f3n de la presidenta de la Comisi\u00f3n Estatal de Derechos Humanos, Jakqueline Ord\u00f3\u00f1ez Brasdefer, la secretaria t\u00e9cnica Rossana Rubio Marchetti resalt\u00f3 que la violencia contra mujeres y ni\u00f1as persiste como una de las violaciones a derechos humanos m\u00e1s extendidas. Record\u00f3 que el Estado mexicano tiene la obligaci\u00f3n de prevenir, atender, sancionar y erradicar estas conductas.<\/p>\n\n\n\n<p>\u201cLos derechos de las mujeres son derechos humanos. La esperanza se construye con acciones, y cada mujer merece vivir con libertad, seguridad y dignidad\u201d, enfatiz\u00f3 al invitar a la ciudadan\u00eda a sumarse a las tareas de prevenci\u00f3n.<\/p>\n\n\n\n<p>Como actividad inaugural, la defensora de derechos humanos Mar\u00eda Martina Dimas Bola\u00f1os imparti\u00f3 el taller \u201cPalabras que dejan huella\u201d, dirigido a mujeres del municipio, con el objetivo de visibilizar c\u00f3mo la violencia psicol\u00f3gica puede iniciarse desde el lenguaje. A trav\u00e9s de una din\u00e1mica participativa, invit\u00f3 a las asistentes a identificar las violencias cotidianas, reconocer sus derechos y comprender c\u00f3mo ejercerlos.<\/p>\n\n\n\n<p>\u201cBuscamos que cada mujer pueda reconocer las violencias que enfrenta d\u00eda a d\u00eda y, si lo requiere, recibir orientaci\u00f3n para presentar una denuncia\u201d, explic\u00f3.<\/p>\n\n\n\n<p>*Las actividades continuar\u00e1n durante los 16 D\u00edas de Activismo*<\/p>\n\n\n\n<p>La directora del IMM, Lisbeth Briones S\u00e1nchez, inform\u00f3 que a lo largo de este periodo se realizar\u00e1n talleres, asesor\u00edas, actividades culturales y deportivas orientadas a la sensibilizaci\u00f3n y atenci\u00f3n integral de la violencia contra las mujeres.<\/p>\n\n\n\n<p>Para este mi\u00e9rcoles 26 de noviembre se llevar\u00e1 a cabo el taller \u201cUtilidad de la Perspectiva de G\u00e9nero en la Educaci\u00f3n\u201d, de 8:00 a 13:00 horas, en el Museo Regional de Tlaxcala. La actividad ser\u00e1 gratuita y abierta al p\u00fablico en general.<\/p>\n","protected":false},"excerpt":{"rendered":"<p>Los trabajos comenzaron con el taller\u2013conferencia \u201cPalabras que dejan huella\u201d. Con la puesta en marcha del taller\u2013conferencia \u201cPalabras que dejan huella\u201d, el presidente municipal de Tlaxcala, Alfonso S\u00e1nchez Garc\u00eda, dio inicio este martes a los 16 D\u00edas de Activismo para la Eliminaci\u00f3n de la Violencia contra las Mujeres. Durante el arranque oficial de las actividades, [&hellip;]<\/p>\n","protected":false},"author":1,"featured_media":55444,"comment_status":"open","ping_status":"open","sticky":false,"template":"","format":"standard","meta":{"advanced_seo_description":"","jetpack_seo_html_title":"","jetpack_seo_noindex":false,"footnotes":"","jetpack_publicize_message":"","jetpack_is_tweetstorm":false,"jetpack_publicize_feature_enabled":true,"jetpack_social_post_already_shared":true,"jetpack_social_options":{"image_generator_settings":{"template":"highway","enabled":false}}},"categories":[2,10],"tags":[],"class_list":["post-55443","post","type-post","status-publish","format-standard","has-post-thumbnail","hentry","category-destacadas","category-municipios"],"jetpack_publicize_connections":[],"jetpack_featured_media_url":"http:\/\/elcensornoticias.com\/wp-content\/uploads\/2025\/11\/IMG-20251125-WA0017.jpg","jetpack_likes_enabled":true,"jetpack_sharing_enabled":true,"jetpack_shortlink":"https:\/\/wp.me\/p6xy50-eqf","_links":{"self":[{"href":"http:\/\/elcensornoticias.com\/index.php?rest_route=\/wp\/v2\/posts\/55443","targetHints":{"allow":["GET"]}}],"collection":[{"href":"http:\/\/elcensornoticias.com\/index.php?rest_route=\/wp\/v2\/posts"}],"about":[{"href":"http:\/\/elcensornoticias.com\/index.php?rest_route=\/wp\/v2\/types\/post"}],"author":[{"embeddable":true,"href":"http:\/\/elcensornoticias.com\/index.php?rest_route=\/wp\/v2\/users\/1"}],"replies":[{"embeddable":true,"href":"http:\/\/elcensornoticias.com\/index.php?rest_route=%2Fwp%2Fv2%2Fcomments&post=55443"}],"version-history":[{"count":1,"href":"http:\/\/elcensornoticias.com\/index.php?rest_route=\/wp\/v2\/posts\/55443\/revisions"}],"predecessor-version":[{"id":55445,"href":"http:\/\/elcensornoticias.com\/index.php?rest_route=\/wp\/v2\/posts\/55443\/revisions\/55445"}],"wp:featuredmedia":[{"embeddable":true,"href":"http:\/\/elcensornoticias.com\/index.php?rest_route=\/wp\/v2\/media\/55444"}],"wp:attachment":[{"href":"http:\/\/elcensornoticias.com\/index.php?rest_route=%2Fwp%2Fv2%2Fmedia&parent=55443"}],"wp:term":[{"taxonomy":"category","embeddable":true,"href":"http:\/\/elcensornoticias.com\/index.php?rest_route=%2Fwp%2Fv2%2Fcategories&post=55443"},{"taxonomy":"post_tag","embeddable":true,"href":"http:\/\/elcensornoticias.com\/index.php?rest_route=%2Fwp%2Fv2%2Ftags&post=55443"}],"curies":[{"name":"wp","href":"https:\/\/api.w.org\/{rel}","templated":true}]}}