{"id":55422,"date":"2025-11-25T22:41:24","date_gmt":"2025-11-25T22:41:24","guid":{"rendered":"http:\/\/elcensornoticias.com\/?p=55422"},"modified":"2025-11-25T22:41:45","modified_gmt":"2025-11-25T22:41:45","slug":"valquirico-con-actividades-para-la-temporada-navidena","status":"publish","type":"post","link":"http:\/\/elcensornoticias.com\/?p=55422","title":{"rendered":"Val\u2019Quirico con actividades para la Temporada Navide\u00f1a"},"content":{"rendered":"\n<p>Val\u2019Quirico dio a conocer el calendario de actividades correspondientes a su Temporada Navide\u00f1a 2025, que contempla eventos culturales, art\u00edsticos y familiares a realizarse entre el 30 de noviembre y el 31 de<br>diciembre.<br>El programa iniciar\u00e1 el 30 de noviembre a las 18:00 horas con el Encendido del \u00c1rbol de Navidad, acto que marca formalmente la apertura del periodo festivo en el complejo.<\/p>\n\n\n\n<p>A partir del 5 de diciembre, y \u00fanicamente durante los fines de semana, se llevar\u00e1n a cabo las siguientes actividades:<\/p>\n\n\n\n<p><br>\u2022\u00a0\u00a0\u00a0\u00a0\u00a0\u00a0 Show de Los Guardianes<br>Presentaciones en plazuelas a las 18:45, 19:45 y 20:45 horas.<\/p>\n\n\n\n<p><br>\u2022\u00a0\u00a0\u00a0\u00a0\u00a0\u00a0 Teatro Ciego<br>Funciones en Universidad del Fabbro a las 16:00, 17:00, 18:00, 19:05,<br>20:05 y 21:05 horas.<\/p>\n\n\n\n<p><br>Cuota de recuperaci\u00f3n: $80 por persona.<br>\u2022\u00a0\u00a0\u00a0\u00a0\u00a0\u00a0 Artes circenses, t\u00edteres y villancicos<\/p>\n\n\n\n<p>Actividades itinerantes en callejones y plazuelas.<\/p>\n\n\n\n<p>Como parte del cierre anual, el 31 de diciembre a las 20:00 horas se realizar\u00e1 la Cena de A\u00f1o Nuevo\u00a0 en los restaurantes ubicados en el Z\u00f3calo de Val\u2019Quirico.  La informaci\u00f3n detallada y reservaciones est\u00e1n<br>disponibles directamente en cada establecimiento.<br>El objetivo de esta programaci\u00f3n es ofrecer espacios de convivencia durante la temporada decembrina, manteniendo las tradiciones y fomentando la participaci\u00f3n familiar en actividades culturales.<br>Para atenci\u00f3n a medios, entrevistas o solicitudes adicionales, Val\u2019Quirico mantiene abiertos sus canales institucionales de comunicaci\u00f3n.<\/p>\n","protected":false},"excerpt":{"rendered":"<p>Val\u2019Quirico dio a conocer el calendario de actividades correspondientes a su Temporada Navide\u00f1a 2025, que contempla eventos culturales, art\u00edsticos y familiares a realizarse entre el 30 de noviembre y el 31 dediciembre.El programa iniciar\u00e1 el 30 de noviembre a las 18:00 horas con el Encendido del \u00c1rbol de Navidad, acto que marca formalmente la apertura [&hellip;]<\/p>\n","protected":false},"author":1,"featured_media":55423,"comment_status":"open","ping_status":"open","sticky":false,"template":"","format":"standard","meta":{"advanced_seo_description":"","jetpack_seo_html_title":"","jetpack_seo_noindex":false,"footnotes":"","jetpack_publicize_message":"","jetpack_is_tweetstorm":false,"jetpack_publicize_feature_enabled":true,"jetpack_social_post_already_shared":true,"jetpack_social_options":{"image_generator_settings":{"template":"highway","enabled":false}}},"categories":[5,3],"tags":[],"class_list":["post-55422","post","type-post","status-publish","format-standard","has-post-thumbnail","hentry","category-carrucel","category-gobierno"],"jetpack_publicize_connections":[],"jetpack_featured_media_url":"http:\/\/elcensornoticias.com\/wp-content\/uploads\/2025\/11\/Foto-1.jpeg","jetpack_likes_enabled":true,"jetpack_sharing_enabled":true,"jetpack_shortlink":"https:\/\/wp.me\/p6xy50-epU","_links":{"self":[{"href":"http:\/\/elcensornoticias.com\/index.php?rest_route=\/wp\/v2\/posts\/55422","targetHints":{"allow":["GET"]}}],"collection":[{"href":"http:\/\/elcensornoticias.com\/index.php?rest_route=\/wp\/v2\/posts"}],"about":[{"href":"http:\/\/elcensornoticias.com\/index.php?rest_route=\/wp\/v2\/types\/post"}],"author":[{"embeddable":true,"href":"http:\/\/elcensornoticias.com\/index.php?rest_route=\/wp\/v2\/users\/1"}],"replies":[{"embeddable":true,"href":"http:\/\/elcensornoticias.com\/index.php?rest_route=%2Fwp%2Fv2%2Fcomments&post=55422"}],"version-history":[{"count":1,"href":"http:\/\/elcensornoticias.com\/index.php?rest_route=\/wp\/v2\/posts\/55422\/revisions"}],"predecessor-version":[{"id":55424,"href":"http:\/\/elcensornoticias.com\/index.php?rest_route=\/wp\/v2\/posts\/55422\/revisions\/55424"}],"wp:featuredmedia":[{"embeddable":true,"href":"http:\/\/elcensornoticias.com\/index.php?rest_route=\/wp\/v2\/media\/55423"}],"wp:attachment":[{"href":"http:\/\/elcensornoticias.com\/index.php?rest_route=%2Fwp%2Fv2%2Fmedia&parent=55422"}],"wp:term":[{"taxonomy":"category","embeddable":true,"href":"http:\/\/elcensornoticias.com\/index.php?rest_route=%2Fwp%2Fv2%2Fcategories&post=55422"},{"taxonomy":"post_tag","embeddable":true,"href":"http:\/\/elcensornoticias.com\/index.php?rest_route=%2Fwp%2Fv2%2Ftags&post=55422"}],"curies":[{"name":"wp","href":"https:\/\/api.w.org\/{rel}","templated":true}]}}