{"id":55413,"date":"2025-11-25T22:07:37","date_gmt":"2025-11-25T22:07:37","guid":{"rendered":"http:\/\/elcensornoticias.com\/?p=55413"},"modified":"2025-11-25T22:07:47","modified_gmt":"2025-11-25T22:07:47","slug":"cedht-conmemora-el-dia-internacional-de-la-eliminacion-de-la-violencia-contra-la-mujer","status":"publish","type":"post","link":"http:\/\/elcensornoticias.com\/?p=55413","title":{"rendered":"CEDHT conmemora el D\u00eda Internacional de la Eliminaci\u00f3n de la Violencia contra la Mujer"},"content":{"rendered":"\n<p><em>Conferencias, entrevistas, talleres y congresos, con la participaci\u00f3n de activistas, defensoras de DH y especialistas en el tema<\/em><\/p>\n\n\n\n<p>La Comisi\u00f3n Estatal de Derechos Humanos de Tlaxcala (CEDHT), inicia este 25 de noviembre diversas actividades para conmemorar el D\u00eda Internacional de la Eliminaci\u00f3n de la Violencia contra la Mujer, esto durante los 16 d\u00edas de activismo que culminar\u00e1n el 10 de diciembre, en el D\u00eda Internacional de los Derechos Humanos.<\/p>\n\n\n\n<p>En el marco del trabajo de la CEDHT encaminado a promover la defensa y exigencia de los derechos humanos de todas las mujeres, la Ombudsperson, Jakqueline Ordo\u00f1ez Brasdefer, coment\u00f3 que, con las acciones enmarcadas en los 16 d\u00edas de activismo contra la violencia de g\u00e9nero, se siguen concientizando a la poblaci\u00f3n en general sobre la importancia de abatir este flagelo social.<\/p>\n\n\n\n<p>Mencion\u00f3 que, a pesar de los retos que esta lucha tiene, la Comisi\u00f3n mantiene acciones para visibilizar y erradicar la inaceptable violencia que viven mujeres y ni\u00f1as en diferentes entornos de la entidad.<\/p>\n\n\n\n<p>Durante los 16 d\u00edas de activismo la CEDHT realiza diferentes actividades como, iniciando este 25 de noviembre con el taller denominado \u201cPalabras que dejan huella\u201d, a cargo de la ponente Mar\u00eda Martina Dimas Bola\u00f1os, defensora de derechos humanos de este organismo aut\u00f3nomo, que tendr\u00e1 lugar en el Instituto Municipal de la Mujer de Tlaxcala a las 1:00 horas.<\/p>\n\n\n\n<p>El 26 de noviembre tendr\u00e1 lugar la conferencia \u201cViolencia de g\u00e9nero contra las mujeres y ni\u00f1as ind\u00edgenas en M\u00e9xico en contextos p\u00fablicos, privados e institucionales\u201d a cargo de la activista Eufrosina Cruz Mendoza, en el teatro Xicoht\u00e9ncatl a las 11:30 horas. Esta actividad es en colaboraci\u00f3n con el Tribunal Superior de Justicia del Estado y el Congreso local.<\/p>\n\n\n\n<p>Para el 27 de noviembre la consultora en derechos humanos y g\u00e9nero Geovanny P\u00e9rez L\u00f3pez impartir\u00e1 la conferencia \u201cEscuela y familia unidas: claves para una convivencia escolar sin violencia\u201d, en la escuela secundaria general \u201cAdri\u00e1n V\u00e1zquez S\u00e1nchez\u201d, de San Cosme Xaloztoc a las 16:00 horas.<\/p>\n\n\n\n<p>El 28 de noviembre la activista ciudadana Coral Avila Casco, impartir\u00e1 la conferencia \u201cDeconstruyendo el machismo: un di\u00e1logo necesario\u201d, en el centro de di\u00e1logo y promoci\u00f3n de la cultura de paz de la CEDHT a las 10: 00 horas. Este mismo d\u00eda, a las 13:00 horas, en el mismo lugar se imparte la conferencia \u201cViolencia pol\u00edtica contra las mujeres: desaf\u00edos y acciones para su erradicaci\u00f3n\u201d.<\/p>\n\n\n\n<p>Los d\u00edas 29 y 30 de noviembre, as\u00ed como 6 y 7 de diciembre se difundir\u00e1n, en redes sociales de la Comisi\u00f3n, video c\u00e1psulas denominadas \u201cDesde el territorio, acciones contra la violencia de g\u00e9nero\u201d, en las que presidentas municipales dan a conocer el trabajo que realizan en este tema.<\/p>\n\n\n\n<p>Asimismo, del 16 de diciembre al 10 de noviembre se transmitir\u00e1, en las redes de la CEDHT el programa \u201c16 d\u00edas, 16 voces contra la violencia\u201d, dirigido por la consejera consultiva Leticia Valera Gonz\u00e1lez, en el que entrevistar\u00e1 a diferentes mujeres.<\/p>\n\n\n\n<p>El 1 de diciembre se llevar\u00e1 a cabo el taller \u201cEl sexismo, generador de violencia contra las mujeres\u201d, a cargo de la consejera consultiva de la CEDHT, Leticia Valera Gonz\u00e1lez, en la Sala de cabildos del municipio de Totolac a las 10:00 horas.<\/p>\n\n\n\n<p>Este mismo d\u00eda a las 17:00 horas se impartir\u00e1 la conferencia magistral \u201cD\u00eda Internacional de la Violencia contra la Mujer\u201d, a cargo de la antrop\u00f3loga feminista Marcela Lagarde, a las 17:00 horas en el Teatro Xicoht\u00e9ncatl, dirigida a personas servidoras p\u00fablicas, evento realizado en colaboraci\u00f3n con la Fiscal\u00eda General del Estado de Tlaxcala, el Tribunal Superior de Justicia del Estado, el Congreso local, la Secretar\u00eda de las Mujeres de Tlaxcala y la Universidad Aut\u00f3noma de Tlaxcala.<\/p>\n\n\n\n<p>El d\u00eda 3 de diciembre se inaugura la Expo Inclusi\u00f3n en el Patio Vitral del Congreso del Estado a las 10:00 horas. El d\u00eda 4 de diciembre se impartir\u00e1 la capacitaci\u00f3n \u201cLenguaje inclusivo y derecho de las mujeres a una vida libre de violencia\u201d, a cargo del defensor de derechos Humanos de la CEDHT, Emmanuel S\u00e1nchez Reyes, en la Universidad Polit\u00e9cnica de Tlaxcala, Tepeyanco.<\/p>\n\n\n\n<p>El d\u00eda 5 de diciembre se llevar\u00e1 a cabo la conferencia virtual \u201cMasculinidades\u201d, a cargo de la directora de promoci\u00f3n y capacitaci\u00f3n de los derechos de la mujer y de igualdad de la CNDH, a las 11:00 horas a trav\u00e9s de la plataforma zoom.<\/p>\n\n\n\n<p>Mientras que el 9 de diciembre se presentar\u00e1n cuenta cuentos titulador \u201cHab\u00eda una vez una ni\u00f1a\u201d a cargo de la tallerista y gestora cultura Prania Esponda, en la secundaria general \u201cL\u00e1zaro C\u00e1rdenas del R\u00edo\u201d, de Santa Apolonia Teacalco.&nbsp;<\/p>\n\n\n\n<p>Y el 10 de diciembre la activista y Premio Nacional de Derechos Humanos Margarita Garfias, impartir\u00e1 la conferencia \u201cDerechos de las personas con discapacidad, en el Centro de Di\u00e1logo y Promoci\u00f3n de la Cultura de la Paz de la CEDHT, a las 11:00 horas.<\/p>\n\n\n\n<p>Asimismo, la Comisi\u00f3n har\u00e1 una edici\u00f3n especial de la revista digital \u201cCultura de paz\u00bb, titulada \u201c25N: retos avances y compromisos por la igualdad\u201d, en la que escriben personas defensoras de derechos humanos, activistas, periodistas, ni\u00f1as, mujeres ind\u00edgenas y adultas mayores, entre otras.<\/p>\n","protected":false},"excerpt":{"rendered":"<p>Conferencias, entrevistas, talleres y congresos, con la participaci\u00f3n de activistas, defensoras de DH y especialistas en el tema La Comisi\u00f3n Estatal de Derechos Humanos de Tlaxcala (CEDHT), inicia este 25 de noviembre diversas actividades para conmemorar el D\u00eda Internacional de la Eliminaci\u00f3n de la Violencia contra la Mujer, esto durante los 16 d\u00edas de activismo [&hellip;]<\/p>\n","protected":false},"author":1,"featured_media":55414,"comment_status":"open","ping_status":"open","sticky":false,"template":"","format":"standard","meta":{"advanced_seo_description":"","jetpack_seo_html_title":"","jetpack_seo_noindex":false,"footnotes":"","jetpack_publicize_message":"","jetpack_is_tweetstorm":false,"jetpack_publicize_feature_enabled":true,"jetpack_social_post_already_shared":true,"jetpack_social_options":{"image_generator_settings":{"template":"highway","enabled":false}}},"categories":[5,3],"tags":[],"class_list":["post-55413","post","type-post","status-publish","format-standard","has-post-thumbnail","hentry","category-carrucel","category-gobierno"],"jetpack_publicize_connections":[],"jetpack_featured_media_url":"http:\/\/elcensornoticias.com\/wp-content\/uploads\/2025\/11\/boletin-55.jpg","jetpack_likes_enabled":true,"jetpack_sharing_enabled":true,"jetpack_shortlink":"https:\/\/wp.me\/p6xy50-epL","_links":{"self":[{"href":"http:\/\/elcensornoticias.com\/index.php?rest_route=\/wp\/v2\/posts\/55413","targetHints":{"allow":["GET"]}}],"collection":[{"href":"http:\/\/elcensornoticias.com\/index.php?rest_route=\/wp\/v2\/posts"}],"about":[{"href":"http:\/\/elcensornoticias.com\/index.php?rest_route=\/wp\/v2\/types\/post"}],"author":[{"embeddable":true,"href":"http:\/\/elcensornoticias.com\/index.php?rest_route=\/wp\/v2\/users\/1"}],"replies":[{"embeddable":true,"href":"http:\/\/elcensornoticias.com\/index.php?rest_route=%2Fwp%2Fv2%2Fcomments&post=55413"}],"version-history":[{"count":1,"href":"http:\/\/elcensornoticias.com\/index.php?rest_route=\/wp\/v2\/posts\/55413\/revisions"}],"predecessor-version":[{"id":55415,"href":"http:\/\/elcensornoticias.com\/index.php?rest_route=\/wp\/v2\/posts\/55413\/revisions\/55415"}],"wp:featuredmedia":[{"embeddable":true,"href":"http:\/\/elcensornoticias.com\/index.php?rest_route=\/wp\/v2\/media\/55414"}],"wp:attachment":[{"href":"http:\/\/elcensornoticias.com\/index.php?rest_route=%2Fwp%2Fv2%2Fmedia&parent=55413"}],"wp:term":[{"taxonomy":"category","embeddable":true,"href":"http:\/\/elcensornoticias.com\/index.php?rest_route=%2Fwp%2Fv2%2Fcategories&post=55413"},{"taxonomy":"post_tag","embeddable":true,"href":"http:\/\/elcensornoticias.com\/index.php?rest_route=%2Fwp%2Fv2%2Ftags&post=55413"}],"curies":[{"name":"wp","href":"https:\/\/api.w.org\/{rel}","templated":true}]}}