{"id":55381,"date":"2025-11-22T00:31:48","date_gmt":"2025-11-22T00:31:48","guid":{"rendered":"http:\/\/elcensornoticias.com\/?p=55381"},"modified":"2025-11-22T00:31:49","modified_gmt":"2025-11-22T00:31:49","slug":"ayuntamiento-de-tlaxcala-expone-el-talento-universitario","status":"publish","type":"post","link":"http:\/\/elcensornoticias.com\/?p=55381","title":{"rendered":"AYUNTAMIENTO DE TLAXCALA EXPONE EL TALENTO UNIVERSITARIO"},"content":{"rendered":"\n<p>El Ayuntamiento de Tlaxcala, a trav\u00e9s de la Direcci\u00f3n de Cultura, en coordinaci\u00f3n con la Universidad Aut\u00f3noma de Tlaxcala (UATx), anunci\u00f3 la apertura de la exposici\u00f3n fotogr\u00e1fica \u201cA trav\u00e9s de mis ojos\u201d, del joven creador Willy Leonel X. Lira.&nbsp;<\/p>\n\n\n\n<p>La muestra busca acercar el arte visual a la poblaci\u00f3n y, adem\u00e1s, refrenda el inter\u00e9s institucional por fortalecer los v\u00ednculos con la comunidad art\u00edstica y acad\u00e9mica.<\/p>\n\n\n\n<p>La exposici\u00f3n estar\u00e1 disponible del 22 de noviembre al 20 de diciembre, periodo en el que el p\u00fablico podr\u00e1 apreciar una selecci\u00f3n de im\u00e1genes que destacan por su estilo \u00edntimo y reflexivo.&nbsp;<\/p>\n\n\n\n<p>En esta ocasi\u00f3n, la curadur\u00eda y gesti\u00f3n estuvieron a cargo de Erika Rodr\u00edguez Gonz\u00e1lez y Uriel Castillo Aguilar, quienes estructuraron un recorrido visual que dialoga con la identidad y el entorno local.<\/p>\n\n\n\n<p>La inauguraci\u00f3n se realizar\u00e1 el s\u00e1bado 22 de noviembre a las 11:30 horas en la Casa de la Cultura Jos\u00e9 Guridi y Alcocer, ubicada en Av. Independencia No. 137, colonia La Loma Xicoht\u00e9ncatl.&nbsp;<\/p>\n\n\n\n<p>Con esta actividad, el Ayuntamiento de Tlaxcala reafirma su compromiso de impulsar proyectos art\u00edsticos que promuevan la participaci\u00f3n ciudadana y fortalezcan la vida cultural en la capital.<\/p>\n","protected":false},"excerpt":{"rendered":"<p>El Ayuntamiento de Tlaxcala, a trav\u00e9s de la Direcci\u00f3n de Cultura, en coordinaci\u00f3n con la Universidad Aut\u00f3noma de Tlaxcala (UATx), anunci\u00f3 la apertura de la exposici\u00f3n fotogr\u00e1fica \u201cA trav\u00e9s de mis ojos\u201d, del joven creador Willy Leonel X. Lira.&nbsp; La muestra busca acercar el arte visual a la poblaci\u00f3n y, adem\u00e1s, refrenda el inter\u00e9s institucional [&hellip;]<\/p>\n","protected":false},"author":1,"featured_media":55382,"comment_status":"open","ping_status":"open","sticky":false,"template":"","format":"standard","meta":{"advanced_seo_description":"","jetpack_seo_html_title":"","jetpack_seo_noindex":false,"footnotes":"","jetpack_publicize_message":"","jetpack_is_tweetstorm":false,"jetpack_publicize_feature_enabled":true,"jetpack_social_post_already_shared":true,"jetpack_social_options":{"image_generator_settings":{"template":"highway","enabled":false}}},"categories":[2,10],"tags":[],"class_list":["post-55381","post","type-post","status-publish","format-standard","has-post-thumbnail","hentry","category-destacadas","category-municipios"],"jetpack_publicize_connections":[],"jetpack_featured_media_url":"http:\/\/elcensornoticias.com\/wp-content\/uploads\/2025\/11\/IMG-20251121-WA0018.jpg","jetpack_likes_enabled":true,"jetpack_sharing_enabled":true,"jetpack_shortlink":"https:\/\/wp.me\/p6xy50-epf","_links":{"self":[{"href":"http:\/\/elcensornoticias.com\/index.php?rest_route=\/wp\/v2\/posts\/55381","targetHints":{"allow":["GET"]}}],"collection":[{"href":"http:\/\/elcensornoticias.com\/index.php?rest_route=\/wp\/v2\/posts"}],"about":[{"href":"http:\/\/elcensornoticias.com\/index.php?rest_route=\/wp\/v2\/types\/post"}],"author":[{"embeddable":true,"href":"http:\/\/elcensornoticias.com\/index.php?rest_route=\/wp\/v2\/users\/1"}],"replies":[{"embeddable":true,"href":"http:\/\/elcensornoticias.com\/index.php?rest_route=%2Fwp%2Fv2%2Fcomments&post=55381"}],"version-history":[{"count":1,"href":"http:\/\/elcensornoticias.com\/index.php?rest_route=\/wp\/v2\/posts\/55381\/revisions"}],"predecessor-version":[{"id":55383,"href":"http:\/\/elcensornoticias.com\/index.php?rest_route=\/wp\/v2\/posts\/55381\/revisions\/55383"}],"wp:featuredmedia":[{"embeddable":true,"href":"http:\/\/elcensornoticias.com\/index.php?rest_route=\/wp\/v2\/media\/55382"}],"wp:attachment":[{"href":"http:\/\/elcensornoticias.com\/index.php?rest_route=%2Fwp%2Fv2%2Fmedia&parent=55381"}],"wp:term":[{"taxonomy":"category","embeddable":true,"href":"http:\/\/elcensornoticias.com\/index.php?rest_route=%2Fwp%2Fv2%2Fcategories&post=55381"},{"taxonomy":"post_tag","embeddable":true,"href":"http:\/\/elcensornoticias.com\/index.php?rest_route=%2Fwp%2Fv2%2Ftags&post=55381"}],"curies":[{"name":"wp","href":"https:\/\/api.w.org\/{rel}","templated":true}]}}