{"id":55378,"date":"2025-11-22T00:29:51","date_gmt":"2025-11-22T00:29:51","guid":{"rendered":"http:\/\/elcensornoticias.com\/?p=55378"},"modified":"2025-11-22T00:30:02","modified_gmt":"2025-11-22T00:30:02","slug":"dia-internacional-de-la-eliminacion-de-la-violencia-contra-la-mujer","status":"publish","type":"post","link":"http:\/\/elcensornoticias.com\/?p=55378","title":{"rendered":"D\u00cdA INTERNACIONAL DE LA ELIMINACI\u00d3N DE LA VIOLENCIA CONTRA LA MUJER"},"content":{"rendered":"\n<p><strong>&nbsp;SE SUMA A LOS 16 D\u00cdAS DE ACTIVISMO CONTRA LA VIOLENCIA DE G\u00c9NERO<\/strong><\/p>\n\n\n\n<ul class=\"wp-block-list\">\n<li><strong>La televisora tendr\u00e1 una programaci\u00f3n especial conformada por series documentales y largometrajes<\/strong><\/li>\n\n\n\n<li><strong>Transmisi\u00f3n: del 24 de noviembre al 5 de diciembre, por la se\u00f1al 22.1<\/strong><\/li>\n<\/ul>\n\n\n\n<p>Ciudad de M\u00e9xico, a 21 de noviembre de 2025. Como parte de la iniciativa del<strong>&nbsp;D\u00eda Internacional de la Eliminaci\u00f3n de la Violencia contra la Mujer&nbsp;<\/strong>y los<strong>&nbsp;16 D\u00edas de activismo contra la violencia de g\u00e9nero<\/strong>, desde el 24 de noviembre hasta el 5 de diciembre,&nbsp;<strong>Canal Veintid\u00f3s<\/strong>&nbsp;ofrecer\u00e1 una programaci\u00f3n especial con contenidos cuyo prop\u00f3sito es concientizar, prevenir, denunciar y eliminar la violencia que sufren las mujeres en nuestro pa\u00eds.<\/p>\n\n\n\n<p>Dentro de los contenidos que se podr\u00e1n disfrutar se encuentra&nbsp;<strong><em>Voces violeta<\/em><\/strong>, un programa en el cual se exploran historias de mujeres relevantes de la Revoluci\u00f3n Mexicana, protagonistas valientes que marcaron un antes y un despu\u00e9s en la historia de nuestro pa\u00eds. La transmisi\u00f3n de este programa se podr\u00e1 sintonizar del&nbsp;<strong>martes 25 de noviembre<\/strong>&nbsp;al&nbsp;<strong>martes 2 de diciembre<\/strong>, a las&nbsp;<strong>14:00 horas.<\/strong><\/p>\n\n\n\n<p><strong><em>Resistencias F\u00edlmicas<\/em><\/strong>&nbsp;es una serie documental que, con apoyo del Fideicomiso para la Promoci\u00f3n y Desarrollo del Cine Mexicano (PROCINE) re\u00fane las voces de 55 personas que se reconocen mujeres o disidentes sexuales, activas en la industria audiovisual de la Ciudad de M\u00e9xico, quienes comparten sus experiencias y reflexiones respecto a la violencia de g\u00e9nero en el medio. Los cap\u00edtulos&nbsp;<em>Nombrar las violencias<\/em>&nbsp;y&nbsp;<em>Derecho a maternar<\/em>&nbsp;se transmitir\u00e1n el&nbsp;<strong>lunes 24 y martes 25 a la medianoche<\/strong>&nbsp;respectivamente, mientras que&nbsp;<em>Nuestras historias<\/em>,&nbsp;<em>Sororidades f\u00edlmicas<\/em>&nbsp;y&nbsp;<em>La utop\u00eda: Cine sin violencias<\/em>&nbsp;lo har\u00e1n el&nbsp;<strong>1, 2<\/strong>&nbsp;<strong>en el mismo horario<\/strong>&nbsp;y el&nbsp;<strong>3 de diciembre<\/strong>, a las&nbsp;<strong>23:30 horas<\/strong>.<\/p>\n\n\n\n<p>Adem\u00e1s, el&nbsp;<strong>Canal de las Culturas de M\u00e9xico&nbsp;<\/strong>transmitir\u00e1 tres largometrajes, el primero de ellos,&nbsp;<strong><em>Digna. Hasta el \u00faltimo aliento<\/em>&nbsp;(2004)<\/strong>, dirigida por&nbsp;<strong>Felipe Cazals<\/strong>,quedescribe la vida y obra de la abogada y activista social&nbsp;<strong>Digna Ochoa y Pl\u00e1cido<\/strong>,as\u00ed como su trayectoria por la defensa de los Derechos Humanos y su ajusticiamiento en octubre de 2001 en la Ciudad de M\u00e9xico. Este material se podr\u00e1 disfrutar el jueves 27 de noviembre a las 23:00 horas.<\/p>\n\n\n\n<p>Tambi\u00e9n se estrenar\u00e1n los documentales&nbsp;<strong><em>La \u00faltima carta de Auguste<\/em>&nbsp;<\/strong>dirigido por<strong>&nbsp;X\u00f3chitl Zepeda Blouin<\/strong>&nbsp;y&nbsp;<strong><em>Los rostros de \u00c1gata<\/em>&nbsp;<\/strong>de&nbsp;<strong>Malgorzata Kozera<\/strong>, ambos metrajes formaron parte de la&nbsp;<strong>XX Muestra Internacional de Mujeres en el Cine y la TV.&nbsp;<\/strong>La transmisi\u00f3n de estos materiales se llevar\u00e1 a cabo el&nbsp;<strong>s\u00e1bado 29<\/strong>, a las&nbsp;<strong>23:00 horas.<\/strong><\/p>\n\n\n\n<p>Por \u00faltimo, la programaci\u00f3n especial cerrar\u00e1 el<strong>&nbsp;viernes 5 de diciembre a la medianoche&nbsp;<\/strong>con<strong>&nbsp;<em>La memoria de los cuerpos<\/em><\/strong>, un material que aborda delitos sexuales cometidos en centros de detenci\u00f3n clandestinos durante la dictadura c\u00edvico militar en Argentina en los a\u00f1os setenta.<\/p>\n\n\n\n<p>Todos los contenidos se podr\u00e1n sintonizar a trav\u00e9s del&nbsp;<strong>Canal Veintid\u00f3s<\/strong>&nbsp;por medio de la se\u00f1al&nbsp;<strong>22.1<\/strong>&nbsp;y en&nbsp;<strong><em><u><a rel=\"noreferrer noopener\" target=\"_blank\" href=\"https:\/\/www.canal22.org.mx\/\">streaming<\/a><\/u><\/em><\/strong>a trav\u00e9s del portal de la televisora.<\/p>\n\n\n\n<p>Los mejores contenidos por&nbsp;<strong>Canal Veintid\u00f3s<\/strong>, el&nbsp;<strong>Canal de las Culturas de M\u00e9xico.<\/strong><\/p>\n","protected":false},"excerpt":{"rendered":"<p>&nbsp;SE SUMA A LOS 16 D\u00cdAS DE ACTIVISMO CONTRA LA VIOLENCIA DE G\u00c9NERO Ciudad de M\u00e9xico, a 21 de noviembre de 2025. Como parte de la iniciativa del&nbsp;D\u00eda Internacional de la Eliminaci\u00f3n de la Violencia contra la Mujer&nbsp;y los&nbsp;16 D\u00edas de activismo contra la violencia de g\u00e9nero, desde el 24 de noviembre hasta el 5 [&hellip;]<\/p>\n","protected":false},"author":1,"featured_media":55379,"comment_status":"open","ping_status":"open","sticky":false,"template":"","format":"standard","meta":{"advanced_seo_description":"","jetpack_seo_html_title":"","jetpack_seo_noindex":false,"footnotes":"","jetpack_publicize_message":"","jetpack_is_tweetstorm":false,"jetpack_publicize_feature_enabled":true,"jetpack_social_post_already_shared":true,"jetpack_social_options":{"image_generator_settings":{"template":"highway","enabled":false}}},"categories":[26],"tags":[],"class_list":["post-55378","post","type-post","status-publish","format-standard","has-post-thumbnail","hentry","category-cultura"],"jetpack_publicize_connections":[],"jetpack_featured_media_url":"http:\/\/elcensornoticias.com\/wp-content\/uploads\/2025\/11\/Dia-Internacional-de-la-Eliminacion-de-la-Violencia-contra-las-Mujeres.png","jetpack_likes_enabled":true,"jetpack_sharing_enabled":true,"jetpack_shortlink":"https:\/\/wp.me\/p6xy50-epc","_links":{"self":[{"href":"http:\/\/elcensornoticias.com\/index.php?rest_route=\/wp\/v2\/posts\/55378","targetHints":{"allow":["GET"]}}],"collection":[{"href":"http:\/\/elcensornoticias.com\/index.php?rest_route=\/wp\/v2\/posts"}],"about":[{"href":"http:\/\/elcensornoticias.com\/index.php?rest_route=\/wp\/v2\/types\/post"}],"author":[{"embeddable":true,"href":"http:\/\/elcensornoticias.com\/index.php?rest_route=\/wp\/v2\/users\/1"}],"replies":[{"embeddable":true,"href":"http:\/\/elcensornoticias.com\/index.php?rest_route=%2Fwp%2Fv2%2Fcomments&post=55378"}],"version-history":[{"count":1,"href":"http:\/\/elcensornoticias.com\/index.php?rest_route=\/wp\/v2\/posts\/55378\/revisions"}],"predecessor-version":[{"id":55380,"href":"http:\/\/elcensornoticias.com\/index.php?rest_route=\/wp\/v2\/posts\/55378\/revisions\/55380"}],"wp:featuredmedia":[{"embeddable":true,"href":"http:\/\/elcensornoticias.com\/index.php?rest_route=\/wp\/v2\/media\/55379"}],"wp:attachment":[{"href":"http:\/\/elcensornoticias.com\/index.php?rest_route=%2Fwp%2Fv2%2Fmedia&parent=55378"}],"wp:term":[{"taxonomy":"category","embeddable":true,"href":"http:\/\/elcensornoticias.com\/index.php?rest_route=%2Fwp%2Fv2%2Fcategories&post=55378"},{"taxonomy":"post_tag","embeddable":true,"href":"http:\/\/elcensornoticias.com\/index.php?rest_route=%2Fwp%2Fv2%2Ftags&post=55378"}],"curies":[{"name":"wp","href":"https:\/\/api.w.org\/{rel}","templated":true}]}}