{"id":55215,"date":"2025-11-12T01:02:56","date_gmt":"2025-11-12T01:02:56","guid":{"rendered":"http:\/\/elcensornoticias.com\/?p=55215"},"modified":"2025-11-12T01:02:58","modified_gmt":"2025-11-12T01:02:58","slug":"campamento-artistico-yoltlajtoli-voces-vivas-en-puebla","status":"publish","type":"post","link":"http:\/\/elcensornoticias.com\/?p=55215","title":{"rendered":"CAMPAMENTO ART\u00cdSTICO \u201cYOLTLAJTOLI \u2013 VOCES VIVAS\u201d EN PUEBLA"},"content":{"rendered":"\n<ul class=\"wp-block-list\">\n<li><strong>Ni\u00f1as, ni\u00f1os y j\u00f3venes de los grupos de Cultura Comunitaria se preparan para presentarse el pr\u00f3ximo s\u00e1bado 22 de noviembre de 2025 en el Z\u00f3calo de la Ciudad de M\u00e9xico<\/strong><\/li>\n\n\n\n<li><strong>En el encuentro, en el Centro Vacacional IMSS Atlixco-Metepec, se fomenta la convivencia, el aprendizaje colectivo y el fortalecimiento de la identidad cultural<\/strong><\/li>\n\n\n\n<li><strong>Organizado por la Secretar\u00eda de Cultura del Gobierno de M\u00e9xico, el evento permite un trabajo en conjunto en un ambiente de colaboraci\u00f3n, aprendizaje y alegr\u00eda<\/strong><\/li>\n<\/ul>\n\n\n\n<p>Previo a la presentaci\u00f3n en el Z\u00f3calo capitalino de \u201cYoltlajtoli \u2013 Voces Vivas\u201d \u2013que se realizar\u00e1 el s\u00e1bado 22 de noviembre de 2025\u2013, arranc\u00f3 el campamento art\u00edstico y formativo, en el que ni\u00f1as, ni\u00f1os y j\u00f3venes se re\u00fanen en el Centro Vacacional IMSS Atlixco-Metepec, en Puebla, para trabajar en conjunto&nbsp; en un ambiente de colaboraci\u00f3n, aprendizaje y alegr\u00eda.<\/p>\n\n\n\n<p>Organizado por la Secretar\u00eda de Cultura del Gobierno de M\u00e9xico, a trav\u00e9s de la Direcci\u00f3n General de Vinculaci\u00f3n Cultural (DGVC) y el Sistema Nacional de Fomento Musical (SNFM), en colaboraci\u00f3n con el Instituto Mexicano del Seguro Social (IMSS), el IMSS-Bienestar, el Instituto Nacional de los Pueblos Ind\u00edgenas (INPI), la Comisi\u00f3n Nacional de Salud Mental y Adicciones, as\u00ed como el Gobierno de la Ciudad de M\u00e9xico, el encuentro, en su primera etapa, convoca a noveles artistas de la disciplina en Literatura creativa, Teatro, Lenguas Ind\u00edgenas, Textiles, Danza y Lauder\u00eda para convivir, ensayar y compartir experiencias.<\/p>\n\n\n\n<p>Luego, a partir del 15 de noviembre, el campamento inicia su segunda etapa, en el Centro Vacacional IMSS Oaxtepec, en Morelos, sitio en el que el primer contingente se une a las agrupaciones comunitarias del SNFM, coros y orquestas comunitarias de Faros, Utop\u00edas y Puntos de Innovaci\u00f3n, Libertad, Arte, Educaci\u00f3n y Saberes (PILARES), y los Cuicallis: Casas de canto de la ni\u00f1ez ind\u00edgena, para conformar un contingente de m\u00e1s de mil quinientas personas, infancias y juventudes, provenientes de 26 estados del pa\u00eds.<\/p>\n\n\n\n<p>Al dar la bienvenida, el director general de Vinculaci\u00f3n Cultural de la Secretar\u00eda de Cultura del Gobierno de M\u00e9xico, Diego Ra\u00fal Mart\u00ednez Garc\u00eda, expres\u00f3: \u201cEstamos muy contentos de hacer sinergia entre todas y todos. Tenemos mucha esperanza y una gran energ\u00eda puesta en este proyecto, en el que ustedes podr\u00e1n decirle al mundo, a trav\u00e9s de sus lenguas, c\u00f3mo se sienten\u201d.<\/p>\n\n\n\n<p>En su oportunidad, Abigail, de la disciplina de Textiles y hablante de n\u00e1huatl, destac\u00f3 que, junto a su grupo, confeccion\u00f3 de manera artesanal los trajes con los que se presentar\u00e1n: \u201cSon elaborados con lana de borrego y tintes naturales recolectados en la comunidad\u201d.<\/p>\n\n\n\n<p>Para ella, cada prenda refleja la historia y la identidad de su pueblo, as\u00ed como la importancia de preservar la lengua y las tradiciones que fortalecen sus ra\u00edces: \u201cInvito al p\u00fablico a que nos acompa\u00f1e en el Z\u00f3calo, para que vean nuestras culturas y c\u00f3mo las nuevas generaciones mantenemos vivas nuestras ra\u00edces\u201d.<\/p>\n\n\n\n<p>A su vez, la promotora de Lengua y Cultura, Beatriz Santiago Ortiz, y quien acompa\u00f1a a infancias hablantes de mixteco del comedor \u201cJuan Escutia\u201d, de Tlaxiaco, Oaxaca, destac\u00f3 que la importancia del evento radica \u201cen el rescate de la lengua en las ni\u00f1as y los ni\u00f1os. Va a ser un aprendizaje muy bonito e inolvidable; para varios es la primera vez que salen de su tierra, y espero que se lleven una buena experiencia\u201d.<\/p>\n\n\n\n<p>En el acto tambi\u00e9n estuvieron presentes, por parte de la DGVC, la directora de Promoci\u00f3n, Formaci\u00f3n y Desarrollo, Yesenia Ram\u00edrez Rafael y la directora de Vinculaci\u00f3n con Estados y Municipios, Ximena Monterde Corona. Tambi\u00e9n, el investigador especializado de Culturas Populares, Rolando L\u00f3pez Morales, y por parte de la Direcci\u00f3n de operaciones de las casas y comedores del Programa de Apoyo a la Educaci\u00f3n Ind\u00edgena, Leonora Xanath G\u00f3mez Aceves.<\/p>\n\n\n\n<p>Es gracias al apoyo del IMSS que los centros vacacionales Atlixco-Metepec y Oaxtepec se convierten en escenarios de encuentro y trabajo colectivo, en los que las infancias y juventudes participantes desarrollan din\u00e1micas de integraci\u00f3n, expresi\u00f3n esc\u00e9nica y preparaci\u00f3n art\u00edstica.<\/p>\n\n\n\n<p>Las jornadas fortalecen la confianza, la empat\u00eda y el sentido de pertenencia, eje fundamental de la Secretar\u00eda de Cultura del Gobierno de M\u00e9xico y del programa Cultura Comunitaria.<\/p>\n\n\n\n<p><strong>22 de noviembre, cita en el Z\u00f3calo de la Ciudad de M\u00e9xico<\/strong><\/p>\n\n\n\n<p>La Fiesta de Culturas Comunitarias 2025 \u201cYoltlajtoli \u2013 Voces Vivas\u201d forma parte del eje Atenci\u00f3n a las Causas y, a la par, celebra la diversidad ling\u00fc\u00edstica y cultural de M\u00e9xico a trav\u00e9s de la voz y creatividad de sus participantes, entre quienes se encuentran hablantes de lenguas como amuzgo (Nn\u2019anncue), chichimeco jonaz (Uz\u00e1), mazahua (J\u00f1atrjo), mixteco (Na Savi\/\u00d1uu Saavi), nahua, otom\u00ed, popoluca de la Sierra, tarahumara (Rar\u00e1muri\/Ralamuli), tepehuano del norte (O\u2019dame), tepehuano del sur (O\u2019dam) y tlapaneco (Me\u2019phaa).<\/p>\n\n\n\n<p>Para el encuentro, las y los integrantes de Cultura Comunitaria trabajar\u00e1n de manera colectiva con equipos de la DGVC, SNFM e INPI para generar los textos, composiciones, escenas y selecci\u00f3n musical de la puesta en escena. Cada participante portar\u00e1 su indumentaria tradicional, s\u00edmbolo de identidad y pertenencia. Los colores, bordados y tejidos dar\u00e1n vida a un tapiz humano, reflejo de la pluralidad cultural del pa\u00eds.<\/p>\n\n\n\n<p>El montaje esc\u00e9nico se inspira en el \u00e1rbol de la Ceiba, que, en distintas culturas mesoamericanas \u2013como la maya y la nahua\u2013 se considera enlaza los tres planos del universo en su ra\u00edz, tronco y fronda. Durante el montaje ocurrir\u00e1n tres momentos esc\u00e9nicos: la ra\u00edz ser\u00e1 un v\u00ednculo con los ancestros y las lenguas ind\u00edgenas; el tronco, reflejo del mundo terrenal y los retos de la convivencia, y la fronda, la voz viva de quienes resguardan la naturaleza.<\/p>\n\n\n\n<p>Cada encuentro, ensayo e interpretaci\u00f3n son parte de un proceso art\u00edstico que entrelaza tradiciones, saberes y emociones, y que florece en el Z\u00f3calo de la Ciudad de M\u00e9xico el pr\u00f3ximo s\u00e1bado 22 de noviembre de 2025 como s\u00edmbolo de unidad, memoria y esperanza.<\/p>\n","protected":false},"excerpt":{"rendered":"<p>Previo a la presentaci\u00f3n en el Z\u00f3calo capitalino de \u201cYoltlajtoli \u2013 Voces Vivas\u201d \u2013que se realizar\u00e1 el s\u00e1bado 22 de noviembre de 2025\u2013, arranc\u00f3 el campamento art\u00edstico y formativo, en el que ni\u00f1as, ni\u00f1os y j\u00f3venes se re\u00fanen en el Centro Vacacional IMSS Atlixco-Metepec, en Puebla, para trabajar en conjunto&nbsp; en un ambiente de colaboraci\u00f3n, [&hellip;]<\/p>\n","protected":false},"author":1,"featured_media":55216,"comment_status":"open","ping_status":"open","sticky":false,"template":"","format":"standard","meta":{"advanced_seo_description":"","jetpack_seo_html_title":"","jetpack_seo_noindex":false,"footnotes":"","jetpack_publicize_message":"","jetpack_is_tweetstorm":false,"jetpack_publicize_feature_enabled":true,"jetpack_social_post_already_shared":true,"jetpack_social_options":{"image_generator_settings":{"template":"highway","enabled":false}}},"categories":[26],"tags":[],"class_list":["post-55215","post","type-post","status-publish","format-standard","has-post-thumbnail","hentry","category-cultura"],"jetpack_publicize_connections":[],"jetpack_featured_media_url":"http:\/\/elcensornoticias.com\/wp-content\/uploads\/2025\/11\/Campamento_Atlixco_7.jpeg","jetpack_likes_enabled":true,"jetpack_sharing_enabled":true,"jetpack_shortlink":"https:\/\/wp.me\/p6xy50-emz","_links":{"self":[{"href":"http:\/\/elcensornoticias.com\/index.php?rest_route=\/wp\/v2\/posts\/55215","targetHints":{"allow":["GET"]}}],"collection":[{"href":"http:\/\/elcensornoticias.com\/index.php?rest_route=\/wp\/v2\/posts"}],"about":[{"href":"http:\/\/elcensornoticias.com\/index.php?rest_route=\/wp\/v2\/types\/post"}],"author":[{"embeddable":true,"href":"http:\/\/elcensornoticias.com\/index.php?rest_route=\/wp\/v2\/users\/1"}],"replies":[{"embeddable":true,"href":"http:\/\/elcensornoticias.com\/index.php?rest_route=%2Fwp%2Fv2%2Fcomments&post=55215"}],"version-history":[{"count":1,"href":"http:\/\/elcensornoticias.com\/index.php?rest_route=\/wp\/v2\/posts\/55215\/revisions"}],"predecessor-version":[{"id":55217,"href":"http:\/\/elcensornoticias.com\/index.php?rest_route=\/wp\/v2\/posts\/55215\/revisions\/55217"}],"wp:featuredmedia":[{"embeddable":true,"href":"http:\/\/elcensornoticias.com\/index.php?rest_route=\/wp\/v2\/media\/55216"}],"wp:attachment":[{"href":"http:\/\/elcensornoticias.com\/index.php?rest_route=%2Fwp%2Fv2%2Fmedia&parent=55215"}],"wp:term":[{"taxonomy":"category","embeddable":true,"href":"http:\/\/elcensornoticias.com\/index.php?rest_route=%2Fwp%2Fv2%2Fcategories&post=55215"},{"taxonomy":"post_tag","embeddable":true,"href":"http:\/\/elcensornoticias.com\/index.php?rest_route=%2Fwp%2Fv2%2Ftags&post=55215"}],"curies":[{"name":"wp","href":"https:\/\/api.w.org\/{rel}","templated":true}]}}