{"id":55205,"date":"2025-11-12T00:08:21","date_gmt":"2025-11-12T00:08:21","guid":{"rendered":"http:\/\/elcensornoticias.com\/?p=55205"},"modified":"2025-11-12T00:08:35","modified_gmt":"2025-11-12T00:08:35","slug":"estudiantes-de-la-uatx-comparten-experiencias-de-superacion-academica","status":"publish","type":"post","link":"http:\/\/elcensornoticias.com\/?p=55205","title":{"rendered":"Estudiantes de la UATx comparten\u00a0experiencias de superaci\u00f3n acad\u00e9mica"},"content":{"rendered":"\n<p>Rector se reuni\u00f3 con educandos que realizaron estancias dentro y fuera del pa\u00eds<\/p>\n\n\n\n<p>Estudiantes de la Universidad Aut\u00f3noma de Tlaxcala (UATx) compartieron sus experiencias de movilidad acad\u00e9mica y vivencias de interculturalidad en el \u201cForo: Testimonios de internacionalizaci\u00f3n e interculturalidad\u201d, del Ciclo Primavera 2025, en el que expresaron su agradecimiento a la Instituci\u00f3n por brindarles la oportunidad de ampliar su visi\u00f3n profesional y fortalecer su formaci\u00f3n integral.<\/p>\n\n\n\n<p>Por invitaci\u00f3n de la Coordinaci\u00f3n de Enlace Internacional, Vinculaci\u00f3n e Intercambio Acad\u00e9mico (CEIVIA), el Doctor Seraf\u00edn Ortiz Ortiz, Rector de la UATx, presidi\u00f3 la ceremonia inaugural del Foro que reuni\u00f3 a 54 alumnos y egresados de las diferentes facultades y de la Unidad Acad\u00e9mica Multidisciplinaria Campus Calpulalpan en el Auditorio de Intercambio y Movilidad de la Infoteca Central.<\/p>\n\n\n\n<p>El Doctor Seraf\u00edn Ortiz expres\u00f3 que salir a conocer otras culturas y otras sociedades, permite dimensionar la imaginaci\u00f3n, porque esa experiencia puede motivar a otros educandos. Agreg\u00f3 que a \u00e9l le gustar\u00eda que una cantidad importante de estudiantes tuviera la posibilidad de salir de su entorno y conocer otras latitudes, el comportamiento humano y otras sociedades, para comparar formas de vida y de ense\u00f1anza educativa.<\/p>\n\n\n\n<p>Adem\u00e1s, subray\u00f3 que hoy en d\u00eda se vive una di\u00e1spora intelectual, porque desde Tlaxcala queremos construir un escenario de educaci\u00f3n superior de excelencia, y prueba de ello es el Modelo Humanista Integrador basado en Capacidades, que ha recorrido los espacios m\u00e1s importantes del pa\u00eds y del mundo.<\/p>\n\n\n\n<p>Convoc\u00f3 a los embajadores estudiantiles de la UATx para que motiven a sus hom\u00f3logos a salir de la entidad y tambi\u00e9n tengan una perspectiva diferente de su ejercicio profesional como ahora los tienen ellos, al constatar que se abren expectativas para escenarios de mayor crecimiento.<\/p>\n\n\n\n<p>Por su parte, el Maestro Antonio Durante Murillo, titular de la CEIVIA, expuso que el objetivo del foro es conocer&nbsp;<a>las experiencias significativas de vida, de superaci\u00f3n acad\u00e9mica y personal&nbsp;<\/a>en cada una de las Instituciones de Educaci\u00f3n Superior (IES) que los recibi\u00f3. Inform\u00f3 que como resultado de la automatizaci\u00f3n del proceso de movilidad en el Sistema Integral de Informaci\u00f3n Administrativa, el n\u00famero de estudiantes embajadores se triplic\u00f3.<\/p>\n\n\n\n<p>Precis\u00f3 que la generaci\u00f3n primavera 2025 se conform\u00f3 por 63 estudiantes, de los cuales 46 realizaron movilidad nacional&nbsp; en nueve estados de la rep\u00fablica, y 17 hicieron intercambio internacional en los pa\u00edses de Argentina, Espa\u00f1a, Colombia, Brasil y Per\u00fa.<\/p>\n\n\n\n<p>Indic\u00f3 que al incorporarse la UATx a programas de cooperaci\u00f3n acad\u00e9mica de reciprocidad como el PILA, PAME Y PROCAI, en este periodo la delegaci\u00f3n de embajadores estuvo integrada por estudiantes de nueve facultades y dos unidades acad\u00e9micas multidisciplinarias, quienes eligieron realizar su movilidad en el \u00e1mbito nacional en las diez mejores IES del pa\u00eds y en las nueve de nivel internacional. Insisti\u00f3 en que la movilidad permite estrechar lazos de hermandad, es un excelente medio para fortalecer los lazos familiares y elevar el desarrollo emocional y profesional de nuestros estudiantes.<\/p>\n\n\n\n<p>A su vez,&nbsp;Aldr\u00edn Le\u00f3n Zenteno,&nbsp;de la Facultad de Derecho, Ciencias Pol\u00edticas y Criminolog\u00eda, quien realiz\u00f3 movilidad en la Universidad Nacional Aut\u00f3noma de M\u00e9xico,&nbsp;y Guadalupe Garc\u00eda Vivas, de&nbsp;la Facultad de Agrobiolog\u00eda, quien tuvo una estancia en la Universidad de Guadalajara en oto\u00f1o 2023 y en la Universidad Aut\u00f3noma de Baja California Sur en 2025, coincidieron en mencionar que durante su formaci\u00f3n tuvieron a los mejores profesores y ello les ha permitido mejorar su desempe\u00f1o, porque esta oportunidad ampli\u00f3 su panorama para&nbsp; trabajar su proyecto de tesis y enriquecerlo con dichas estancias.<\/p>\n\n\n\n<p>En el \u00e1mbito internacional, Yenny Lizbeth Mendieta Quiroz, de la Facultad de Dise\u00f1o, Arte y Arquitectura, quien particip\u00f3 en intercambio acad\u00e9mico de dos semestres consecutivos en la Universidad ECCI de Colombia, en 2024 y primavera 2025, y Frida P\u00e9rez Jim\u00e9nez, de la Facultad de Derecho, Ciencias Pol\u00edticas y Criminolog\u00eda, con estancia en la Universidad Castilla La Mancha de Espa\u00f1a, &nbsp;en primavera 2025,&nbsp;agradecieron a la UATx y a su Rector la oportunidad de ampliar su perspectiva profesional y poner en pr\u00e1ctica los conocimientos y herramientas que le ha dado esta&nbsp;<em>alma mater<\/em>.<\/p>\n","protected":false},"excerpt":{"rendered":"<p>Rector se reuni\u00f3 con educandos que realizaron estancias dentro y fuera del pa\u00eds Estudiantes de la Universidad Aut\u00f3noma de Tlaxcala (UATx) compartieron sus experiencias de movilidad acad\u00e9mica y vivencias de interculturalidad en el \u201cForo: Testimonios de internacionalizaci\u00f3n e interculturalidad\u201d, del Ciclo Primavera 2025, en el que expresaron su agradecimiento a la Instituci\u00f3n por brindarles la [&hellip;]<\/p>\n","protected":false},"author":1,"featured_media":55206,"comment_status":"open","ping_status":"open","sticky":false,"template":"","format":"standard","meta":{"advanced_seo_description":"","jetpack_seo_html_title":"","jetpack_seo_noindex":false,"footnotes":"","jetpack_publicize_message":"","jetpack_is_tweetstorm":false,"jetpack_publicize_feature_enabled":true,"jetpack_social_post_already_shared":true,"jetpack_social_options":{"image_generator_settings":{"template":"highway","enabled":false}}},"categories":[2,28],"tags":[],"class_list":["post-55205","post","type-post","status-publish","format-standard","has-post-thumbnail","hentry","category-destacadas","category-educacion"],"jetpack_publicize_connections":[],"jetpack_featured_media_url":"http:\/\/elcensornoticias.com\/wp-content\/uploads\/2025\/11\/11-Estudiantes-comparten-significativas-experiencias-de-superacion.jpeg","jetpack_likes_enabled":true,"jetpack_sharing_enabled":true,"jetpack_shortlink":"https:\/\/wp.me\/p6xy50-emp","_links":{"self":[{"href":"http:\/\/elcensornoticias.com\/index.php?rest_route=\/wp\/v2\/posts\/55205","targetHints":{"allow":["GET"]}}],"collection":[{"href":"http:\/\/elcensornoticias.com\/index.php?rest_route=\/wp\/v2\/posts"}],"about":[{"href":"http:\/\/elcensornoticias.com\/index.php?rest_route=\/wp\/v2\/types\/post"}],"author":[{"embeddable":true,"href":"http:\/\/elcensornoticias.com\/index.php?rest_route=\/wp\/v2\/users\/1"}],"replies":[{"embeddable":true,"href":"http:\/\/elcensornoticias.com\/index.php?rest_route=%2Fwp%2Fv2%2Fcomments&post=55205"}],"version-history":[{"count":1,"href":"http:\/\/elcensornoticias.com\/index.php?rest_route=\/wp\/v2\/posts\/55205\/revisions"}],"predecessor-version":[{"id":55207,"href":"http:\/\/elcensornoticias.com\/index.php?rest_route=\/wp\/v2\/posts\/55205\/revisions\/55207"}],"wp:featuredmedia":[{"embeddable":true,"href":"http:\/\/elcensornoticias.com\/index.php?rest_route=\/wp\/v2\/media\/55206"}],"wp:attachment":[{"href":"http:\/\/elcensornoticias.com\/index.php?rest_route=%2Fwp%2Fv2%2Fmedia&parent=55205"}],"wp:term":[{"taxonomy":"category","embeddable":true,"href":"http:\/\/elcensornoticias.com\/index.php?rest_route=%2Fwp%2Fv2%2Fcategories&post=55205"},{"taxonomy":"post_tag","embeddable":true,"href":"http:\/\/elcensornoticias.com\/index.php?rest_route=%2Fwp%2Fv2%2Ftags&post=55205"}],"curies":[{"name":"wp","href":"https:\/\/api.w.org\/{rel}","templated":true}]}}