{"id":55202,"date":"2025-11-12T00:05:17","date_gmt":"2025-11-12T00:05:17","guid":{"rendered":"http:\/\/elcensornoticias.com\/?p=55202"},"modified":"2025-11-12T00:05:20","modified_gmt":"2025-11-12T00:05:20","slug":"uatx-e-ilce-promueven-educacion-comunicacion-y-cultura","status":"publish","type":"post","link":"http:\/\/elcensornoticias.com\/?p=55202","title":{"rendered":"UATx e ILCE promueven educaci\u00f3n, comunicaci\u00f3n y cultura"},"content":{"rendered":"\n<p>El Doctor Seraf\u00edn Ortiz Ortiz, Rector de la&nbsp; Universidad Aut\u00f3noma de Tlaxcala (UATx) y el Maestro Ismael Carvallo Robledo, Director General del Instituto Latinoamericano de la Comunicaci\u00f3n Educativa (ILCE), formalizaron un Acuerdo Marco de Colaboraci\u00f3n para implementar actividades conjuntas en los \u00e1mbitos de la investigaci\u00f3n, la formaci\u00f3n profesional, la producci\u00f3n y la difusi\u00f3n educativa y cultural.<br><br>La concreci\u00f3n de esta nueva alianza tuvo lugar en&nbsp; el&nbsp; marco del Seminario de Cultura Mexicana, al que fue invitado como comentarista el Doctor Ortiz Ortiz. Durante el acto protocolario ambos directivos subrayaron la trascendencia de afianzar la colaboraci\u00f3n institucional en la ruta que impulsa la innovaci\u00f3n educativa, la cooperaci\u00f3n acad\u00e9mica y la comunicaci\u00f3n cultural en M\u00e9xico y Am\u00e9rica Latina.<br><br>De acuerdo a la informaci\u00f3n que dio a conocer el ILCE, la colaboraci\u00f3n entre la UATx y el ILCE considera trabajos conjuntos en \u201cinvestigaci\u00f3n, experimentaci\u00f3n, producci\u00f3n, distribuci\u00f3n y coproducci\u00f3n de materiales educativos y audiovisuales, y programas de formaci\u00f3n profesional y capacitaci\u00f3n en modalidad presencial o a distancia\u201d.<\/p>\n\n\n\n<p>De igual forma, se contempla la realizaci\u00f3n de transmisiones, producciones conjuntas e intercambio de acervos audiovisuales, para promover el acceso equitativo al conocimiento y fortalecer los v\u00ednculos entre instituciones educativas.<\/p>\n\n\n\n<p>Con br\u00edos renovados, el ILCE y la UATx afianzan su compromiso para llevar a cabo proyectos interdisciplinarios, la innovaci\u00f3n pedag\u00f3gica y la difusi\u00f3n cultural, con un elevado compromiso para vigorizar una educaci\u00f3n m\u00e1s inclusiva, cr\u00edtica y humanista.<\/p>\n","protected":false},"excerpt":{"rendered":"<p>El Doctor Seraf\u00edn Ortiz Ortiz, Rector de la&nbsp; Universidad Aut\u00f3noma de Tlaxcala (UATx) y el Maestro Ismael Carvallo Robledo, Director General del Instituto Latinoamericano de la Comunicaci\u00f3n Educativa (ILCE), formalizaron un Acuerdo Marco de Colaboraci\u00f3n para implementar actividades conjuntas en los \u00e1mbitos de la investigaci\u00f3n, la formaci\u00f3n profesional, la producci\u00f3n y la difusi\u00f3n educativa y [&hellip;]<\/p>\n","protected":false},"author":1,"featured_media":55203,"comment_status":"open","ping_status":"open","sticky":false,"template":"","format":"standard","meta":{"advanced_seo_description":"","jetpack_seo_html_title":"","jetpack_seo_noindex":false,"footnotes":"","jetpack_publicize_message":"","jetpack_is_tweetstorm":false,"jetpack_publicize_feature_enabled":true,"jetpack_social_post_already_shared":true,"jetpack_social_options":{"image_generator_settings":{"template":"highway","enabled":false}}},"categories":[2,28],"tags":[],"class_list":["post-55202","post","type-post","status-publish","format-standard","has-post-thumbnail","hentry","category-destacadas","category-educacion"],"jetpack_publicize_connections":[],"jetpack_featured_media_url":"http:\/\/elcensornoticias.com\/wp-content\/uploads\/2025\/11\/11-UATx-e-ILCE-unen-esfuerzos-para-promover-educacion-comunicacion-y-cultura-2.jpeg","jetpack_likes_enabled":true,"jetpack_sharing_enabled":true,"jetpack_shortlink":"https:\/\/wp.me\/p6xy50-emm","_links":{"self":[{"href":"http:\/\/elcensornoticias.com\/index.php?rest_route=\/wp\/v2\/posts\/55202","targetHints":{"allow":["GET"]}}],"collection":[{"href":"http:\/\/elcensornoticias.com\/index.php?rest_route=\/wp\/v2\/posts"}],"about":[{"href":"http:\/\/elcensornoticias.com\/index.php?rest_route=\/wp\/v2\/types\/post"}],"author":[{"embeddable":true,"href":"http:\/\/elcensornoticias.com\/index.php?rest_route=\/wp\/v2\/users\/1"}],"replies":[{"embeddable":true,"href":"http:\/\/elcensornoticias.com\/index.php?rest_route=%2Fwp%2Fv2%2Fcomments&post=55202"}],"version-history":[{"count":1,"href":"http:\/\/elcensornoticias.com\/index.php?rest_route=\/wp\/v2\/posts\/55202\/revisions"}],"predecessor-version":[{"id":55204,"href":"http:\/\/elcensornoticias.com\/index.php?rest_route=\/wp\/v2\/posts\/55202\/revisions\/55204"}],"wp:featuredmedia":[{"embeddable":true,"href":"http:\/\/elcensornoticias.com\/index.php?rest_route=\/wp\/v2\/media\/55203"}],"wp:attachment":[{"href":"http:\/\/elcensornoticias.com\/index.php?rest_route=%2Fwp%2Fv2%2Fmedia&parent=55202"}],"wp:term":[{"taxonomy":"category","embeddable":true,"href":"http:\/\/elcensornoticias.com\/index.php?rest_route=%2Fwp%2Fv2%2Fcategories&post=55202"},{"taxonomy":"post_tag","embeddable":true,"href":"http:\/\/elcensornoticias.com\/index.php?rest_route=%2Fwp%2Fv2%2Ftags&post=55202"}],"curies":[{"name":"wp","href":"https:\/\/api.w.org\/{rel}","templated":true}]}}