{"id":55193,"date":"2025-11-11T23:57:45","date_gmt":"2025-11-11T23:57:45","guid":{"rendered":"http:\/\/elcensornoticias.com\/?p=55193"},"modified":"2025-11-11T23:57:55","modified_gmt":"2025-11-11T23:57:55","slug":"segundo-concurso-de-gateo-de-tlaxcala-la-feria-de-ferias-2025","status":"publish","type":"post","link":"http:\/\/elcensornoticias.com\/?p=55193","title":{"rendered":"SEGUNDO CONCURSO DE GATEO DE \u201cTLAXCALA, LA FERIA DE FERIAS 2025\u201d"},"content":{"rendered":"\n<p>El certamen se ha consolidado como un momento de uni\u00f3n y risas que celebra la etapa m\u00e1s tierna de la infancia.<\/p>\n\n\n\n<p>El Centro de Convenciones se llen\u00f3 de sonrisas, aplausos y ternura con el Segundo Concurso de Gateo, una de las actividades recreativas del programa de \u201cTlaxcala, la Feria de Ferias 2025\u201d, que reuni\u00f3 a decenas de familias tlaxcaltecas.<\/p>\n\n\n\n<p>Con edades de entre 8 meses y un a\u00f1o, las y los infantes competidores demostraron su velocidad y entusiasmo en una pista especialmente dise\u00f1ada, mientras sus padres los animaban desde la meta entre risas y gritos de emoci\u00f3n.<\/p>\n\n\n\n<p>La presidenta ejecutiva del Patronato para las Exposiciones y Ferias en la Ciudad de Tlaxcala, Rosa Elena Nava M\u00e9ndez, destac\u00f3 la gran participaci\u00f3n y el ambiente familiar que caracteriza al evento.<\/p>\n\n\n\n<p>\u201cEstamos muy contentos de ver la energ\u00eda y la alegr\u00eda de las familias tlaxcaltecas. El Concurso de Gateo se ha consolidado como un momento de uni\u00f3n y risas en nuestra Feria, celebrando la etapa m\u00e1s tierna de la infancia\u201d, se\u00f1al\u00f3.<\/p>\n\n\n\n<p>Tras una divertida competencia, los ganadores de la categor\u00eda de 8 a 10 meses fueron Leonardo Sarmiento, Ana Julieta Leal y Ana Julieta Hern\u00e1ndez.<\/p>\n\n\n\n<p>En la categor\u00eda de 10 meses con un d\u00eda a un a\u00f1o, los triunfadores fueron Aim\u00e9 Barrada Hern\u00e1ndez, Mart\u00edn Casta\u00f1eda e Ian Gonz\u00e1lez Galindo. Los tres primeros lugares de cada grupo recibieron premios en efectivo.<\/p>\n\n\n\n<p>El Patronato agradeci\u00f3 la entusiasta participaci\u00f3n de los beb\u00e9s y sus familias, e invit\u00f3 a seguir disfrutando de las actividades culturales, art\u00edsticas y recreativas que la Feria ofrecer\u00e1 hasta el 17 de noviembre.<\/p>\n\n\n\n<p>El p\u00fablico puede consultar el programa completo de actividades en las redes sociales oficiales \u2014Facebook, TikTok e Instagram\u2014 como @TlaxcalaLaFeriaDeFerias2025, o comunicarse al 246 123 96 45.<\/p>\n","protected":false},"excerpt":{"rendered":"<p>El certamen se ha consolidado como un momento de uni\u00f3n y risas que celebra la etapa m\u00e1s tierna de la infancia. El Centro de Convenciones se llen\u00f3 de sonrisas, aplausos y ternura con el Segundo Concurso de Gateo, una de las actividades recreativas del programa de \u201cTlaxcala, la Feria de Ferias 2025\u201d, que reuni\u00f3 a [&hellip;]<\/p>\n","protected":false},"author":1,"featured_media":55194,"comment_status":"open","ping_status":"open","sticky":false,"template":"","format":"standard","meta":{"advanced_seo_description":"","jetpack_seo_html_title":"","jetpack_seo_noindex":false,"footnotes":"","jetpack_publicize_message":"","jetpack_is_tweetstorm":false,"jetpack_publicize_feature_enabled":true,"jetpack_social_post_already_shared":true,"jetpack_social_options":{"image_generator_settings":{"template":"highway","enabled":false}}},"categories":[2,3],"tags":[],"class_list":["post-55193","post","type-post","status-publish","format-standard","has-post-thumbnail","hentry","category-destacadas","category-gobierno"],"jetpack_publicize_connections":[],"jetpack_featured_media_url":"http:\/\/elcensornoticias.com\/wp-content\/uploads\/2025\/11\/IMG-20251111-WA0012.jpg","jetpack_likes_enabled":true,"jetpack_sharing_enabled":true,"jetpack_shortlink":"https:\/\/wp.me\/p6xy50-emd","_links":{"self":[{"href":"http:\/\/elcensornoticias.com\/index.php?rest_route=\/wp\/v2\/posts\/55193","targetHints":{"allow":["GET"]}}],"collection":[{"href":"http:\/\/elcensornoticias.com\/index.php?rest_route=\/wp\/v2\/posts"}],"about":[{"href":"http:\/\/elcensornoticias.com\/index.php?rest_route=\/wp\/v2\/types\/post"}],"author":[{"embeddable":true,"href":"http:\/\/elcensornoticias.com\/index.php?rest_route=\/wp\/v2\/users\/1"}],"replies":[{"embeddable":true,"href":"http:\/\/elcensornoticias.com\/index.php?rest_route=%2Fwp%2Fv2%2Fcomments&post=55193"}],"version-history":[{"count":1,"href":"http:\/\/elcensornoticias.com\/index.php?rest_route=\/wp\/v2\/posts\/55193\/revisions"}],"predecessor-version":[{"id":55195,"href":"http:\/\/elcensornoticias.com\/index.php?rest_route=\/wp\/v2\/posts\/55193\/revisions\/55195"}],"wp:featuredmedia":[{"embeddable":true,"href":"http:\/\/elcensornoticias.com\/index.php?rest_route=\/wp\/v2\/media\/55194"}],"wp:attachment":[{"href":"http:\/\/elcensornoticias.com\/index.php?rest_route=%2Fwp%2Fv2%2Fmedia&parent=55193"}],"wp:term":[{"taxonomy":"category","embeddable":true,"href":"http:\/\/elcensornoticias.com\/index.php?rest_route=%2Fwp%2Fv2%2Fcategories&post=55193"},{"taxonomy":"post_tag","embeddable":true,"href":"http:\/\/elcensornoticias.com\/index.php?rest_route=%2Fwp%2Fv2%2Ftags&post=55193"}],"curies":[{"name":"wp","href":"https:\/\/api.w.org\/{rel}","templated":true}]}}