{"id":55187,"date":"2025-11-11T23:37:00","date_gmt":"2025-11-11T23:37:00","guid":{"rendered":"http:\/\/elcensornoticias.com\/?p=55187"},"modified":"2025-11-11T23:37:01","modified_gmt":"2025-11-11T23:37:01","slug":"huamantla-sera-capital-de-tlaxcala-el-proximo-16-de-noviembre","status":"publish","type":"post","link":"http:\/\/elcensornoticias.com\/?p=55187","title":{"rendered":"Huamantla ser\u00e1 Capital de Tlaxcala el pr\u00f3ximo 16 de noviembre"},"content":{"rendered":"\n<p>El Pleno del Congreso del Estado aval\u00f3 este d\u00eda el Decreto mediante el cual se declara a la Ciudad de Huamantla como Capital del Estado de Tlaxcala por un d\u00eda, el 16 de noviembre de 2025, en conmemoraci\u00f3n de la hist\u00f3rica Batalla de Tecoac. La decisi\u00f3n fue respaldada despu\u00e9s de que la Comisi\u00f3n de Puntos Constitucionales, Gobernaci\u00f3n, Justicia y Asuntos Pol\u00edticos aprob\u00f3 previamente el dictamen correspondiente, presentado por el diputado Miguel \u00c1ngel Caballero Yonca.<\/p>\n\n\n\n<p>Con esta determinaci\u00f3n, los tres Poderes del Estado: Ejecutivo, Legislativo y Judicial deber\u00e1n trasladar sus actividades y funciones a Huamantla durante esa fecha, lo que convertir\u00e1 al municipio en el centro pol\u00edtico y administrativo de Tlaxcala por un d\u00eda. Este traslado implica que las sesiones, trabajos y actos oficiales se desarrollar\u00e1n en la sede alterna, cumpliendo as\u00ed con la solemnidad del acto c\u00edvico que establece la legislaci\u00f3n estatal. Para ello, el Sal\u00f3n de Cabildo del Palacio Municipal de Huamantla, o el espacio que determine el Ayuntamiento, ser\u00e1 considerado recinto oficial del Poder Legislativo.<\/p>\n\n\n\n<p>Cabe recordar que desde 2021, mediante el Decreto 359 aprobado por la LXIII Legislatura, se determin\u00f3 que cada 16 de noviembre los Poderes del Estado deben trasladarse a Huamantla para conmemorar la Batalla de Tecoac, ocurrida en 1876. Sin embargo, dicho acto debe refrendarse anualmente mediante la aprobaci\u00f3n del decreto correspondiente, raz\u00f3n por la cual la LXV Legislatura formaliz\u00f3 nuevamente este mandato para el pr\u00f3ximo 2025.<\/p>\n\n\n\n<p>Con este aval, el Congreso del Estado garantiza la continuidad de una tradici\u00f3n c\u00edvica que reconoce la importancia hist\u00f3rica de Huamantla en la conformaci\u00f3n pol\u00edtica de M\u00e9xico y fortalece la memoria colectiva sobre uno de los episodios m\u00e1s decisivos del siglo XIX.<\/p>\n","protected":false},"excerpt":{"rendered":"<p>El Pleno del Congreso del Estado aval\u00f3 este d\u00eda el Decreto mediante el cual se declara a la Ciudad de Huamantla como Capital del Estado de Tlaxcala por un d\u00eda, el 16 de noviembre de 2025, en conmemoraci\u00f3n de la hist\u00f3rica Batalla de Tecoac. La decisi\u00f3n fue respaldada despu\u00e9s de que la Comisi\u00f3n de Puntos [&hellip;]<\/p>\n","protected":false},"author":1,"featured_media":55188,"comment_status":"open","ping_status":"open","sticky":false,"template":"","format":"standard","meta":{"advanced_seo_description":"","jetpack_seo_html_title":"","jetpack_seo_noindex":false,"footnotes":"","jetpack_publicize_message":"","jetpack_is_tweetstorm":false,"jetpack_publicize_feature_enabled":true,"jetpack_social_post_already_shared":true,"jetpack_social_options":{"image_generator_settings":{"template":"highway","enabled":false}}},"categories":[5,27],"tags":[],"class_list":["post-55187","post","type-post","status-publish","format-standard","has-post-thumbnail","hentry","category-carrucel","category-congreso"],"jetpack_publicize_connections":[],"jetpack_featured_media_url":"http:\/\/elcensornoticias.com\/wp-content\/uploads\/2025\/11\/0c5bd326-ed6b-4264-8135-555f188dab00.jpg","jetpack_likes_enabled":true,"jetpack_sharing_enabled":true,"jetpack_shortlink":"https:\/\/wp.me\/p6xy50-em7","_links":{"self":[{"href":"http:\/\/elcensornoticias.com\/index.php?rest_route=\/wp\/v2\/posts\/55187","targetHints":{"allow":["GET"]}}],"collection":[{"href":"http:\/\/elcensornoticias.com\/index.php?rest_route=\/wp\/v2\/posts"}],"about":[{"href":"http:\/\/elcensornoticias.com\/index.php?rest_route=\/wp\/v2\/types\/post"}],"author":[{"embeddable":true,"href":"http:\/\/elcensornoticias.com\/index.php?rest_route=\/wp\/v2\/users\/1"}],"replies":[{"embeddable":true,"href":"http:\/\/elcensornoticias.com\/index.php?rest_route=%2Fwp%2Fv2%2Fcomments&post=55187"}],"version-history":[{"count":1,"href":"http:\/\/elcensornoticias.com\/index.php?rest_route=\/wp\/v2\/posts\/55187\/revisions"}],"predecessor-version":[{"id":55189,"href":"http:\/\/elcensornoticias.com\/index.php?rest_route=\/wp\/v2\/posts\/55187\/revisions\/55189"}],"wp:featuredmedia":[{"embeddable":true,"href":"http:\/\/elcensornoticias.com\/index.php?rest_route=\/wp\/v2\/media\/55188"}],"wp:attachment":[{"href":"http:\/\/elcensornoticias.com\/index.php?rest_route=%2Fwp%2Fv2%2Fmedia&parent=55187"}],"wp:term":[{"taxonomy":"category","embeddable":true,"href":"http:\/\/elcensornoticias.com\/index.php?rest_route=%2Fwp%2Fv2%2Fcategories&post=55187"},{"taxonomy":"post_tag","embeddable":true,"href":"http:\/\/elcensornoticias.com\/index.php?rest_route=%2Fwp%2Fv2%2Ftags&post=55187"}],"curies":[{"name":"wp","href":"https:\/\/api.w.org\/{rel}","templated":true}]}}