{"id":55167,"date":"2025-11-11T23:16:49","date_gmt":"2025-11-11T23:16:49","guid":{"rendered":"http:\/\/elcensornoticias.com\/?p=55167"},"modified":"2025-11-11T23:16:52","modified_gmt":"2025-11-11T23:16:52","slug":"sexta-feria-profesiografica-de-la-uatx","status":"publish","type":"post","link":"http:\/\/elcensornoticias.com\/?p=55167","title":{"rendered":"Sexta Feria Profesiogr\u00e1fica de la UATx"},"content":{"rendered":"\n<p>Se ofreci\u00f3 orientaci\u00f3n sobre 28 licenciaturas a los aspirantes que buscan ingresar en el periodo Primavera 2026<\/p>\n\n\n\n<p>La&nbsp;\ud835\udc12\ud835\udc1e\ud835\udc31\ud835\udc2d\ud835\udc1a&nbsp;\ud835\udc05\ud835\udc1e\ud835\udc2b\ud835\udc22\ud835\udc1a&nbsp;\ud835\udc0f\ud835\udc2b\ud835\udc28\ud835\udc1f\ud835\udc1e\ud835\udc2c\ud835\udc22\ud835\udc28\ud835\udc20\ud835\udc2b\ud835\udc1a\u0301\ud835\udc1f\ud835\udc22\ud835\udc1c\ud835\udc1a&nbsp;de la Universidad Aut\u00f3noma de Tlaxcala (UATx) brind\u00f3 informaci\u00f3n de las 28 carreras que la Instituci\u00f3n brinda en su proceso de ingreso Primavera 2026 para los egresados de bachillerato que buscan cursar una licenciatura a partir de enero de 2026.<\/p>\n\n\n\n<p>En el Centro Cultural Universitario, el Doctor Seraf\u00edn Ortiz Ortiz, Rector de la UATx, inaugur\u00f3 esta actividad que organiza la Secretar\u00eda T\u00e9cnica para los aspirantes y para sus familias.&nbsp; Durante su mensaje, el Doctor Ortiz resalt\u00f3 que en la Universidad de la Autorrealizaci\u00f3n se forman profesionales comprometidos con el desarrollo social, fortaleciendo sus capacidades y habilidades a trav\u00e9s del&nbsp;\ud835\udc0c\ud835\udc28\ud835\udc1d\ud835\udc1e\ud835\udc25\ud835\udc28&nbsp;\ud835\udc07\ud835\udc2e\ud835\udc26\ud835\udc1a\ud835\udc27\ud835\udc22\ud835\udc2c\ud835\udc2d\ud835\udc1a&nbsp;\ud835\udc08\ud835\udc27\ud835\udc2d\ud835\udc1e\ud835\udc20\ud835\udc2b\ud835\udc1a\ud835\udc1d\ud835\udc28\ud835\udc2b&nbsp;\ud835\udc01\ud835\udc1a\ud835\udc2c\ud835\udc1a\ud835\udc1d\ud835\udc28&nbsp;\ud835\udc1e\ud835\udc27&nbsp;\ud835\udc02\ud835\udc1a\ud835\udc29\ud835\udc1a\ud835\udc1c\ud835\udc22\ud835\udc1d\ud835\udc1a\ud835\udc1d\ud835\udc1e\ud835\udc2c&nbsp;(\ud835\udc0c\ud835\udc07\ud835\udc08\ud835\udc02) que impulsa una educaci\u00f3n integral con visi\u00f3n transformadora.<\/p>\n\n\n\n<p>Asimismo, inform\u00f3 que para el periodo&nbsp;\ud835\udc0f\ud835\udc2b\ud835\udc22\ud835\udc26\ud835\udc1a\ud835\udc2f\ud835\udc1e\ud835\udc2b\ud835\udc1a&nbsp;\ud835\udfd0\ud835\udfce\ud835\udfd0\ud835\udfd4, la UATx ofrece 28 programas educativos, entre ellos la nueva&nbsp;\ud835\udc0b\ud835\udc22\ud835\udc1c\ud835\udc1e\ud835\udc27\ud835\udc1c\ud835\udc22\ud835\udc1a\ud835\udc2d\ud835\udc2e\ud835\udc2b\ud835\udc1a&nbsp;\ud835\udc1e\ud835\udc27&nbsp;\ud835\udc06\ud835\udc1a\ud835\udc2c\ud835\udc2d\ud835\udc2b\ud835\udc28\ud835\udc27\ud835\udc28\ud835\udc26\ud835\udc22\u0301\ud835\udc1a&nbsp;\ud835\udc32&nbsp;\ud835\udc07\ud835\udc28\ud835\udc2d\ud835\udc1e\ud835\udc25\ud835\udc1e\ud835\udc2b\ud835\udc22\u0301\ud835\udc1a, presentada oficialmente durante esta edici\u00f3n de la feria, la cual responde a las necesidades sociales y demandas laborales actuales.<\/p>\n\n\n\n<p>El Doctor Seraf\u00edn Ortiz exhort\u00f3 a los aspirantes a formarse en una profesi\u00f3n, ejercerla e impactar en la transformaci\u00f3n de Tlaxcala, porque la Universidad s\u00ed transforma a las personas, y prueba de ello son los miles de egresados de esta Instituci\u00f3n. Cit\u00f3 que en este periodo, la Aut\u00f3noma&nbsp; de Tlaxcala atiende a una matr\u00edcula de 23, 916 estudiantes.<\/p>\n\n\n\n<p>Por \u00faltimo, agradeci\u00f3 la confianza de los padres de familia para elegir a la UATx como alma mater de sus hijos, que es la casa de la sabidur\u00eda del pueblo de Tlaxcala.<\/p>\n\n\n\n<p>Por su parte, el Maestro Roberto Carlos Cruz Becerril, Secretario T\u00e9cnico, indic\u00f3 que esta actividad tiene como prop\u00f3sito orientar a los j\u00f3venes en la elecci\u00f3n de su carrera universitaria a trav\u00e9s de tres ejes: el perfil acad\u00e9mico, el profesional y el personal.<\/p>\n\n\n\n<p>Especific\u00f3 que mediante el proceso de democratizaci\u00f3n para el ingreso a los espacios universitarios se abre esta feria para brindar informaci\u00f3n suficiente de las carreras disponibles y ayudar a los interesados a tomar una decisi\u00f3n que le d\u00e9 certeza de su futuro profesional.<\/p>\n\n\n\n<p>El funcionario universitario subray\u00f3 que el proceso de admisi\u00f3n se sujeta a los lineamientos establecidos en coordinaci\u00f3n con el Ceneval, que es la instancia que aplica y eval\u00faa el examen para la educaci\u00f3n superior.<\/p>\n\n\n\n<p>En esta muestra educativa se instalaron 14 m\u00f3dulos representativos de las facultades y unidades acad\u00e9micas multidisciplinarias para que estudiantes del nivel medio superior y padres de familia recibieran la orientaci\u00f3n vocacional que les apoye para definir su trayectoria universitaria.<\/p>\n","protected":false},"excerpt":{"rendered":"<p>Se ofreci\u00f3 orientaci\u00f3n sobre 28 licenciaturas a los aspirantes que buscan ingresar en el periodo Primavera 2026 La&nbsp;\ud835\udc12\ud835\udc1e\ud835\udc31\ud835\udc2d\ud835\udc1a&nbsp;\ud835\udc05\ud835\udc1e\ud835\udc2b\ud835\udc22\ud835\udc1a&nbsp;\ud835\udc0f\ud835\udc2b\ud835\udc28\ud835\udc1f\ud835\udc1e\ud835\udc2c\ud835\udc22\ud835\udc28\ud835\udc20\ud835\udc2b\ud835\udc1a\u0301\ud835\udc1f\ud835\udc22\ud835\udc1c\ud835\udc1a&nbsp;de la Universidad Aut\u00f3noma de Tlaxcala (UATx) brind\u00f3 informaci\u00f3n de las 28 carreras que la Instituci\u00f3n brinda en su proceso de ingreso Primavera 2026 para los egresados de bachillerato que buscan cursar una licenciatura a partir de enero [&hellip;]<\/p>\n","protected":false},"author":1,"featured_media":55168,"comment_status":"open","ping_status":"open","sticky":false,"template":"","format":"standard","meta":{"advanced_seo_description":"","jetpack_seo_html_title":"","jetpack_seo_noindex":false,"footnotes":"","jetpack_publicize_message":"","jetpack_is_tweetstorm":false,"jetpack_publicize_feature_enabled":true,"jetpack_social_post_already_shared":true,"jetpack_social_options":{"image_generator_settings":{"template":"highway","enabled":false}}},"categories":[2,28],"tags":[],"class_list":["post-55167","post","type-post","status-publish","format-standard","has-post-thumbnail","hentry","category-destacadas","category-educacion"],"jetpack_publicize_connections":[],"jetpack_featured_media_url":"http:\/\/elcensornoticias.com\/wp-content\/uploads\/2025\/11\/11-Realizo-la-UATx-su-Sexta-Feria-Profesiografica-4-1-scaled.jpg","jetpack_likes_enabled":true,"jetpack_sharing_enabled":true,"jetpack_shortlink":"https:\/\/wp.me\/p6xy50-elN","_links":{"self":[{"href":"http:\/\/elcensornoticias.com\/index.php?rest_route=\/wp\/v2\/posts\/55167","targetHints":{"allow":["GET"]}}],"collection":[{"href":"http:\/\/elcensornoticias.com\/index.php?rest_route=\/wp\/v2\/posts"}],"about":[{"href":"http:\/\/elcensornoticias.com\/index.php?rest_route=\/wp\/v2\/types\/post"}],"author":[{"embeddable":true,"href":"http:\/\/elcensornoticias.com\/index.php?rest_route=\/wp\/v2\/users\/1"}],"replies":[{"embeddable":true,"href":"http:\/\/elcensornoticias.com\/index.php?rest_route=%2Fwp%2Fv2%2Fcomments&post=55167"}],"version-history":[{"count":1,"href":"http:\/\/elcensornoticias.com\/index.php?rest_route=\/wp\/v2\/posts\/55167\/revisions"}],"predecessor-version":[{"id":55169,"href":"http:\/\/elcensornoticias.com\/index.php?rest_route=\/wp\/v2\/posts\/55167\/revisions\/55169"}],"wp:featuredmedia":[{"embeddable":true,"href":"http:\/\/elcensornoticias.com\/index.php?rest_route=\/wp\/v2\/media\/55168"}],"wp:attachment":[{"href":"http:\/\/elcensornoticias.com\/index.php?rest_route=%2Fwp%2Fv2%2Fmedia&parent=55167"}],"wp:term":[{"taxonomy":"category","embeddable":true,"href":"http:\/\/elcensornoticias.com\/index.php?rest_route=%2Fwp%2Fv2%2Fcategories&post=55167"},{"taxonomy":"post_tag","embeddable":true,"href":"http:\/\/elcensornoticias.com\/index.php?rest_route=%2Fwp%2Fv2%2Ftags&post=55167"}],"curies":[{"name":"wp","href":"https:\/\/api.w.org\/{rel}","templated":true}]}}