{"id":55158,"date":"2025-11-08T21:04:44","date_gmt":"2025-11-08T21:04:44","guid":{"rendered":"http:\/\/elcensornoticias.com\/?p=55158"},"modified":"2025-11-08T21:08:09","modified_gmt":"2025-11-08T21:08:09","slug":"jornada-de-servicios-de-belleza-en-el-jardin-botanico-de-tizatlan","status":"publish","type":"post","link":"http:\/\/elcensornoticias.com\/?p=55158","title":{"rendered":"JORNADA DE SERVICIOS DE BELLEZA EN EL JARD\u00cdN BOT\u00c1NICO DE TIZATL\u00c1N"},"content":{"rendered":"\n<p>Las alumnas del instituto pondr\u00e1n en pr\u00e1ctica lo aprendido en talleres y cursos de capacitaci\u00f3n.<\/p>\n\n\n\n<p>El Instituto de Capacitaci\u00f3n para el Trabajo del Estado de Tlaxcala (Icatlax) invita a la poblaci\u00f3n en general a participar en la Jornada de Servicios de Belleza que se llevar\u00e1 a cabo el lunes 10 de noviembre, a las 10:00 horas, en la explanada del Jard\u00edn Bot\u00e1nico de Tizatl\u00e1n.<\/p>\n\n\n\n<p>Durante la jornada, las y los asistentes podr\u00e1n acceder a servicios de corte de cabello, peinado, planchado de ceja y rizado de pesta\u00f1as, con una cuota de recuperaci\u00f3n voluntaria.<\/p>\n\n\n\n<p>El objetivo de esta actividad es que las alumnas de los cursos de belleza del Icatlax pongan en pr\u00e1ctica los conocimientos adquiridos en sus talleres y se preparen para emprender o integrarse al mercado laboral, fortaleciendo su experiencia profesional.<\/p>\n\n\n\n<p>El director general del Icatlax, Juan Javier Potrero Tizamitl, se\u00f1al\u00f3 que estas jornadas representan una oportunidad para vincular la formaci\u00f3n con la comunidad.<\/p>\n\n\n\n<p>\u201cA trav\u00e9s de estas actividades, nuestras alumnas pueden aplicar lo aprendido y al mismo tiempo ofrecer un servicio \u00fatil a la ciudadan\u00eda. El Icatlax impulsa el talento y el esfuerzo de quienes buscan mejorar su futuro a trav\u00e9s del trabajo y la preparaci\u00f3n constante\u201d, destac\u00f3.<\/p>\n\n\n\n<p>&nbsp;Potrero Tizamitl subray\u00f3 que este tipo de acciones acercan los servicios del instituto a la poblaci\u00f3n, promueven el autoempleo y fortalecen la capacitaci\u00f3n con sentido social, una de las prioridades del Gobierno del Estado.<\/p>\n\n\n\n<p>Con estas jornadas, el Icatlax reafirma su compromiso con la formaci\u00f3n para el trabajo, la inclusi\u00f3n y el bienestar de las familias tlaxcaltecas.<\/p>\n","protected":false},"excerpt":{"rendered":"<p>Las alumnas del instituto pondr\u00e1n en pr\u00e1ctica lo aprendido en talleres y cursos de capacitaci\u00f3n. El Instituto de Capacitaci\u00f3n para el Trabajo del Estado de Tlaxcala (Icatlax) invita a la poblaci\u00f3n en general a participar en la Jornada de Servicios de Belleza que se llevar\u00e1 a cabo el lunes 10 de noviembre, a las 10:00 [&hellip;]<\/p>\n","protected":false},"author":1,"featured_media":55160,"comment_status":"open","ping_status":"open","sticky":false,"template":"","format":"standard","meta":{"advanced_seo_description":"","jetpack_seo_html_title":"","jetpack_seo_noindex":false,"footnotes":"","jetpack_publicize_message":"","jetpack_is_tweetstorm":false,"jetpack_publicize_feature_enabled":true,"jetpack_social_post_already_shared":true,"jetpack_social_options":{"image_generator_settings":{"template":"highway","enabled":false}}},"categories":[5,3],"tags":[],"class_list":["post-55158","post","type-post","status-publish","format-standard","has-post-thumbnail","hentry","category-carrucel","category-gobierno"],"jetpack_publicize_connections":[],"jetpack_featured_media_url":"http:\/\/elcensornoticias.com\/wp-content\/uploads\/2025\/11\/IMG-20251108-WA0012.jpg","jetpack_likes_enabled":true,"jetpack_sharing_enabled":true,"jetpack_shortlink":"https:\/\/wp.me\/p6xy50-elE","_links":{"self":[{"href":"http:\/\/elcensornoticias.com\/index.php?rest_route=\/wp\/v2\/posts\/55158","targetHints":{"allow":["GET"]}}],"collection":[{"href":"http:\/\/elcensornoticias.com\/index.php?rest_route=\/wp\/v2\/posts"}],"about":[{"href":"http:\/\/elcensornoticias.com\/index.php?rest_route=\/wp\/v2\/types\/post"}],"author":[{"embeddable":true,"href":"http:\/\/elcensornoticias.com\/index.php?rest_route=\/wp\/v2\/users\/1"}],"replies":[{"embeddable":true,"href":"http:\/\/elcensornoticias.com\/index.php?rest_route=%2Fwp%2Fv2%2Fcomments&post=55158"}],"version-history":[{"count":1,"href":"http:\/\/elcensornoticias.com\/index.php?rest_route=\/wp\/v2\/posts\/55158\/revisions"}],"predecessor-version":[{"id":55161,"href":"http:\/\/elcensornoticias.com\/index.php?rest_route=\/wp\/v2\/posts\/55158\/revisions\/55161"}],"wp:featuredmedia":[{"embeddable":true,"href":"http:\/\/elcensornoticias.com\/index.php?rest_route=\/wp\/v2\/media\/55160"}],"wp:attachment":[{"href":"http:\/\/elcensornoticias.com\/index.php?rest_route=%2Fwp%2Fv2%2Fmedia&parent=55158"}],"wp:term":[{"taxonomy":"category","embeddable":true,"href":"http:\/\/elcensornoticias.com\/index.php?rest_route=%2Fwp%2Fv2%2Fcategories&post=55158"},{"taxonomy":"post_tag","embeddable":true,"href":"http:\/\/elcensornoticias.com\/index.php?rest_route=%2Fwp%2Fv2%2Ftags&post=55158"}],"curies":[{"name":"wp","href":"https:\/\/api.w.org\/{rel}","templated":true}]}}