{"id":55156,"date":"2025-11-08T20:58:56","date_gmt":"2025-11-08T20:58:56","guid":{"rendered":"http:\/\/elcensornoticias.com\/?p=55156"},"modified":"2025-11-08T21:01:45","modified_gmt":"2025-11-08T21:01:45","slug":"artistas-tlaxcaltecas-proponen-proyectos-culturales-y-comunitarios","status":"publish","type":"post","link":"http:\/\/elcensornoticias.com\/?p=55156","title":{"rendered":"ARTISTAS TLAXCALTECAS PROPONEN PROYECTOS CULTURALES Y COMUNITARIOS"},"content":{"rendered":"\n<p>Escuelas de sarapes, talleres de barro y proyectos autogestivos fueron parte de las iniciativas presentadas por artistas, artesanas y promotores culturales_&nbsp;<\/p>\n\n\n\n<p>Con la participaci\u00f3n de artistas, artesanas y gestores culturales, concluy\u00f3 el Laboratorio de Creaci\u00f3n e Innovaci\u00f3n \u201cArte Vivo Tlaxcala\u201d, un espacio de formaci\u00f3n y colaboraci\u00f3n impulsado por la Secretar\u00eda de Cultura del Gobierno de M\u00e9xico, la Secretar\u00eda de Cultura de Tlaxcala y el Departamento de Innovaci\u00f3n Art\u00edstica y Cultural.<\/p>\n\n\n\n<p>El encuentro, que se llev\u00f3 a cabo los d\u00edas 6 y 7 de noviembre en el Palacio de Cultura de Tlaxcala, fue dirigido por el artista experimental Fernando Llanos, quien comparti\u00f3 con las y los participantes herramientas pr\u00e1cticas para fortalecer sus proyectos art\u00edsticos, culturales y comunitarios.<\/p>\n\n\n\n<p>Durante las sesiones, las y los asistentes presentaron iniciativas que van desde escuelas artesanales de sarapes y barro, hasta galer\u00edas y espacios culturales autogestivos, reflejando la diversidad creativa y la riqueza del sector cultural en Tlaxcala.<\/p>\n\n\n\n<p>Fernando Llanos brind\u00f3 acompa\u00f1amiento personalizado, estrategias de gesti\u00f3n y metodolog\u00edas de trabajo colaborativo, orientadas a la sostenibilidad y al impulso de proyectos innovadores en el \u00e1mbito art\u00edstico.<\/p>\n\n\n\n<p>\u201cEstos laboratorios permiten que la comunidad art\u00edstica fortalezca sus procesos, comparta experiencias y encuentre nuevas formas de gesti\u00f3n desde la colaboraci\u00f3n. Nuestro objetivo es acompa\u00f1ar a las y los creadores en el desarrollo de proyectos que transformen su entorno desde el arte\u201d, se\u00f1al\u00f3 Jaqueline Espa\u00f1a, coordinadora del Departamento de Innovaci\u00f3n Art\u00edstica y Cultural.<\/p>\n\n\n\n<p>Entre los temas abordados destacaron la escritura de proyectos personales, la planeaci\u00f3n y difusi\u00f3n cultural, el dise\u00f1o de estrategias para convocatorias, la organizaci\u00f3n de presupuestos y la gesti\u00f3n de recursos para fortalecer la actividad art\u00edstica.<\/p>\n\n\n\n<p>El laboratorio concluy\u00f3 con una jornada de reflexi\u00f3n y di\u00e1logo colectivo, donde las y los participantes reafirmaron su compromiso de crear redes colaborativas que fortalezcan la vida cultural desde lo local.<\/p>\n\n\n\n<p>Con este ejercicio, la Secretar\u00eda de Cultura de Tlaxcala reafirma su compromiso con la formaci\u00f3n, la innovaci\u00f3n y la profesionalizaci\u00f3n art\u00edstica, impulsando espacios de aprendizaje que promuevan el desarrollo cultural y la participaci\u00f3n creativa en la entidad.<\/p>\n","protected":false},"excerpt":{"rendered":"<p>Escuelas de sarapes, talleres de barro y proyectos autogestivos fueron parte de las iniciativas presentadas por artistas, artesanas y promotores culturales_&nbsp; Con la participaci\u00f3n de artistas, artesanas y gestores culturales, concluy\u00f3 el Laboratorio de Creaci\u00f3n e Innovaci\u00f3n \u201cArte Vivo Tlaxcala\u201d, un espacio de formaci\u00f3n y colaboraci\u00f3n impulsado por la Secretar\u00eda de Cultura del Gobierno de [&hellip;]<\/p>\n","protected":false},"author":1,"featured_media":55159,"comment_status":"open","ping_status":"open","sticky":false,"template":"","format":"standard","meta":{"advanced_seo_description":"","jetpack_seo_html_title":"","jetpack_seo_noindex":false,"footnotes":"","jetpack_publicize_message":"","jetpack_is_tweetstorm":false,"jetpack_publicize_feature_enabled":true,"jetpack_social_post_already_shared":true,"jetpack_social_options":{"image_generator_settings":{"template":"highway","enabled":false}}},"categories":[26,2],"tags":[],"class_list":["post-55156","post","type-post","status-publish","format-standard","has-post-thumbnail","hentry","category-cultura","category-destacadas"],"jetpack_publicize_connections":[],"jetpack_featured_media_url":"http:\/\/elcensornoticias.com\/wp-content\/uploads\/2025\/11\/IMG-20251108-WA0006-1.jpg","jetpack_likes_enabled":true,"jetpack_sharing_enabled":true,"jetpack_shortlink":"https:\/\/wp.me\/p6xy50-elC","_links":{"self":[{"href":"http:\/\/elcensornoticias.com\/index.php?rest_route=\/wp\/v2\/posts\/55156","targetHints":{"allow":["GET"]}}],"collection":[{"href":"http:\/\/elcensornoticias.com\/index.php?rest_route=\/wp\/v2\/posts"}],"about":[{"href":"http:\/\/elcensornoticias.com\/index.php?rest_route=\/wp\/v2\/types\/post"}],"author":[{"embeddable":true,"href":"http:\/\/elcensornoticias.com\/index.php?rest_route=\/wp\/v2\/users\/1"}],"replies":[{"embeddable":true,"href":"http:\/\/elcensornoticias.com\/index.php?rest_route=%2Fwp%2Fv2%2Fcomments&post=55156"}],"version-history":[{"count":1,"href":"http:\/\/elcensornoticias.com\/index.php?rest_route=\/wp\/v2\/posts\/55156\/revisions"}],"predecessor-version":[{"id":55157,"href":"http:\/\/elcensornoticias.com\/index.php?rest_route=\/wp\/v2\/posts\/55156\/revisions\/55157"}],"wp:featuredmedia":[{"embeddable":true,"href":"http:\/\/elcensornoticias.com\/index.php?rest_route=\/wp\/v2\/media\/55159"}],"wp:attachment":[{"href":"http:\/\/elcensornoticias.com\/index.php?rest_route=%2Fwp%2Fv2%2Fmedia&parent=55156"}],"wp:term":[{"taxonomy":"category","embeddable":true,"href":"http:\/\/elcensornoticias.com\/index.php?rest_route=%2Fwp%2Fv2%2Fcategories&post=55156"},{"taxonomy":"post_tag","embeddable":true,"href":"http:\/\/elcensornoticias.com\/index.php?rest_route=%2Fwp%2Fv2%2Ftags&post=55156"}],"curies":[{"name":"wp","href":"https:\/\/api.w.org\/{rel}","templated":true}]}}