{"id":55145,"date":"2025-11-08T01:10:28","date_gmt":"2025-11-08T01:10:28","guid":{"rendered":"http:\/\/elcensornoticias.com\/?p=55145"},"modified":"2025-11-08T01:10:39","modified_gmt":"2025-11-08T01:10:39","slug":"sep-otorga-validez-a-efee","status":"publish","type":"post","link":"http:\/\/elcensornoticias.com\/?p=55145","title":{"rendered":"SEP otorga validez a EFEE"},"content":{"rendered":"\n<p>El titular de la Unidad de Asuntos Jur\u00eddicos y Regulaci\u00f3n de la Secretar\u00eda de Educaci\u00f3n P\u00fablica, Euripides Flores Pacheco, confirm\u00f3 este viernes el otorgamiento de la validez oficial, para la operaci\u00f3n de la Escuela de Formaci\u00f3n Educativa Electoral (EFEE) a cargo del Tribunal Electoral de Tlaxcala (TET).<\/p>\n\n\n\n<p>Tras la aprobaci\u00f3n en el Congreso del Estado de esta instituci\u00f3n educativa y con el acompa\u00f1amiento del Gobierno del Estado, el funcionario federal destac\u00f3 que a trav\u00e9s de la EFEE, la ciudadan\u00eda va a contar con profesionales que les atiendan sus asuntos de manera diligente \u201cy eso es muy importante, porque mientras se pueda generar un proceso electoral donde todas las controversias se pueden resolver a trav\u00e9s de las v\u00edas institucionales, sumamos desde la Secretar\u00eda de Educaci\u00f3n P\u00fablica a la gobernabilidad del pa\u00eds, a la unidad del estado y a la concreci\u00f3n del derecho que todas y todos ejerzan sus libertades pol\u00edticas electorales\u201d.<\/p>\n\n\n\n<p>En el evento que se efectu\u00f3 en el Sal\u00f3n Rojo del Congreso del Estado, el Magistrado Presidente del TET, Miguel Nava Xochitiotzi, resalt\u00f3 que, con esta acreditaci\u00f3n, Tlaxcala se convierte en la cuarta entidad a nivel nacional, en contar con una escuela de formaci\u00f3n electoral, por lo que continuar\u00e1n los proyectos educativos que inicien desde la entidad, con una propuesta tambi\u00e9n de atenci\u00f3n a las comunidades ind\u00edgenas.<\/p>\n\n\n\n<p>En su oportunidad, el director de registros escolares, operaci\u00f3n y evaluaci\u00f3n de la SEP, Ismael Rosas Gatica, se\u00f1al\u00f3 que, en la EFEE se podr\u00e1n adquirir conocimientos t\u00e9cnicos y formar ciudadan\u00eda, recordando que el derecho electoral mexicano, es una conquista que nos ha costado generaciones.<\/p>\n\n\n\n<p>Por su parte el director de Capacitaci\u00f3n y Enlace Institucional del TET, Jaime Montiel Coto, coment\u00f3 que a\u00fan sin la emisi\u00f3n de la convocatoria para los estudios de maestr\u00eda que ofrecer\u00e1 la EFEE, hay m\u00e1s de 70 personas interesadas ya en su inscripci\u00f3n, por lo que augur\u00f3 el \u00e9xito de esta instituci\u00f3n.<\/p>\n\n\n\n<p>Cabe resaltar que los diputados de la LXV Legislatura del Congreso del Estado que atestiguaron el evento y que hicieron uso de la voz, reconocieron el trabajo realizado por la actividad jurisdiccional y el legado que dejar\u00e1 Miguel Nava, tras su paso por la presidencia del TET.<\/p>\n","protected":false},"excerpt":{"rendered":"<p>El titular de la Unidad de Asuntos Jur\u00eddicos y Regulaci\u00f3n de la Secretar\u00eda de Educaci\u00f3n P\u00fablica, Euripides Flores Pacheco, confirm\u00f3 este viernes el otorgamiento de la validez oficial, para la operaci\u00f3n de la Escuela de Formaci\u00f3n Educativa Electoral (EFEE) a cargo del Tribunal Electoral de Tlaxcala (TET). Tras la aprobaci\u00f3n en el Congreso del Estado [&hellip;]<\/p>\n","protected":false},"author":1,"featured_media":55146,"comment_status":"open","ping_status":"open","sticky":false,"template":"","format":"standard","meta":{"advanced_seo_description":"","jetpack_seo_html_title":"","jetpack_seo_noindex":false,"footnotes":"","jetpack_publicize_message":"","jetpack_is_tweetstorm":false,"jetpack_publicize_feature_enabled":true,"jetpack_social_post_already_shared":true,"jetpack_social_options":{"image_generator_settings":{"template":"highway","enabled":false}}},"categories":[2,3],"tags":[],"class_list":["post-55145","post","type-post","status-publish","format-standard","has-post-thumbnail","hentry","category-destacadas","category-gobierno"],"jetpack_publicize_connections":[],"jetpack_featured_media_url":"http:\/\/elcensornoticias.com\/wp-content\/uploads\/2025\/11\/0711-convenio-1.jpg","jetpack_likes_enabled":true,"jetpack_sharing_enabled":true,"jetpack_shortlink":"https:\/\/wp.me\/p6xy50-elr","_links":{"self":[{"href":"http:\/\/elcensornoticias.com\/index.php?rest_route=\/wp\/v2\/posts\/55145","targetHints":{"allow":["GET"]}}],"collection":[{"href":"http:\/\/elcensornoticias.com\/index.php?rest_route=\/wp\/v2\/posts"}],"about":[{"href":"http:\/\/elcensornoticias.com\/index.php?rest_route=\/wp\/v2\/types\/post"}],"author":[{"embeddable":true,"href":"http:\/\/elcensornoticias.com\/index.php?rest_route=\/wp\/v2\/users\/1"}],"replies":[{"embeddable":true,"href":"http:\/\/elcensornoticias.com\/index.php?rest_route=%2Fwp%2Fv2%2Fcomments&post=55145"}],"version-history":[{"count":1,"href":"http:\/\/elcensornoticias.com\/index.php?rest_route=\/wp\/v2\/posts\/55145\/revisions"}],"predecessor-version":[{"id":55147,"href":"http:\/\/elcensornoticias.com\/index.php?rest_route=\/wp\/v2\/posts\/55145\/revisions\/55147"}],"wp:featuredmedia":[{"embeddable":true,"href":"http:\/\/elcensornoticias.com\/index.php?rest_route=\/wp\/v2\/media\/55146"}],"wp:attachment":[{"href":"http:\/\/elcensornoticias.com\/index.php?rest_route=%2Fwp%2Fv2%2Fmedia&parent=55145"}],"wp:term":[{"taxonomy":"category","embeddable":true,"href":"http:\/\/elcensornoticias.com\/index.php?rest_route=%2Fwp%2Fv2%2Fcategories&post=55145"},{"taxonomy":"post_tag","embeddable":true,"href":"http:\/\/elcensornoticias.com\/index.php?rest_route=%2Fwp%2Fv2%2Ftags&post=55145"}],"curies":[{"name":"wp","href":"https:\/\/api.w.org\/{rel}","templated":true}]}}