{"id":55129,"date":"2025-11-08T00:55:26","date_gmt":"2025-11-08T00:55:26","guid":{"rendered":"http:\/\/elcensornoticias.com\/?p=55129"},"modified":"2025-11-08T00:55:41","modified_gmt":"2025-11-08T00:55:41","slug":"jornada-informativa-en-beneficio-de-migrantes","status":"publish","type":"post","link":"http:\/\/elcensornoticias.com\/?p=55129","title":{"rendered":"JORNADA INFORMATIVA EN BENEFICIO DE MIGRANTES"},"content":{"rendered":"\n<p>Se acercaron servicios de la Direcci\u00f3n de Atenci\u00f3n a Migrantes y la Financiera del Bienestar para fortalecer la econom\u00eda familiar y los lazos con la comunidad tlaxcalteca en el extranjero.<\/p>\n\n\n\n<p>Con el prop\u00f3sito de fortalecer los lazos entre Tlaxcala y sus familias migrantes, la Secretar\u00eda de Bienestar estatal realiz\u00f3 una jornada informativa en la que se dieron a conocer los programas y servicios que ofrecen la Direcci\u00f3n de Atenci\u00f3n a Migrantes (DAM) y la Financiera del Bienestar (FINABIEN).<\/p>\n\n\n\n<p>El encuentro, realizado en el Centro de Capacitaci\u00f3n para el Trabajo Industrial (CECATI 82), reuni\u00f3 a beneficiarias y beneficiarios del programa \u201cBienestar para las Personas Ind\u00edgenas 2025\u201d, quienes conocieron alternativas para mejorar su econom\u00eda familiar, acceder a servicios financieros seguros y recibir orientaci\u00f3n sobre tr\u00e1mites relacionados con migraci\u00f3n o retorno.<\/p>\n\n\n\n<p>Durante la sesi\u00f3n, personal de la DAM explic\u00f3 los apoyos disponibles para acompa\u00f1ar a quienes tienen familiares en el extranjero, mientras que representantes de FINABIEN presentaron las ventajas de contar con su tarjeta de servicios, que facilita el acceso a cr\u00e9ditos y herramientas financieras confiables.<\/p>\n\n\n\n<p>La titular de la Secretar\u00eda de Bienestar, Mar\u00eda Estela \u00c1lvarez Corona, se\u00f1al\u00f3 que estas acciones buscan ofrecer respaldo a familias tlaxcaltecas que son beneficiarias de las dependencias y tiene familiares radicando en el extranjero.<\/p>\n\n\n\n<p>\u201cQueremos que las familias tlaxcaltecas que tienen a sus seres queridos lejos sepan que no est\u00e1n solas, que desde su tierra cuentan con acompa\u00f1amiento, asesor\u00eda y programas que impulsan su bienestar\u201d, destac\u00f3 \u00c1lvarez Corona.<\/p>\n\n\n\n<p>Con estas acciones, la dependencia reafirma su compromiso con la inclusi\u00f3n y el desarrollo integral de las familias tlaxcaltecas, acercando oportunidades que fortalecen la econom\u00eda local y el v\u00ednculo con quienes migraron en busca de un mejor futuro.<\/p>\n","protected":false},"excerpt":{"rendered":"<p>Se acercaron servicios de la Direcci\u00f3n de Atenci\u00f3n a Migrantes y la Financiera del Bienestar para fortalecer la econom\u00eda familiar y los lazos con la comunidad tlaxcalteca en el extranjero. Con el prop\u00f3sito de fortalecer los lazos entre Tlaxcala y sus familias migrantes, la Secretar\u00eda de Bienestar estatal realiz\u00f3 una jornada informativa en la que [&hellip;]<\/p>\n","protected":false},"author":1,"featured_media":55130,"comment_status":"open","ping_status":"open","sticky":false,"template":"","format":"standard","meta":{"advanced_seo_description":"","jetpack_seo_html_title":"","jetpack_seo_noindex":false,"footnotes":"","jetpack_publicize_message":"","jetpack_is_tweetstorm":false,"jetpack_publicize_feature_enabled":true,"jetpack_social_post_already_shared":true,"jetpack_social_options":{"image_generator_settings":{"template":"highway","enabled":false}}},"categories":[2,3],"tags":[],"class_list":["post-55129","post","type-post","status-publish","format-standard","has-post-thumbnail","hentry","category-destacadas","category-gobierno"],"jetpack_publicize_connections":[],"jetpack_featured_media_url":"http:\/\/elcensornoticias.com\/wp-content\/uploads\/2025\/11\/IMG-20251107-WA0014.jpg","jetpack_likes_enabled":true,"jetpack_sharing_enabled":true,"jetpack_shortlink":"https:\/\/wp.me\/p6xy50-elb","_links":{"self":[{"href":"http:\/\/elcensornoticias.com\/index.php?rest_route=\/wp\/v2\/posts\/55129","targetHints":{"allow":["GET"]}}],"collection":[{"href":"http:\/\/elcensornoticias.com\/index.php?rest_route=\/wp\/v2\/posts"}],"about":[{"href":"http:\/\/elcensornoticias.com\/index.php?rest_route=\/wp\/v2\/types\/post"}],"author":[{"embeddable":true,"href":"http:\/\/elcensornoticias.com\/index.php?rest_route=\/wp\/v2\/users\/1"}],"replies":[{"embeddable":true,"href":"http:\/\/elcensornoticias.com\/index.php?rest_route=%2Fwp%2Fv2%2Fcomments&post=55129"}],"version-history":[{"count":1,"href":"http:\/\/elcensornoticias.com\/index.php?rest_route=\/wp\/v2\/posts\/55129\/revisions"}],"predecessor-version":[{"id":55131,"href":"http:\/\/elcensornoticias.com\/index.php?rest_route=\/wp\/v2\/posts\/55129\/revisions\/55131"}],"wp:featuredmedia":[{"embeddable":true,"href":"http:\/\/elcensornoticias.com\/index.php?rest_route=\/wp\/v2\/media\/55130"}],"wp:attachment":[{"href":"http:\/\/elcensornoticias.com\/index.php?rest_route=%2Fwp%2Fv2%2Fmedia&parent=55129"}],"wp:term":[{"taxonomy":"category","embeddable":true,"href":"http:\/\/elcensornoticias.com\/index.php?rest_route=%2Fwp%2Fv2%2Fcategories&post=55129"},{"taxonomy":"post_tag","embeddable":true,"href":"http:\/\/elcensornoticias.com\/index.php?rest_route=%2Fwp%2Fv2%2Ftags&post=55129"}],"curies":[{"name":"wp","href":"https:\/\/api.w.org\/{rel}","templated":true}]}}