{"id":55123,"date":"2025-11-08T00:50:01","date_gmt":"2025-11-08T00:50:01","guid":{"rendered":"http:\/\/elcensornoticias.com\/?p=55123"},"modified":"2025-11-08T00:50:10","modified_gmt":"2025-11-08T00:50:10","slug":"horario-invernal-a-partir-del-lunes-10-de-noviembre","status":"publish","type":"post","link":"http:\/\/elcensornoticias.com\/?p=55123","title":{"rendered":"HORARIO INVERNAL A PARTIR DEL LUNES 10 DE NOVIEMBRE"},"content":{"rendered":"\n<p>PARA PREVENIR ENFERMEDADES RESPIRATORIAS EN ESTUDIANTES<\/p>\n\n\n\n<p> 784 primarias p\u00fablica y privadas, as\u00ed como 21 centros de Atenci\u00f3n M\u00faltiple ingresar\u00e1n media hora m\u00e1s tarde<\/p>\n\n\n\n<p>La Secretar\u00eda de Educaci\u00f3n P\u00fablica del Estado (SEPE) y la Unidad de Servicios Educativos de Tlaxcala (USET) anunciaron la entrada en vigor del horario invernal en escuelas primarias y Centros de Atenci\u00f3n M\u00faltiple (CAM), a partir del pr\u00f3ximo lunes 10 de noviembre y hasta nuevo aviso, como medida para proteger a las y los estudiantes ante el descenso de temperatura en la entidad.<\/p>\n\n\n\n<p>El horario de invierno aplicar\u00e1 para 784 escuelas p\u00fablicas y privadas, as\u00ed como a 21 CAM, donde las clases del turno matutino iniciar\u00e1n a las 8:30 horas y concluir\u00e1n a las 13:00 horas, mientras que el turno vespertino ser\u00e1 de 13:30 a 17:30 horas.<\/p>\n\n\n\n<p>El director de Educaci\u00f3n B\u00e1sica, Sergio Enrique Res\u00e9ndiz Flores, se\u00f1al\u00f3 que el ajuste busca proteger la salud de las y los menores, y prevenir enfermedades respiratorias, las cuales tienden a aumentar durante esta temporada.&nbsp;<\/p>\n\n\n\n<p>\u201cEl objetivo es garantizar el bienestar de los estudiantes y evitar ausentismo escolar por complicaciones de salud\u201d, explic\u00f3 Res\u00e9ndiz Flores.<\/p>\n\n\n\n<p>La determinaci\u00f3n fue aprobada por el Comit\u00e9 Estatal de Salud, y las instituciones educativas ya fueron notificadas para aplicar la disposici\u00f3n a partir del pr\u00f3ximo lunes.<\/p>\n\n\n\n<p>Las autoridades educativas exhortaron a madres, padres y tutores a abrigar adecuadamente a sus hijas e hijos, y a las instituciones, a permitir el uso de chamarras, bufandas, guantes y gorros durante las clases.&nbsp;<\/p>\n\n\n\n<p>Adem\u00e1s, se recomienda reforzar la alimentaci\u00f3n con frutas y verduras ricas en vitamina C y evitar los cambios bruscos de temperatura para prevenir enfermedades respiratorias entre el alumnado.<\/p>\n","protected":false},"excerpt":{"rendered":"<p>PARA PREVENIR ENFERMEDADES RESPIRATORIAS EN ESTUDIANTES 784 primarias p\u00fablica y privadas, as\u00ed como 21 centros de Atenci\u00f3n M\u00faltiple ingresar\u00e1n media hora m\u00e1s tarde La Secretar\u00eda de Educaci\u00f3n P\u00fablica del Estado (SEPE) y la Unidad de Servicios Educativos de Tlaxcala (USET) anunciaron la entrada en vigor del horario invernal en escuelas primarias y Centros de Atenci\u00f3n [&hellip;]<\/p>\n","protected":false},"author":1,"featured_media":55124,"comment_status":"open","ping_status":"open","sticky":false,"template":"","format":"standard","meta":{"advanced_seo_description":"","jetpack_seo_html_title":"","jetpack_seo_noindex":false,"footnotes":"","jetpack_publicize_message":"","jetpack_is_tweetstorm":false,"jetpack_publicize_feature_enabled":true,"jetpack_social_post_already_shared":true,"jetpack_social_options":{"image_generator_settings":{"template":"highway","enabled":false}}},"categories":[5,28],"tags":[],"class_list":["post-55123","post","type-post","status-publish","format-standard","has-post-thumbnail","hentry","category-carrucel","category-educacion"],"jetpack_publicize_connections":[],"jetpack_featured_media_url":"http:\/\/elcensornoticias.com\/wp-content\/uploads\/2025\/11\/IMG-20251107-WA0004.jpg","jetpack_likes_enabled":true,"jetpack_sharing_enabled":true,"jetpack_shortlink":"https:\/\/wp.me\/p6xy50-el5","_links":{"self":[{"href":"http:\/\/elcensornoticias.com\/index.php?rest_route=\/wp\/v2\/posts\/55123","targetHints":{"allow":["GET"]}}],"collection":[{"href":"http:\/\/elcensornoticias.com\/index.php?rest_route=\/wp\/v2\/posts"}],"about":[{"href":"http:\/\/elcensornoticias.com\/index.php?rest_route=\/wp\/v2\/types\/post"}],"author":[{"embeddable":true,"href":"http:\/\/elcensornoticias.com\/index.php?rest_route=\/wp\/v2\/users\/1"}],"replies":[{"embeddable":true,"href":"http:\/\/elcensornoticias.com\/index.php?rest_route=%2Fwp%2Fv2%2Fcomments&post=55123"}],"version-history":[{"count":1,"href":"http:\/\/elcensornoticias.com\/index.php?rest_route=\/wp\/v2\/posts\/55123\/revisions"}],"predecessor-version":[{"id":55125,"href":"http:\/\/elcensornoticias.com\/index.php?rest_route=\/wp\/v2\/posts\/55123\/revisions\/55125"}],"wp:featuredmedia":[{"embeddable":true,"href":"http:\/\/elcensornoticias.com\/index.php?rest_route=\/wp\/v2\/media\/55124"}],"wp:attachment":[{"href":"http:\/\/elcensornoticias.com\/index.php?rest_route=%2Fwp%2Fv2%2Fmedia&parent=55123"}],"wp:term":[{"taxonomy":"category","embeddable":true,"href":"http:\/\/elcensornoticias.com\/index.php?rest_route=%2Fwp%2Fv2%2Fcategories&post=55123"},{"taxonomy":"post_tag","embeddable":true,"href":"http:\/\/elcensornoticias.com\/index.php?rest_route=%2Fwp%2Fv2%2Ftags&post=55123"}],"curies":[{"name":"wp","href":"https:\/\/api.w.org\/{rel}","templated":true}]}}