{"id":55119,"date":"2025-11-08T00:46:55","date_gmt":"2025-11-08T00:46:55","guid":{"rendered":"http:\/\/elcensornoticias.com\/?p=55119"},"modified":"2025-11-08T00:47:12","modified_gmt":"2025-11-08T00:47:12","slug":"nueva-temporada-de-la-oveja-electrica","status":"publish","type":"post","link":"http:\/\/elcensornoticias.com\/?p=55119","title":{"rendered":"NUEVA TEMPORADA DE LA OVEJA EL\u00c9CTRICA"},"content":{"rendered":"\n<ul class=\"wp-block-list\">\n<li><strong>Bajo la conducci\u00f3n de Jos\u00e9 Gordon, esta nueva temporada tendr\u00e1 batise\u00f1ales, ecos de la historia, una aproximaci\u00f3n al funcionamiento del cerebro para percibir la realidad, y mucho m\u00e1s<\/strong><\/li>\n\n\n\n<li><strong>Estreno: 11 de noviembre, a las 19:30 horas, por la se\u00f1al 22.1<\/strong><\/li>\n<\/ul>\n\n\n\n<p>Ciudad de M\u00e9xico, a viernes 7 de noviembre del 2025.&nbsp;<strong><em>La oveja el\u00e9ctrica&nbsp;<\/em>deJos\u00e9 Gordon<\/strong>, uno de los programas emblema de&nbsp;<strong>Canal Veintid\u00f3s<\/strong>, estrena su d\u00e9cima novena temporada. En esta ocasi\u00f3n, cada entrega plantea preguntas que dan pauta a explorar distintos campos y temas;&nbsp;<strong>Rodrigo Medell\u00edn<\/strong>,&nbsp;Juan Luis Arsuaga,&nbsp;<strong>Manuel L\u00f3pez Michelone&nbsp;<\/strong>y&nbsp;<strong>Andr\u00e9s Cota Hiriart<\/strong>&nbsp;son algunos de los invitados que se unen a este programa,&nbsp;<strong>todos los martes<\/strong>,&nbsp;<strong>a partir del 11 de noviembre<\/strong>, por el&nbsp;<strong>Canal de las Culturas de M\u00e9xico<\/strong>.<\/p>\n\n\n\n<p><strong>Promocional&nbsp;<\/strong><strong><em><u><a rel=\"noreferrer noopener\" target=\"_blank\" href=\"https:\/\/youtu.be\/Vi14-ICMtLM?si=zLciG3Cy3iLl6OBi\">La oveja el\u00e9ctrica. Nueva temporada<\/a><\/u><\/em><\/strong><\/p>\n\n\n\n<p>Esta temporada abre con la participaci\u00f3n del&nbsp;<strong>Dr. Rodrigo Medell\u00edn<\/strong>, tambi\u00e9n conocido como el&nbsp;<em>Batman mexicano<\/em>, un bi\u00f3logo de la conservaci\u00f3n y ec\u00f3logo mexicano. En el primer episodio,&nbsp;<strong><em>\u00bfQu\u00e9 se siente ser murci\u00e9lago?<\/em><\/strong>, se habla sobre los efectos ben\u00e9ficos que tienen los murci\u00e9lagos en los ecosistemas y su capacidad de detectar y percibir la luz ultravioleta de los rayos solares, lo que a su vez permite plantear preguntas como \u00bfPodr\u00edamos meternos dentro del cuerpo de un murci\u00e9lago? \u00bfC\u00f3mo ver\u00edamos el mundo si fu\u00e9ramos murci\u00e9lagos?<\/p>\n\n\n\n<p>En el segundo episodio,&nbsp;<strong><em>El efecto murci\u00e9lago<\/em><\/strong>, contin\u00faa la conversaci\u00f3n con el Dr. Rodrigo Medell\u00edn, quien ahora profundiza en el fen\u00f3meno que pueden producir los murci\u00e9lagos de manera similar al efecto mariposa, en donde destaca el trabajo silencioso de los murci\u00e9lagos, su existencia desde tiempos m\u00edticos y ancestrales y las conexiones que mantienen con los humanos.<\/p>\n\n\n\n<p>En la tercera entrega,&nbsp;<strong><em>Los secretos de los antiguos c\u00f3dices mexicanos<\/em><\/strong>, Jos\u00e9 Gordon se acompa\u00f1a del&nbsp;<strong>Dr. Baltazar Brito<\/strong>, historiador y director de la Biblioteca Nacional de Antropolog\u00eda e Historia y autor de los libros&nbsp;<em>El c\u00f3dice Boturini o tira de la peregrinaci\u00f3n<\/em>&nbsp;y&nbsp;<em>El lienzo de Tlaxcala<\/em>. En este episodio, se habla sobre la manera en la que los mexicanos se reencuentran con sus c\u00f3dices e historias, mientras se abordan las preguntas \u00bfQu\u00e9 es lo que nos revelan de nuestro pasado? \u00bfEs cierto que en la fundaci\u00f3n de la Ciudad de M\u00e9xico-Tenochtitlan un \u00e1guila devoraba a una serpiente? \u00bfC\u00f3mo podemos abrirnos a otras cosmovisiones?<\/p>\n\n\n\n<p><strong><em>Un problema dif\u00edcil: \u00bfQu\u00e9 es la mente?<\/em><\/strong>&nbsp;y&nbsp;<strong><em>\u00bfPara qu\u00e9 sirve tener un mundo interno?<\/em><\/strong>&nbsp;son otros de los pr\u00f3ximos episodios que los televidentes podr\u00e1n disfrutar&nbsp;<strong>los martes<\/strong>,&nbsp;<strong>a las 19:30 horas<\/strong>,&nbsp;<strong>a partir del 11 de noviembre<\/strong>, por la&nbsp;<strong>se\u00f1al 22.1<\/strong>,por&nbsp;<strong><em><u><a rel=\"noreferrer noopener\" target=\"_blank\" href=\"https:\/\/www.canal22.org.mx\/streaming-22-1.html\">streaming<\/a><\/u><\/em><\/strong>&nbsp;en el portal de la televisora y en paralelo en el canal de&nbsp;<a rel=\"noreferrer noopener\" target=\"_blank\" href=\"https:\/\/www.youtube.com\/@canal22\">YouTube<\/a>.<\/p>\n\n\n\n<p>Por otra parte, el p\u00fablico en Estados Unidos podr\u00e1 disfrutar de la nueva temporada de&nbsp;<strong><em>La oveja el\u00e9ctrica<\/em><\/strong>&nbsp;a partir del&nbsp;<strong>martes 18 de noviembre<\/strong>,&nbsp;<strong>a las 17:00 h PT \/ 20:00 h ET<\/strong>&nbsp;por&nbsp;la se\u00f1al de&nbsp;<strong>Canal Veintid\u00f3s Internacional<\/strong>.<\/p>\n\n\n\n<p>Las mejores producciones por<strong>&nbsp;Canal Veintid\u00f3s<\/strong>, el Canal de las Culturas de M\u00e9xico.<\/p>\n","protected":false},"excerpt":{"rendered":"<p>Ciudad de M\u00e9xico, a viernes 7 de noviembre del 2025.&nbsp;La oveja el\u00e9ctrica&nbsp;deJos\u00e9 Gordon, uno de los programas emblema de&nbsp;Canal Veintid\u00f3s, estrena su d\u00e9cima novena temporada. En esta ocasi\u00f3n, cada entrega plantea preguntas que dan pauta a explorar distintos campos y temas;&nbsp;Rodrigo Medell\u00edn,&nbsp;Juan Luis Arsuaga,&nbsp;Manuel L\u00f3pez Michelone&nbsp;y&nbsp;Andr\u00e9s Cota Hiriart&nbsp;son algunos de los invitados que se unen [&hellip;]<\/p>\n","protected":false},"author":1,"featured_media":55120,"comment_status":"open","ping_status":"open","sticky":false,"template":"","format":"standard","meta":{"advanced_seo_description":"","jetpack_seo_html_title":"","jetpack_seo_noindex":false,"footnotes":"","jetpack_publicize_message":"","jetpack_is_tweetstorm":false,"jetpack_publicize_feature_enabled":true,"jetpack_social_post_already_shared":true,"jetpack_social_options":{"image_generator_settings":{"template":"highway","enabled":false}}},"categories":[26],"tags":[],"class_list":["post-55119","post","type-post","status-publish","format-standard","has-post-thumbnail","hentry","category-cultura"],"jetpack_publicize_connections":[],"jetpack_featured_media_url":"http:\/\/elcensornoticias.com\/wp-content\/uploads\/2025\/11\/La-oveja-electrica-1.jpeg","jetpack_likes_enabled":true,"jetpack_sharing_enabled":true,"jetpack_shortlink":"https:\/\/wp.me\/p6xy50-el1","_links":{"self":[{"href":"http:\/\/elcensornoticias.com\/index.php?rest_route=\/wp\/v2\/posts\/55119","targetHints":{"allow":["GET"]}}],"collection":[{"href":"http:\/\/elcensornoticias.com\/index.php?rest_route=\/wp\/v2\/posts"}],"about":[{"href":"http:\/\/elcensornoticias.com\/index.php?rest_route=\/wp\/v2\/types\/post"}],"author":[{"embeddable":true,"href":"http:\/\/elcensornoticias.com\/index.php?rest_route=\/wp\/v2\/users\/1"}],"replies":[{"embeddable":true,"href":"http:\/\/elcensornoticias.com\/index.php?rest_route=%2Fwp%2Fv2%2Fcomments&post=55119"}],"version-history":[{"count":1,"href":"http:\/\/elcensornoticias.com\/index.php?rest_route=\/wp\/v2\/posts\/55119\/revisions"}],"predecessor-version":[{"id":55121,"href":"http:\/\/elcensornoticias.com\/index.php?rest_route=\/wp\/v2\/posts\/55119\/revisions\/55121"}],"wp:featuredmedia":[{"embeddable":true,"href":"http:\/\/elcensornoticias.com\/index.php?rest_route=\/wp\/v2\/media\/55120"}],"wp:attachment":[{"href":"http:\/\/elcensornoticias.com\/index.php?rest_route=%2Fwp%2Fv2%2Fmedia&parent=55119"}],"wp:term":[{"taxonomy":"category","embeddable":true,"href":"http:\/\/elcensornoticias.com\/index.php?rest_route=%2Fwp%2Fv2%2Fcategories&post=55119"},{"taxonomy":"post_tag","embeddable":true,"href":"http:\/\/elcensornoticias.com\/index.php?rest_route=%2Fwp%2Fv2%2Ftags&post=55119"}],"curies":[{"name":"wp","href":"https:\/\/api.w.org\/{rel}","templated":true}]}}