{"id":55107,"date":"2025-11-08T00:36:50","date_gmt":"2025-11-08T00:36:50","guid":{"rendered":"http:\/\/elcensornoticias.com\/?p=55107"},"modified":"2025-11-08T00:37:31","modified_gmt":"2025-11-08T00:37:31","slug":"seminario-de-filosofia-de-la-educacion-del-ilce","status":"publish","type":"post","link":"http:\/\/elcensornoticias.com\/?p=55107","title":{"rendered":"Seminario de Filosof\u00eda de la Educaci\u00f3n del ILCE"},"content":{"rendered":"\n<p>&nbsp;Destac\u00f3 logros del programa de Educaci\u00f3n Inicial que lidera la UATx a nivel nacional<\/p>\n\n\n\n<p>Invitado por el Instituto Latinoamericano de Comunicaci\u00f3n Educativa (ILCE), el Doctor Seraf\u00edn Ortiz Ortiz, Rector de la Universidad Aut\u00f3noma de Tlaxcala (UATx), particip\u00f3 como comentarista de la ponencia&nbsp;\ud835\udc0b\ud835\udc1a&nbsp;\ud835\udc04\ud835\udc1d\ud835\udc2e\ud835\udc1c\ud835\udc1a\ud835\udc1c\ud835\udc22\ud835\udc28\u0301\ud835\udc27&nbsp;\ud835\udc32&nbsp;\ud835\udc1e\ud835\udc25&nbsp;\ud835\udc04\ud835\udc2c\ud835\udc2d\ud835\udc1a\ud835\udc1d\ud835\udc28&nbsp;\ud835\udc1d\ud835\udc1e&nbsp;\ud835\udc03\ud835\udc1e\ud835\udc2b\ud835\udc1e\ud835\udc1c\ud835\udc21\ud835\udc28, que imparti\u00f3 el Doctor Marcial Manuel Cruz V\u00e1zquez, Coordinador de Proyectos Educativos y Posgrado del ILCE, en la tercera sesi\u00f3n del Seminario de Filosof\u00eda de la Educaci\u00f3n.<\/p>\n\n\n\n<p>En dicho foro acad\u00e9mico, el Doctor Cruz V\u00e1zquez propuso una reflexi\u00f3n cr\u00edtica sobre la relaci\u00f3n entre los derechos humanos y el derecho a la educaci\u00f3n en M\u00e9xico, desde una perspectiva te\u00f3rica y filos\u00f3fica que analiza los retos del Estado de derecho para garantizar este derecho fundamental, as\u00ed como las contradicciones entre un orden jur\u00eddico liberal y una educaci\u00f3n que, en la pr\u00e1ctica, reproduce desigualdades sociales.<\/p>\n\n\n\n<p>Por su parte, el Doctor Ortiz Ortiz destac\u00f3 la importancia de repensar los fundamentos del Estado moderno y avanzar hacia un modelo republicano, abierto a nuevas interpretaciones desde la teor\u00eda cr\u00edtica.<\/p>\n\n\n\n<p>Esta visi\u00f3n, prosigui\u00f3, se alinea con el Modelo Humanista Integrador basado en Capacidades (MHIC) de la UATx, que orienta la vida universitaria de la Aut\u00f3noma de Tlaxcala y coloca al estudiante en el centro del proceso educativo.<\/p>\n\n\n\n<p>De igual forma, el Rector habl\u00f3 sobre la excelencia acad\u00e9mica, la gratuidad, el car\u00e1cter laico, la equidad y la inclusi\u00f3n, subrayando la necesidad de formar individuos cr\u00edticos, comprometidos con la transformaci\u00f3n social, la praxis profesional y la autorrealizaci\u00f3n.<\/p>\n\n\n\n<p>En otro momento de su intervenci\u00f3n, el Doctor Seraf\u00edn Ortiz enfatiz\u00f3 en la apuesta por la educaci\u00f3n inicial, dirigida a profesores, cuidadores y tutores de ni\u00f1as y ni\u00f1os de 0 a 3 a\u00f1os, como base de una sociedad m\u00e1s justa y humanista.<\/p>\n\n\n\n<p>Para concluir su intervenci\u00f3n, coincidi\u00f3 con el pensamiento kantiano al recordar que \u201cdebemos obrar de acuerdo con una m\u00e1xima que pueda convertirse en una ley universal\u201d, reafirmando el compromiso \u00e9tico que debe acompa\u00f1ar toda acci\u00f3n educativa.<\/p>\n","protected":false},"excerpt":{"rendered":"<p>&nbsp;Destac\u00f3 logros del programa de Educaci\u00f3n Inicial que lidera la UATx a nivel nacional Invitado por el Instituto Latinoamericano de Comunicaci\u00f3n Educativa (ILCE), el Doctor Seraf\u00edn Ortiz Ortiz, Rector de la Universidad Aut\u00f3noma de Tlaxcala (UATx), particip\u00f3 como comentarista de la ponencia&nbsp;\ud835\udc0b\ud835\udc1a&nbsp;\ud835\udc04\ud835\udc1d\ud835\udc2e\ud835\udc1c\ud835\udc1a\ud835\udc1c\ud835\udc22\ud835\udc28\u0301\ud835\udc27&nbsp;\ud835\udc32&nbsp;\ud835\udc1e\ud835\udc25&nbsp;\ud835\udc04\ud835\udc2c\ud835\udc2d\ud835\udc1a\ud835\udc1d\ud835\udc28&nbsp;\ud835\udc1d\ud835\udc1e&nbsp;\ud835\udc03\ud835\udc1e\ud835\udc2b\ud835\udc1e\ud835\udc1c\ud835\udc21\ud835\udc28, que imparti\u00f3 el Doctor Marcial Manuel Cruz V\u00e1zquez, Coordinador de Proyectos Educativos y [&hellip;]<\/p>\n","protected":false},"author":1,"featured_media":55108,"comment_status":"open","ping_status":"open","sticky":false,"template":"","format":"standard","meta":{"advanced_seo_description":"","jetpack_seo_html_title":"","jetpack_seo_noindex":false,"footnotes":"","jetpack_publicize_message":"","jetpack_is_tweetstorm":false,"jetpack_publicize_feature_enabled":true,"jetpack_social_post_already_shared":true,"jetpack_social_options":{"image_generator_settings":{"template":"highway","enabled":false}}},"categories":[2,28],"tags":[],"class_list":["post-55107","post","type-post","status-publish","format-standard","has-post-thumbnail","hentry","category-destacadas","category-educacion"],"jetpack_publicize_connections":[],"jetpack_featured_media_url":"http:\/\/elcensornoticias.com\/wp-content\/uploads\/2025\/11\/7-Presenta-Rector-de-la-UATx-atributos-del-modelo-universitario-en-Seminario-de-Filosofia-de-la-Educacion-del-ILCE-3.jpeg","jetpack_likes_enabled":true,"jetpack_sharing_enabled":true,"jetpack_shortlink":"https:\/\/wp.me\/p6xy50-ekP","_links":{"self":[{"href":"http:\/\/elcensornoticias.com\/index.php?rest_route=\/wp\/v2\/posts\/55107","targetHints":{"allow":["GET"]}}],"collection":[{"href":"http:\/\/elcensornoticias.com\/index.php?rest_route=\/wp\/v2\/posts"}],"about":[{"href":"http:\/\/elcensornoticias.com\/index.php?rest_route=\/wp\/v2\/types\/post"}],"author":[{"embeddable":true,"href":"http:\/\/elcensornoticias.com\/index.php?rest_route=\/wp\/v2\/users\/1"}],"replies":[{"embeddable":true,"href":"http:\/\/elcensornoticias.com\/index.php?rest_route=%2Fwp%2Fv2%2Fcomments&post=55107"}],"version-history":[{"count":1,"href":"http:\/\/elcensornoticias.com\/index.php?rest_route=\/wp\/v2\/posts\/55107\/revisions"}],"predecessor-version":[{"id":55109,"href":"http:\/\/elcensornoticias.com\/index.php?rest_route=\/wp\/v2\/posts\/55107\/revisions\/55109"}],"wp:featuredmedia":[{"embeddable":true,"href":"http:\/\/elcensornoticias.com\/index.php?rest_route=\/wp\/v2\/media\/55108"}],"wp:attachment":[{"href":"http:\/\/elcensornoticias.com\/index.php?rest_route=%2Fwp%2Fv2%2Fmedia&parent=55107"}],"wp:term":[{"taxonomy":"category","embeddable":true,"href":"http:\/\/elcensornoticias.com\/index.php?rest_route=%2Fwp%2Fv2%2Fcategories&post=55107"},{"taxonomy":"post_tag","embeddable":true,"href":"http:\/\/elcensornoticias.com\/index.php?rest_route=%2Fwp%2Fv2%2Ftags&post=55107"}],"curies":[{"name":"wp","href":"https:\/\/api.w.org\/{rel}","templated":true}]}}