{"id":55099,"date":"2025-11-07T03:06:32","date_gmt":"2025-11-07T03:06:32","guid":{"rendered":"http:\/\/elcensornoticias.com\/?p=55099"},"modified":"2025-11-07T03:06:40","modified_gmt":"2025-11-07T03:06:40","slug":"dialogo-para-la-rehabilitacion-del-parque-de-la-juventud","status":"publish","type":"post","link":"http:\/\/elcensornoticias.com\/?p=55099","title":{"rendered":"DI\u00c1LOGO PARA LA REHABILITACI\u00d3N DEL PARQUE DE LA JUVENTUD"},"content":{"rendered":"\n<p>Un grupo de ciudadanos reconoce el inter\u00e9s de autoridades para iniciar una ruta de trabajo conjunta entre sociedad y gobierno; abordan temas de infraestructura, especies arb\u00f3reas y sanidad vegetal.<\/p>\n\n\n\n<p>El Gobierno del Estado, a trav\u00e9s de las Secretar\u00edas de Medio Ambiente (SMA) y de Infraestructura (SI), y con la participaci\u00f3n de instancias federales del sector ambiental, llev\u00f3 a cabo la segunda mesa de trabajo con un grupo de ciudadanos interesados en el proyecto de rehabilitaci\u00f3n del Parque de la Juventud.&nbsp;<\/p>\n\n\n\n<p>Durante el encuentro, las autoridades enfatizaron que, por instrucci\u00f3n de la gobernadora Lorena Cu\u00e9llar Cisneros, se atender\u00e1n los planteamientos que realicen los usuarios del parque.&nbsp;<\/p>\n\n\n\n<p>En la tercera reuni\u00f3n que se ha llevado a cabo entre gobierno y sociedad, abordaron temas relacionados con infraestructura, introducci\u00f3n de especies arb\u00f3reas y la sanidad de plantas existentes donde tendr\u00e1 sede la Ciudad de la Juventud.<\/p>\n\n\n\n<p>El titular de la SI, Eduardo Rub\u00e9n Hern\u00e1ndez Tapia, explic\u00f3 que el proyecto contempla una ciclov\u00eda, la rehabilitaci\u00f3n de una pista para correr o trotar, el acceso principal, un estacionamiento para usuarios del parque, as\u00ed como un cuerpo de agua o estanque que se alimentar\u00e1 con agua proveniente de la Planta de Tratamiento de Aguas Residuales (PTAR) Tlaxcala. Dijo que el sitio no contar\u00e1 con la alberca ol\u00edmpica.<\/p>\n\n\n\n<p>A su vez, el secretario de la SMA, Pedro Aquino Alvarado, inform\u00f3 que se ha invitado al estado al Comisionado Nacional de \u00c1reas Naturales Protegidas, y como parte de una agenda de trabajo conjunta, se abordar\u00e1 el tema del Parque Nacional Xicot\u00e9ncatl, considerado un \u00c1rea Natural Protegida de car\u00e1cter federal.&nbsp;<\/p>\n\n\n\n<p>\u201cEst\u00e1 promoviendo mucho toda la gesti\u00f3n comunitaria, y se los coment\u00e9 la vez pasada que nos vimos en el sitio, en el Parque de la Juventud, que como dispone la ley se forman los programas de manejo con las comunidades; las comunidades eligen a las personas que les representan y preside el consejo asesor del \u00e1rea una persona de la comunidad. No lo preside un funcionario, lo preside la sociedad y se da participaci\u00f3n cuando existen comunidades originarias. Es muy plural, e insisto, si hay una secretar\u00eda t\u00e9cnica que depende de la Comisi\u00f3n Nacional de \u00c1reas Naturales Protegidas\u201d, explic\u00f3.<\/p>\n\n\n\n<p>Respecto a la reintroducci\u00f3n de especies nativas, se mencion\u00f3 al tlaxistle, fresno, sabino, y el color\u00edn como opciones viables para la integraci\u00f3n de un microcorredor biol\u00f3gico urbano, conectado con otras \u00e1reas verdes.<\/p>\n\n\n\n<p>El titular de la oficina de representaci\u00f3n de la Comisi\u00f3n nacional Forestal (Conafor) en Tlaxcala, Isaac Santiago Ju\u00e1rez, detall\u00f3 que se realiza un inventario del arbolado en el Parque de la Juventud.&nbsp;<\/p>\n\n\n\n<p>\u201cPara saber cu\u00e1ntos \u00e1rboles tenemos, de qu\u00e9 especie tenemos, de qu\u00e9 di\u00e1metro los tenemos y de qu\u00e9 alturas. No tiene ning\u00fan otro objetivo m\u00e1s que tener el diagn\u00f3stico del parque, tener m\u00e1s informaci\u00f3n. Pero con una aclaraci\u00f3n, van a ser intervenidos, no derribados\u201d, puntualiz\u00f3.&nbsp;<\/p>\n\n\n\n<p>Ante lo expuesto, el grupo de ciudadanos mostr\u00f3 disposici\u00f3n para construir una soluci\u00f3n para la redignificaci\u00f3n del Parque de la Juventud, \u201cporque, si bien es cierto esta administraci\u00f3n que encabeza la licenciada Lorena Cu\u00e9llar tiene el inter\u00e9s decidido de escuchar a la sociedad, de atender las demandas de la sociedad. (\u2026) Es tambi\u00e9n momento de reconocer la civilidad, la seriedad con que se ha manejado esta mesa, y el inter\u00e9s del Gobierno del Estado para iniciar una ruta de trabajo conjunta, sociedad y gobierno\u201d.<\/p>\n\n\n\n<p>Los integrantes de la mesa acordaron una pr\u00f3xima reuni\u00f3n para el lunes 10 de noviembre.<\/p>\n","protected":false},"excerpt":{"rendered":"<p>Un grupo de ciudadanos reconoce el inter\u00e9s de autoridades para iniciar una ruta de trabajo conjunta entre sociedad y gobierno; abordan temas de infraestructura, especies arb\u00f3reas y sanidad vegetal. El Gobierno del Estado, a trav\u00e9s de las Secretar\u00edas de Medio Ambiente (SMA) y de Infraestructura (SI), y con la participaci\u00f3n de instancias federales del sector [&hellip;]<\/p>\n","protected":false},"author":1,"featured_media":55100,"comment_status":"open","ping_status":"open","sticky":false,"template":"","format":"standard","meta":{"advanced_seo_description":"","jetpack_seo_html_title":"","jetpack_seo_noindex":false,"footnotes":"","jetpack_publicize_message":"","jetpack_is_tweetstorm":false,"jetpack_publicize_feature_enabled":true,"jetpack_social_post_already_shared":true,"jetpack_social_options":{"image_generator_settings":{"template":"highway","enabled":false}}},"categories":[2,3],"tags":[],"class_list":["post-55099","post","type-post","status-publish","format-standard","has-post-thumbnail","hentry","category-destacadas","category-gobierno"],"jetpack_publicize_connections":[],"jetpack_featured_media_url":"http:\/\/elcensornoticias.com\/wp-content\/uploads\/2025\/11\/IMG-20251106-WA0055.jpg","jetpack_likes_enabled":true,"jetpack_sharing_enabled":true,"jetpack_shortlink":"https:\/\/wp.me\/p6xy50-ekH","_links":{"self":[{"href":"http:\/\/elcensornoticias.com\/index.php?rest_route=\/wp\/v2\/posts\/55099","targetHints":{"allow":["GET"]}}],"collection":[{"href":"http:\/\/elcensornoticias.com\/index.php?rest_route=\/wp\/v2\/posts"}],"about":[{"href":"http:\/\/elcensornoticias.com\/index.php?rest_route=\/wp\/v2\/types\/post"}],"author":[{"embeddable":true,"href":"http:\/\/elcensornoticias.com\/index.php?rest_route=\/wp\/v2\/users\/1"}],"replies":[{"embeddable":true,"href":"http:\/\/elcensornoticias.com\/index.php?rest_route=%2Fwp%2Fv2%2Fcomments&post=55099"}],"version-history":[{"count":1,"href":"http:\/\/elcensornoticias.com\/index.php?rest_route=\/wp\/v2\/posts\/55099\/revisions"}],"predecessor-version":[{"id":55101,"href":"http:\/\/elcensornoticias.com\/index.php?rest_route=\/wp\/v2\/posts\/55099\/revisions\/55101"}],"wp:featuredmedia":[{"embeddable":true,"href":"http:\/\/elcensornoticias.com\/index.php?rest_route=\/wp\/v2\/media\/55100"}],"wp:attachment":[{"href":"http:\/\/elcensornoticias.com\/index.php?rest_route=%2Fwp%2Fv2%2Fmedia&parent=55099"}],"wp:term":[{"taxonomy":"category","embeddable":true,"href":"http:\/\/elcensornoticias.com\/index.php?rest_route=%2Fwp%2Fv2%2Fcategories&post=55099"},{"taxonomy":"post_tag","embeddable":true,"href":"http:\/\/elcensornoticias.com\/index.php?rest_route=%2Fwp%2Fv2%2Ftags&post=55099"}],"curies":[{"name":"wp","href":"https:\/\/api.w.org\/{rel}","templated":true}]}}