{"id":55083,"date":"2025-11-07T02:51:58","date_gmt":"2025-11-07T02:51:58","guid":{"rendered":"http:\/\/elcensornoticias.com\/?p=55083"},"modified":"2025-11-07T02:52:05","modified_gmt":"2025-11-07T02:52:05","slug":"mx-nuestro-cine-estrena-libra-x-libra","status":"publish","type":"post","link":"http:\/\/elcensornoticias.com\/?p=55083","title":{"rendered":"MX NUESTRO CINE ESTRENA\u00a0LIBRA X LIBRA"},"content":{"rendered":"\n<p><strong>UN VIAJE \u00cdNTIMO A LA CARRERA DEL BOXEADOR JUAN MANUEL M\u00c1RQUEZ<\/strong><\/p>\n\n\n\n<ul class=\"wp-block-list\">\n<li><strong>Un documental que profundiza\u00a0en la vida profesional y personal del cuatro veces campe\u00f3n mundial de boxeo<\/strong><\/li>\n\n\n\n<li><strong>Estreno: s\u00e1bado 8 de noviembre, a las 21:00 horas, por MX Nuestro Cine<\/strong><\/li>\n<\/ul>\n\n\n\n<p>Ciudad de M\u00e9xico, a 5 de noviembre de 2025.&nbsp;MX Nuestro Cine&nbsp;presenta el estreno de&nbsp;<em>Libra x Libra<\/em>, documental dirigido por&nbsp;Rodrigo Le\u00f3n&nbsp;que introduce al espectador al mundo del boxeo de \u00e9lite a trav\u00e9s de los ojos del boxeador mexicano Juan Manuel M\u00e1rquez.<\/p>\n\n\n\n<p>Promocional&nbsp;<em><u><a rel=\"noreferrer noopener\" target=\"_blank\" href=\"https:\/\/youtu.be\/afRiwM7sg0k?si=PQwSayNuzEQxUluD\">Libra x Libra<\/a><\/u><\/em><\/p>\n\n\n\n<p>La cinta brinda acceso exclusivo a las cuerdas del ring para conocer la vida del peleador, concentr\u00e1ndose en la hist\u00f3rica tercera pelea contra Manny Pacquiao en Las Vegas en el a\u00f1o 2011, revelando la verdad detr\u00e1s de esta legendaria rivalidad. El proyecto naci\u00f3 tras el nocaut a Michael Katsidis en 2010, buscando mostrar la trayectoria de un deportista forjado con trabajo y sacrificio.<\/p>\n\n\n\n<p>Rodrigo Le\u00f3n coment\u00f3 que la realizaci\u00f3n del documental, grabado entre Ciudad de M\u00e9xico, Filipinas, Nueva York, Los \u00c1ngeles, entre otros, tuvo una duraci\u00f3n de a\u00f1o y medio.&nbsp;<em>Libra x Libra<\/em>&nbsp;se erige como un homenaje a la carrera box\u00edstica de uno de los mejores peleadores&nbsp;<em>libra por libra<\/em>&nbsp;del mundo.<\/p>\n\n\n\n<p>De esta manera, la&nbsp;se\u00f1al 22.2&nbsp;abre una ventana para invitar al p\u00fablico a conocer la historia detr\u00e1s del \u00eddolo del boxeo con en este estreno televisivo que tendr\u00e1 lugar el pr\u00f3ximo&nbsp;s\u00e1bado 8 de noviembre a las 21:00 horas.<\/p>\n\n\n\n<p>Los mejores especiales por&nbsp;<strong>MX&nbsp;Nuestro&nbsp;Cine<\/strong>, el canal dedicado al&nbsp;cine&nbsp;mexicano y latinoamericano de&nbsp;<strong>Canal Veintid\u00f3s<\/strong>.<\/p>\n","protected":false},"excerpt":{"rendered":"<p>UN VIAJE \u00cdNTIMO A LA CARRERA DEL BOXEADOR JUAN MANUEL M\u00c1RQUEZ Ciudad de M\u00e9xico, a 5 de noviembre de 2025.&nbsp;MX Nuestro Cine&nbsp;presenta el estreno de&nbsp;Libra x Libra, documental dirigido por&nbsp;Rodrigo Le\u00f3n&nbsp;que introduce al espectador al mundo del boxeo de \u00e9lite a trav\u00e9s de los ojos del boxeador mexicano Juan Manuel M\u00e1rquez. Promocional&nbsp;Libra x Libra La [&hellip;]<\/p>\n","protected":false},"author":1,"featured_media":55084,"comment_status":"open","ping_status":"open","sticky":false,"template":"","format":"standard","meta":{"advanced_seo_description":"","jetpack_seo_html_title":"","jetpack_seo_noindex":false,"footnotes":"","jetpack_publicize_message":"","jetpack_is_tweetstorm":false,"jetpack_publicize_feature_enabled":true,"jetpack_social_post_already_shared":true,"jetpack_social_options":{"image_generator_settings":{"template":"highway","enabled":false}}},"categories":[26,25],"tags":[],"class_list":["post-55083","post","type-post","status-publish","format-standard","has-post-thumbnail","hentry","category-cultura","category-deportes"],"jetpack_publicize_connections":[],"jetpack_featured_media_url":"http:\/\/elcensornoticias.com\/wp-content\/uploads\/2025\/11\/Libra-x-Libra.jpeg","jetpack_likes_enabled":true,"jetpack_sharing_enabled":true,"jetpack_shortlink":"https:\/\/wp.me\/p6xy50-ekr","_links":{"self":[{"href":"http:\/\/elcensornoticias.com\/index.php?rest_route=\/wp\/v2\/posts\/55083","targetHints":{"allow":["GET"]}}],"collection":[{"href":"http:\/\/elcensornoticias.com\/index.php?rest_route=\/wp\/v2\/posts"}],"about":[{"href":"http:\/\/elcensornoticias.com\/index.php?rest_route=\/wp\/v2\/types\/post"}],"author":[{"embeddable":true,"href":"http:\/\/elcensornoticias.com\/index.php?rest_route=\/wp\/v2\/users\/1"}],"replies":[{"embeddable":true,"href":"http:\/\/elcensornoticias.com\/index.php?rest_route=%2Fwp%2Fv2%2Fcomments&post=55083"}],"version-history":[{"count":1,"href":"http:\/\/elcensornoticias.com\/index.php?rest_route=\/wp\/v2\/posts\/55083\/revisions"}],"predecessor-version":[{"id":55085,"href":"http:\/\/elcensornoticias.com\/index.php?rest_route=\/wp\/v2\/posts\/55083\/revisions\/55085"}],"wp:featuredmedia":[{"embeddable":true,"href":"http:\/\/elcensornoticias.com\/index.php?rest_route=\/wp\/v2\/media\/55084"}],"wp:attachment":[{"href":"http:\/\/elcensornoticias.com\/index.php?rest_route=%2Fwp%2Fv2%2Fmedia&parent=55083"}],"wp:term":[{"taxonomy":"category","embeddable":true,"href":"http:\/\/elcensornoticias.com\/index.php?rest_route=%2Fwp%2Fv2%2Fcategories&post=55083"},{"taxonomy":"post_tag","embeddable":true,"href":"http:\/\/elcensornoticias.com\/index.php?rest_route=%2Fwp%2Fv2%2Ftags&post=55083"}],"curies":[{"name":"wp","href":"https:\/\/api.w.org\/{rel}","templated":true}]}}