{"id":55079,"date":"2025-11-07T02:48:50","date_gmt":"2025-11-07T02:48:50","guid":{"rendered":"http:\/\/elcensornoticias.com\/?p=55079"},"modified":"2025-11-07T02:49:08","modified_gmt":"2025-11-07T02:49:08","slug":"paquete-economico-2026-fortalece-los-programas-sociales-diputado-ray-vazquez-conchas","status":"publish","type":"post","link":"http:\/\/elcensornoticias.com\/?p=55079","title":{"rendered":"Paquete Econ\u00f3mico 2026 fortalece los programas sociales: Diputado Ray V\u00e1zquez Conchas"},"content":{"rendered":"\n<p>El Diputado Federal por Tlaxcala, Ray V\u00e1zquez Conchas, expres\u00f3 que tras una marat\u00f3nica sesi\u00f3n que se extendi\u00f3 hasta la madrugada de este jueves, la C\u00e1mara de Diputados aprob\u00f3 en lo particular el Presupuesto de Egresos de la Federaci\u00f3n (PEF) 2026, que contempla un gasto neto total de 10 billones 193 mil 683.7 millones de pesos, 5.9 % por m\u00e1s que en 2025, y el cual; se traducir\u00e1 en mayor bienestar social para M\u00e9xico.<\/p>\n\n\n\n<p>\u201cEl Presupuesto servir\u00e1 para beneficiar en los diferentes rubros a nuestra naci\u00f3n, la Presidenta Claudia Sheinbaum Pardo ser\u00e1 la encargada de administrar estos recursos, que vienen a mejorar las pol\u00edticas p\u00fablicas en este ejercicio fiscal\u201d, destac\u00f3 el Legislador Federal.<\/p>\n\n\n\n<p>El documento que deriva del Paquete Econ\u00f3mico remitido por la presidencia de la Rep\u00fablica expone que el gasto implica un incremento de 891 mil 667.9 millones de pesos, 5.9 por ciento en t\u00e9rminos reales comparado con lo aprobado para el ejercicio 2025.<\/p>\n\n\n\n<p>Para 2026 se proponen recursos presupuestarios para programas prioritarios de car\u00e1cter social como Pensi\u00f3n para Personas Adultas Mayores, con 526, 508 millones de pesos ; Programas de Becas Benito Ju\u00e1rez, que incluyen Beca Rita Cetina, Becas Nivel Medio Superior y Becas Universitarias, que en conjunto suman 184, 595 millones de pesos.<\/p>\n\n\n\n<p>Para la Pensi\u00f3n Mujeres Bienestar es de 56, 969 millones de pesos; Sembrando Vida con 40, 664 millones de pesos; y otros programas prioritarios sociales relevantes son Pensi\u00f3n para Personas con Discapacidad con 36, 266 millones de pesos, y Programa de Vivienda Social con 33, 280 millones de pesos.<\/p>\n\n\n\n<p>Las asignaciones previstas en el PEF 2026 para los gobiernos locales (Gasto Federalizado), que se integran por participaciones, aportaciones, convenios de coordinaci\u00f3n, salud p\u00fablica y otros subsidios, suman 2 billones 810, 771.1 millones de pesos, 3 por ciento m\u00e1s en t\u00e9rminos reales que en el aprobado de 2025.<\/p>\n\n\n\n<p>Luego de la aprobaci\u00f3n en lo general y en la discusi\u00f3n de las reservas en lo particular, con 355 votos a favor, 132 en contra y cero abstenciones se aprob\u00f3 el Paquete Econ\u00f3mico con diversas adecuaciones por 17 mil 788 millones 100 mil pesos para la reasignaci\u00f3n de recursos a rubros como educaci\u00f3n, medio ambiente, salud, infraestructura y trabajo, por mencionar algunos.<\/p>\n\n\n\n<p>Es as\u00ed como el Congresista Ray V\u00e1zquez Conchas reafirm\u00f3 su compromiso de legislar a favor de los sectores m\u00e1s vulnerables, pues el Paquete Econ\u00f3mico tendr\u00e1 una inversi\u00f3n social hist\u00f3rica, pero tambi\u00e9n un apoyo significativo a la educaci\u00f3n, cultura, ciencia y tecnolog\u00eda.&nbsp;<\/p>\n","protected":false},"excerpt":{"rendered":"<p>El Diputado Federal por Tlaxcala, Ray V\u00e1zquez Conchas, expres\u00f3 que tras una marat\u00f3nica sesi\u00f3n que se extendi\u00f3 hasta la madrugada de este jueves, la C\u00e1mara de Diputados aprob\u00f3 en lo particular el Presupuesto de Egresos de la Federaci\u00f3n (PEF) 2026, que contempla un gasto neto total de 10 billones 193 mil 683.7 millones de pesos, [&hellip;]<\/p>\n","protected":false},"author":1,"featured_media":55080,"comment_status":"open","ping_status":"open","sticky":false,"template":"","format":"standard","meta":{"advanced_seo_description":"","jetpack_seo_html_title":"","jetpack_seo_noindex":false,"footnotes":"","jetpack_publicize_message":"","jetpack_is_tweetstorm":false,"jetpack_publicize_feature_enabled":true,"jetpack_social_post_already_shared":true,"jetpack_social_options":{"image_generator_settings":{"template":"highway","enabled":false}}},"categories":[5,3],"tags":[],"class_list":["post-55079","post","type-post","status-publish","format-standard","has-post-thumbnail","hentry","category-carrucel","category-gobierno"],"jetpack_publicize_connections":[],"jetpack_featured_media_url":"http:\/\/elcensornoticias.com\/wp-content\/uploads\/2025\/11\/PEF-2026-1.2.jpeg","jetpack_likes_enabled":true,"jetpack_sharing_enabled":true,"jetpack_shortlink":"https:\/\/wp.me\/p6xy50-ekn","_links":{"self":[{"href":"http:\/\/elcensornoticias.com\/index.php?rest_route=\/wp\/v2\/posts\/55079","targetHints":{"allow":["GET"]}}],"collection":[{"href":"http:\/\/elcensornoticias.com\/index.php?rest_route=\/wp\/v2\/posts"}],"about":[{"href":"http:\/\/elcensornoticias.com\/index.php?rest_route=\/wp\/v2\/types\/post"}],"author":[{"embeddable":true,"href":"http:\/\/elcensornoticias.com\/index.php?rest_route=\/wp\/v2\/users\/1"}],"replies":[{"embeddable":true,"href":"http:\/\/elcensornoticias.com\/index.php?rest_route=%2Fwp%2Fv2%2Fcomments&post=55079"}],"version-history":[{"count":1,"href":"http:\/\/elcensornoticias.com\/index.php?rest_route=\/wp\/v2\/posts\/55079\/revisions"}],"predecessor-version":[{"id":55081,"href":"http:\/\/elcensornoticias.com\/index.php?rest_route=\/wp\/v2\/posts\/55079\/revisions\/55081"}],"wp:featuredmedia":[{"embeddable":true,"href":"http:\/\/elcensornoticias.com\/index.php?rest_route=\/wp\/v2\/media\/55080"}],"wp:attachment":[{"href":"http:\/\/elcensornoticias.com\/index.php?rest_route=%2Fwp%2Fv2%2Fmedia&parent=55079"}],"wp:term":[{"taxonomy":"category","embeddable":true,"href":"http:\/\/elcensornoticias.com\/index.php?rest_route=%2Fwp%2Fv2%2Fcategories&post=55079"},{"taxonomy":"post_tag","embeddable":true,"href":"http:\/\/elcensornoticias.com\/index.php?rest_route=%2Fwp%2Fv2%2Ftags&post=55079"}],"curies":[{"name":"wp","href":"https:\/\/api.w.org\/{rel}","templated":true}]}}