{"id":55059,"date":"2025-11-06T19:40:46","date_gmt":"2025-11-06T19:40:46","guid":{"rendered":"http:\/\/elcensornoticias.com\/?p=55059"},"modified":"2025-11-06T19:40:49","modified_gmt":"2025-11-06T19:40:49","slug":"%f0%9d%90%95%f0%9d%90%88%f0%9d%90%88%f0%9d%90%88-%f0%9d%90%82%f0%9d%90%a8%f0%9d%90%a7%f0%9d%90%a0%f0%9d%90%ab%f0%9d%90%9e%f0%9d%90%ac%f0%9d%90%a8-%f0%9d%90%a2%f0%9d%90%a7%f0%9d%90%ad","status":"publish","type":"post","link":"http:\/\/elcensornoticias.com\/?p=55059","title":{"rendered":"\ud835\udc15\ud835\udc08\ud835\udc08\ud835\udc08\u00a0\ud835\udc02\ud835\udc28\ud835\udc27\ud835\udc20\ud835\udc2b\ud835\udc1e\ud835\udc2c\ud835\udc28\u00a0\ud835\udc22\ud835\udc27\ud835\udc2d\ud835\udc1e\ud835\udc2b\ud835\udc27\ud835\udc1a\ud835\udc1c\ud835\udc22\ud835\udc28\ud835\udc27\ud835\udc1a\ud835\udc25\u00a0\ud835\udc1e\ud835\udc27\u00a0\ud835\udc1e\ud835\udc2c\ud835\udc2d\ud835\udc2e\ud835\udc1d\ud835\udc22\ud835\udc28\ud835\udc2c\u00a0\ud835\udc1d\ud835\udc1e\u00a0\ud835\udc25\ud835\udc1a\ud835\udc2c\u00a0\ud835\udc05\ud835\udc1a\ud835\udc26\ud835\udc22\ud835\udc25\ud835\udc22\ud835\udc1a\ud835\udc2c"},"content":{"rendered":"\n<p><strong>La UATx alienta el di\u00e1logo internacional<\/strong> <strong>sobre estudios de las familias<\/strong><\/p>\n\n\n\n<p> Inaugur\u00f3 Rector trabajos del encuentro que re\u00fane a investigadores de seis pa\u00edses<\/p>\n\n\n\n<p>Investigadores de Colombia, Ecuador, Cuba, Puerto Rico y M\u00e9xico, y en modalidad virtual Argentina, participan como ponentes en el\u00a0\u00a0\ud835\udc15\ud835\udc08\ud835\udc08\ud835\udc08\u00a0\ud835\udc02\ud835\udc28\ud835\udc27\ud835\udc20\ud835\udc2b\ud835\udc1e\ud835\udc2c\ud835\udc28\u00a0\ud835\udc22\ud835\udc27\ud835\udc2d\ud835\udc1e\ud835\udc2b\ud835\udc27\ud835\udc1a\ud835\udc1c\ud835\udc22\ud835\udc28\ud835\udc27\ud835\udc1a\ud835\udc25\u00a0\ud835\udc1e\ud835\udc27\u00a0\ud835\udc1e\ud835\udc2c\ud835\udc2d\ud835\udc2e\ud835\udc1d\ud835\udc22\ud835\udc28\ud835\udc2c\u00a0\ud835\udc1d\ud835\udc1e\u00a0\ud835\udc25\ud835\udc1a\ud835\udc2c\u00a0\ud835\udc05\ud835\udc1a\ud835\udc26\ud835\udc22\ud835\udc25\ud835\udc22\ud835\udc1a\ud835\udc2c:\u00a0\ud835\udc04\ud835\udc31\ud835\udc29\ud835\udc1e\ud835\udc2b\ud835\udc22\ud835\udc1e\ud835\udc27\ud835\udc1c\ud835\udc22\ud835\udc1a\ud835\udc2c\u00a0\ud835\udc1c\ud835\udc28\ud835\udc26\ud835\udc2e\ud835\udc27\ud835\udc22\ud835\udc2d\ud835\udc1a\ud835\udc2b\ud835\udc22\ud835\udc1a\ud835\udc2c\u00a0\ud835\udc1d\ud835\udc1e\u00a0\ud835\udc2d\ud835\udc2b\ud835\udc1a\ud835\udc1b\ud835\udc1a\ud835\udc23\ud835\udc28\u00a0\ud835\udc32\u00a0\ud835\udc1a\ud835\udc1c\ud835\udc28\ud835\udc26\ud835\udc29\ud835\udc1a\ud835\udc27\ud835\udc1a\ud835\udc26\ud835\udc22\ud835\udc1e\ud835\udc27\ud835\udc2d\ud835\udc28\u00a0\ud835\udc1c\ud835\udc28\ud835\udc27\u00a0\ud835\udc32\u00a0\ud835\udc29\ud835\udc1a\ud835\udc2b\ud835\udc1a\u00a0\ud835\udc25\ud835\udc1a\ud835\udc2c\u00a0\ud835\udc1f\ud835\udc1a\ud835\udc26\ud835\udc22\ud835\udc25\ud835\udc22\ud835\udc1a\ud835\udc2c\u00a0\ud835\udc32\u00a0\ud835\udc1e\ud835\udc25\u00a0\ud835\udc08\u00a0\ud835\udc04\ud835\udc27\ud835\udc1c\ud835\udc2e\ud835\udc1e\ud835\udc27\ud835\udc2d\ud835\udc2b\ud835\udc28\u00a0\ud835\udc1d\ud835\udc1e\u00a0\ud835\udc25\ud835\udc1a\u00a0\ud835\udc11\ud835\udc1e\ud835\udc1d\u00a0\ud835\udc1d\ud835\udc1e\u00a0\ud835\udc0f\ud835\udc2b\ud835\udc28\ud835\udc1f\ud835\udc1e\ud835\udc2c\ud835\udc22\ud835\udc28\ud835\udc27\ud835\udc1a\ud835\udc25\ud835\udc1e\ud835\udc2c\u00a0\ud835\udc1e\ud835\udc27\u00a0\ud835\udc05\ud835\udc1a\ud835\udc26\ud835\udc22\ud835\udc25\ud835\udc22\ud835\udc1a\ud835\udc2c\u00a0\ud835\udc1d\ud835\udc1e\u00a0\ud835\udc13\ud835\udc25\ud835\udc1a\ud835\udc31\ud835\udc1c\ud835\udc1a\ud835\udc25\ud835\udc1a,\u00a0 que inaugur\u00f3 el\u00a0 Doctor\u00a0 Seraf\u00edn Ortiz Ortiz, Rector de la Universidad Aut\u00f3noma de Tlaxcala, acompa\u00f1ado por la Licenciada Mariana Espinosa de los Monteros Cu\u00e9llar, Presidenta del SEDIF Tlaxcala.<\/p>\n\n\n\n<p>En el Auditorio Anexo a Rector\u00eda, el Doctor Seraf\u00edn Ortiz reflexion\u00f3 sobre el papel trascendente de la Universidad como generadora de saberes y del desarrollo personal, el cual impacta en la vida colectiva para atender problem\u00e1ticas sociales como son las enfocadas al bienestar de las familias para el desarrollo comunitario.<\/p>\n\n\n\n<p>A su vez, el Doctor Josu\u00e9 Antonio Camacho Candia, Director de la Facultad de Ciencias para el Desarrollo Humano, \u00e1rea organizadora de ambos foros, apunt\u00f3 que el di\u00e1logo y la reflexi\u00f3n permitir\u00e1n enriquecer el conocimiento de estudiantes, docentes y profesionales en Ciencias de la Familia.<\/p>\n\n\n\n<p>Por su parte, la Maestra Valeria de Jes\u00fas Carro Abdala, Coordinadora de la Licenciatura en Ciencias de la Familia, mencion\u00f3 que durante los d\u00edas 5, 6 y 7 de noviembre se presentar\u00e1n ponencias, mesas de trabajo y experiencias sobre las tem\u00e1ticas de diversidad familiar, orientaci\u00f3n familiar, cuidados, terapia familiar, afiliaci\u00f3n y servicios de salud, resiliencia en la adolescencia, violencia y discriminaci\u00f3n, entre otros.<\/p>\n\n\n\n<p>Previo al inicio del\u00a0\ud835\udc15\ud835\udc08\ud835\udc08\ud835\udc08\u00a0\ud835\udc02\ud835\udc28\ud835\udc27\ud835\udc20\ud835\udc2b\ud835\udc1e\ud835\udc2c\ud835\udc28\u00a0\ud835\udc22\ud835\udc27\ud835\udc2d\ud835\udc1e\ud835\udc2b\ud835\udc27\ud835\udc1a\ud835\udc1c\ud835\udc22\ud835\udc28\ud835\udc27\ud835\udc1a\ud835\udc25\u00a0\ud835\udc1e\ud835\udc27\u00a0\ud835\udc1e\ud835\udc2c\ud835\udc2d\ud835\udc2e\ud835\udc1d\ud835\udc22\ud835\udc28\ud835\udc2c\u00a0\ud835\udc1d\ud835\udc1e\u00a0\ud835\udc25\ud835\udc1a\ud835\udc2c\u00a0\ud835\udc05\ud835\udc1a\ud835\udc26\ud835\udc22\ud835\udc25\ud835\udc22\ud835\udc1a\ud835\udc2c:\u00a0\ud835\udc04\ud835\udc31\ud835\udc29\ud835\udc1e\ud835\udc2b\ud835\udc22\ud835\udc1e\ud835\udc27\ud835\udc1c\ud835\udc22\ud835\udc1a\ud835\udc2c\u00a0\ud835\udc1c\ud835\udc28\ud835\udc26\ud835\udc2e\ud835\udc27\ud835\udc22\ud835\udc2d\ud835\udc1a\ud835\udc2b\ud835\udc22\ud835\udc1a\ud835\udc2c\u00a0\ud835\udc1d\ud835\udc1e\u00a0\ud835\udc2d\ud835\udc2b\ud835\udc1a\ud835\udc1b\ud835\udc1a\ud835\udc23\ud835\udc28\u00a0\ud835\udc32\u00a0\ud835\udc1a\ud835\udc1c\ud835\udc28\ud835\udc26\ud835\udc29\ud835\udc1a\ud835\udc27\ud835\udc1a\ud835\udc26\ud835\udc22\ud835\udc1e\ud835\udc27\ud835\udc2d\ud835\udc28\u00a0\ud835\udc1c\ud835\udc28\ud835\udc27\u00a0\ud835\udc32\u00a0\ud835\udc29\ud835\udc1a\ud835\udc2b\ud835\udc1a\u00a0\ud835\udc25\ud835\udc1a\ud835\udc2c\u00a0\ud835\udc1f\ud835\udc1a\ud835\udc26\ud835\udc22\ud835\udc25\ud835\udc22\ud835\udc1a\ud835\udc2c\u00a0\ud835\udc32\u00a0\ud835\udc1e\ud835\udc25\u00a0\ud835\udc08\u00a0\ud835\udc04\ud835\udc27\ud835\udc1c\ud835\udc2e\ud835\udc1e\ud835\udc27\ud835\udc2d\ud835\udc2b\ud835\udc28\u00a0\ud835\udc1d\ud835\udc1e\u00a0\ud835\udc25\ud835\udc1a\u00a0\ud835\udc11\ud835\udc1e\ud835\udc1d\u00a0\ud835\udc1d\ud835\udc1e\u00a0\ud835\udc0f\ud835\udc2b\ud835\udc28\ud835\udc1f\ud835\udc1e\ud835\udc2c\ud835\udc22\ud835\udc28\ud835\udc27\ud835\udc1a\ud835\udc25\ud835\udc1e\ud835\udc2c\u00a0\ud835\udc1e\ud835\udc27\u00a0\ud835\udc05\ud835\udc1a\ud835\udc26\ud835\udc22\ud835\udc25\ud835\udc22\ud835\udc1a\ud835\udc2c\u00a0\ud835\udc1d\ud835\udc1e\u00a0\ud835\udc13\ud835\udc25\ud835\udc1a\ud835\udc31\ud835\udc1c\ud835\udc1a\ud835\udc25\ud835\udc1a, el Doctor Ortiz recibi\u00f3 a los ponentes internacionales que disertar\u00e1n en este foro por invitaci\u00f3n de la Facultad de Ciencias para el Desarrollo Humano (FCDH-UATx).<\/p>\n\n\n\n<p>Asistieron a esta salutaci\u00f3n el Doctor&nbsp; Josu\u00e9 Camacho, la Maestra Suzanne Roig Fuertes, Secretaria del Departamento de la Familia del Gobierno de Puerto Rico; la Doctora Yolanda D\u00e1vila Pont\u00f3n, Subdecana de la Facultad de Jurisprudencia y Ciencias Pol\u00edticas y Sociales de la Universidad de Cuenca, Ecuador.<\/p>\n\n\n\n<p>De igual forma, la Maestra Jazm\u00edn Lorena Su\u00e1rez Ort\u00edz, Directora de la Carrera en Desarrollo Familiar en la Universidad de Caldas, Colombia; el Doctor Gabriel Gallego Montes, Profesor Titular del Departamento de Estudios de Familia en la Universidad de Caldas, Colombia; la Doctora Rosa Campoalegre Septi\u00e9n, Consultora internacional y especialista en pol\u00edticas de cuidados con enfoque de g\u00e9nero; la Doctora&nbsp; Felicitas Regla L\u00f3pez Sotolongo, Investigadora agregada del Grupo de Estudios sobre Familia en el Centro de Investigaciones Psicol\u00f3gicas y Sociol\u00f3gicas de Cuba; y la Maestra Valeria de Jes\u00fas Carro.&nbsp;&nbsp;&nbsp;<\/p>\n\n\n\n<p>El programa se puede consultar en:&nbsp;&nbsp;<a rel=\"noreferrer noopener\" target=\"_blank\" href=\"https:\/\/www.fcdh.uatx.mx\/\">https:\/\/www.fcdh.uatx.mx\/<\/a><\/p>\n","protected":false},"excerpt":{"rendered":"<p>La UATx alienta el di\u00e1logo internacional sobre estudios de las familias Inaugur\u00f3 Rector trabajos del encuentro que re\u00fane a investigadores de seis pa\u00edses Investigadores de Colombia, Ecuador, Cuba, Puerto Rico y M\u00e9xico, y en modalidad virtual Argentina, participan como ponentes en el\u00a0\u00a0\ud835\udc15\ud835\udc08\ud835\udc08\ud835\udc08\u00a0\ud835\udc02\ud835\udc28\ud835\udc27\ud835\udc20\ud835\udc2b\ud835\udc1e\ud835\udc2c\ud835\udc28\u00a0\ud835\udc22\ud835\udc27\ud835\udc2d\ud835\udc1e\ud835\udc2b\ud835\udc27\ud835\udc1a\ud835\udc1c\ud835\udc22\ud835\udc28\ud835\udc27\ud835\udc1a\ud835\udc25\u00a0\ud835\udc1e\ud835\udc27\u00a0\ud835\udc1e\ud835\udc2c\ud835\udc2d\ud835\udc2e\ud835\udc1d\ud835\udc22\ud835\udc28\ud835\udc2c\u00a0\ud835\udc1d\ud835\udc1e\u00a0\ud835\udc25\ud835\udc1a\ud835\udc2c\u00a0\ud835\udc05\ud835\udc1a\ud835\udc26\ud835\udc22\ud835\udc25\ud835\udc22\ud835\udc1a\ud835\udc2c:\u00a0\ud835\udc04\ud835\udc31\ud835\udc29\ud835\udc1e\ud835\udc2b\ud835\udc22\ud835\udc1e\ud835\udc27\ud835\udc1c\ud835\udc22\ud835\udc1a\ud835\udc2c\u00a0\ud835\udc1c\ud835\udc28\ud835\udc26\ud835\udc2e\ud835\udc27\ud835\udc22\ud835\udc2d\ud835\udc1a\ud835\udc2b\ud835\udc22\ud835\udc1a\ud835\udc2c\u00a0\ud835\udc1d\ud835\udc1e\u00a0\ud835\udc2d\ud835\udc2b\ud835\udc1a\ud835\udc1b\ud835\udc1a\ud835\udc23\ud835\udc28\u00a0\ud835\udc32\u00a0\ud835\udc1a\ud835\udc1c\ud835\udc28\ud835\udc26\ud835\udc29\ud835\udc1a\ud835\udc27\ud835\udc1a\ud835\udc26\ud835\udc22\ud835\udc1e\ud835\udc27\ud835\udc2d\ud835\udc28\u00a0\ud835\udc1c\ud835\udc28\ud835\udc27\u00a0\ud835\udc32\u00a0\ud835\udc29\ud835\udc1a\ud835\udc2b\ud835\udc1a\u00a0\ud835\udc25\ud835\udc1a\ud835\udc2c\u00a0\ud835\udc1f\ud835\udc1a\ud835\udc26\ud835\udc22\ud835\udc25\ud835\udc22\ud835\udc1a\ud835\udc2c\u00a0\ud835\udc32\u00a0\ud835\udc1e\ud835\udc25\u00a0\ud835\udc08\u00a0\ud835\udc04\ud835\udc27\ud835\udc1c\ud835\udc2e\ud835\udc1e\ud835\udc27\ud835\udc2d\ud835\udc2b\ud835\udc28\u00a0\ud835\udc1d\ud835\udc1e\u00a0\ud835\udc25\ud835\udc1a\u00a0\ud835\udc11\ud835\udc1e\ud835\udc1d\u00a0\ud835\udc1d\ud835\udc1e\u00a0\ud835\udc0f\ud835\udc2b\ud835\udc28\ud835\udc1f\ud835\udc1e\ud835\udc2c\ud835\udc22\ud835\udc28\ud835\udc27\ud835\udc1a\ud835\udc25\ud835\udc1e\ud835\udc2c\u00a0\ud835\udc1e\ud835\udc27\u00a0\ud835\udc05\ud835\udc1a\ud835\udc26\ud835\udc22\ud835\udc25\ud835\udc22\ud835\udc1a\ud835\udc2c\u00a0\ud835\udc1d\ud835\udc1e\u00a0\ud835\udc13\ud835\udc25\ud835\udc1a\ud835\udc31\ud835\udc1c\ud835\udc1a\ud835\udc25\ud835\udc1a,\u00a0 que inaugur\u00f3 el\u00a0 Doctor\u00a0 Seraf\u00edn Ortiz Ortiz, Rector de la Universidad Aut\u00f3noma de [&hellip;]<\/p>\n","protected":false},"author":1,"featured_media":55060,"comment_status":"open","ping_status":"open","sticky":false,"template":"","format":"standard","meta":{"advanced_seo_description":"","jetpack_seo_html_title":"","jetpack_seo_noindex":false,"footnotes":"","jetpack_publicize_message":"","jetpack_is_tweetstorm":false,"jetpack_publicize_feature_enabled":true,"jetpack_social_post_already_shared":true,"jetpack_social_options":{"image_generator_settings":{"template":"highway","enabled":false}}},"categories":[2,28],"tags":[],"class_list":["post-55059","post","type-post","status-publish","format-standard","has-post-thumbnail","hentry","category-destacadas","category-educacion"],"jetpack_publicize_connections":[],"jetpack_featured_media_url":"http:\/\/elcensornoticias.com\/wp-content\/uploads\/2025\/11\/6-La-UATx-alienta-el-dialogo-internacional-sobre-estudios-de-las-familias-3.jpeg","jetpack_likes_enabled":true,"jetpack_sharing_enabled":true,"jetpack_shortlink":"https:\/\/wp.me\/p6xy50-ek3","_links":{"self":[{"href":"http:\/\/elcensornoticias.com\/index.php?rest_route=\/wp\/v2\/posts\/55059","targetHints":{"allow":["GET"]}}],"collection":[{"href":"http:\/\/elcensornoticias.com\/index.php?rest_route=\/wp\/v2\/posts"}],"about":[{"href":"http:\/\/elcensornoticias.com\/index.php?rest_route=\/wp\/v2\/types\/post"}],"author":[{"embeddable":true,"href":"http:\/\/elcensornoticias.com\/index.php?rest_route=\/wp\/v2\/users\/1"}],"replies":[{"embeddable":true,"href":"http:\/\/elcensornoticias.com\/index.php?rest_route=%2Fwp%2Fv2%2Fcomments&post=55059"}],"version-history":[{"count":1,"href":"http:\/\/elcensornoticias.com\/index.php?rest_route=\/wp\/v2\/posts\/55059\/revisions"}],"predecessor-version":[{"id":55061,"href":"http:\/\/elcensornoticias.com\/index.php?rest_route=\/wp\/v2\/posts\/55059\/revisions\/55061"}],"wp:featuredmedia":[{"embeddable":true,"href":"http:\/\/elcensornoticias.com\/index.php?rest_route=\/wp\/v2\/media\/55060"}],"wp:attachment":[{"href":"http:\/\/elcensornoticias.com\/index.php?rest_route=%2Fwp%2Fv2%2Fmedia&parent=55059"}],"wp:term":[{"taxonomy":"category","embeddable":true,"href":"http:\/\/elcensornoticias.com\/index.php?rest_route=%2Fwp%2Fv2%2Fcategories&post=55059"},{"taxonomy":"post_tag","embeddable":true,"href":"http:\/\/elcensornoticias.com\/index.php?rest_route=%2Fwp%2Fv2%2Ftags&post=55059"}],"curies":[{"name":"wp","href":"https:\/\/api.w.org\/{rel}","templated":true}]}}