{"id":55052,"date":"2025-11-06T01:19:27","date_gmt":"2025-11-06T01:19:27","guid":{"rendered":"http:\/\/elcensornoticias.com\/?p=55052"},"modified":"2025-11-06T01:19:30","modified_gmt":"2025-11-06T01:19:30","slug":"la-colmena-participa-en-la-feria-de-tlaxcala","status":"publish","type":"post","link":"http:\/\/elcensornoticias.com\/?p=55052","title":{"rendered":"LA COLMENA PARTICIPA EN LA FERIA DE TLAXCALA"},"content":{"rendered":"\n<ul class=\"wp-block-list\">\n<li><strong>Por tercera ocasi\u00f3n, la instituci\u00f3n de la Secretar\u00eda de Cultura del Gobierno de M\u00e9xico tiene presencia con la Feria Geek<\/strong><\/li>\n\n\n\n<li><strong>El s\u00e1bado 8 de noviembre de 2025, de 13 a 19 h, se lleva a cabo en el Teatro del Pueblo del Recinto Ferial<\/strong><\/li>\n<\/ul>\n\n\n\n<p>La Colmena: Centro de Tecnolog\u00edas Creativas Grace Quintanilla, instituci\u00f3n de la Secretar\u00eda de Cultura del Gobierno de M\u00e9xico, llevar\u00e1 por tercera ocasi\u00f3n la Feria Geek a \u201cTlaxcala, la feria de ferias 2025\u201d.<\/p>\n\n\n\n<p>El encuentro surgi\u00f3 en 2023 con el objetivo de dar espacios de aprendizaje, convivencia y recreaci\u00f3n a personas de todas las edades que comparten el entusiasmo y pasi\u00f3n por las culturas asi\u00e1ticas, el pop, el arte, la tecnolog\u00eda, los c\u00f3mics, mangas, \u00e1nime, cine y videojuegos.<\/p>\n\n\n\n<p>Cuenta con cuatro ediciones y dos extensiones previas en la Feria de Tlaxcala. En 2025 llega con \u201cMemories\u201d, tem\u00e1tica que homenajea al fen\u00f3meno coreano, y se instala en el Recinto Ferial durante una de las actividades m\u00e1s importantes de la capital tlaxcalteca.<\/p>\n\n\n\n<p>En la presente edici\u00f3n, tiene demostraciones de K-Pop&nbsp;<em>Random Play<\/em>&nbsp;y&nbsp;<em>Dance Cover<\/em>, luchadores invitados y una zona de exposici\u00f3n de econom\u00edas solidarias.<\/p>\n\n\n\n<p>La programaci\u00f3n de la Feria Geek extensi\u00f3n \u201cMemories\u201d comenzar\u00e1 a las 13 h en la zona de exposici\u00f3n de econom\u00edas; las y los asistentes adquirir\u00e1n productos con tem\u00e1tica geek, conocer\u00e1n el trabajo de artistas y creadores independientes y compartir\u00e1n momentos con \u00eddolos de la lucha libre mexicana en los&nbsp;<em>stands<\/em>&nbsp;de luchadores invitados.<\/p>\n\n\n\n<p>Con la participaci\u00f3n de grupos de j\u00f3venes de los estados de Tlaxcala y Puebla, el programa seguir\u00e1 con actividades de K-Pop, que comenzar\u00e1n a las 16 h y habr\u00e1 tres bloques de Random Play y tres de Dance Cover.<\/p>\n\n\n\n<p>La Feria Geek, extensi\u00f3n \u201cMemories\u201d, se desarrollar\u00e1 dentro del Teatro del Pueblo del recinto ferial (ubicado en avenida Tlahuicole, Adolfo L\u00f3pez Mateos de Tlaxcala), y tendr\u00e1 entrada gratuita. El acceso a \u201cTlaxcala, la Feria de ferias 2025\u201d tendr\u00e1 costo.<\/p>\n\n\n\n<p>Para m\u00e1s informaci\u00f3n, consultar las redes sociales de La Colmena (@LaColmentaTlx) as\u00ed como la p\u00e1gina electr\u00f3nica:<a rel=\"noreferrer noopener\" target=\"_blank\" href=\"https:\/\/centroculturadigital.mx\/la-colmena\">&nbsp;<\/a><a rel=\"noreferrer noopener\" target=\"_blank\" href=\"https:\/\/centroculturadigital.mx\/la-colmena\">centroculturadigital.mx\/la-colmena<\/a><\/p>\n","protected":false},"excerpt":{"rendered":"<p>La Colmena: Centro de Tecnolog\u00edas Creativas Grace Quintanilla, instituci\u00f3n de la Secretar\u00eda de Cultura del Gobierno de M\u00e9xico, llevar\u00e1 por tercera ocasi\u00f3n la Feria Geek a \u201cTlaxcala, la feria de ferias 2025\u201d. El encuentro surgi\u00f3 en 2023 con el objetivo de dar espacios de aprendizaje, convivencia y recreaci\u00f3n a personas de todas las edades que [&hellip;]<\/p>\n","protected":false},"author":1,"featured_media":55053,"comment_status":"open","ping_status":"open","sticky":false,"template":"","format":"standard","meta":{"advanced_seo_description":"","jetpack_seo_html_title":"","jetpack_seo_noindex":false,"footnotes":"","jetpack_publicize_message":"","jetpack_is_tweetstorm":false,"jetpack_publicize_feature_enabled":true,"jetpack_social_post_already_shared":true,"jetpack_social_options":{"image_generator_settings":{"template":"highway","enabled":false}}},"categories":[26],"tags":[],"class_list":["post-55052","post","type-post","status-publish","format-standard","has-post-thumbnail","hentry","category-cultura"],"jetpack_publicize_connections":[],"jetpack_featured_media_url":"http:\/\/elcensornoticias.com\/wp-content\/uploads\/2025\/11\/Feria-Geek-Extesnsion-Memories-2024-1.jpeg","jetpack_likes_enabled":true,"jetpack_sharing_enabled":true,"jetpack_shortlink":"https:\/\/wp.me\/p6xy50-ejW","_links":{"self":[{"href":"http:\/\/elcensornoticias.com\/index.php?rest_route=\/wp\/v2\/posts\/55052","targetHints":{"allow":["GET"]}}],"collection":[{"href":"http:\/\/elcensornoticias.com\/index.php?rest_route=\/wp\/v2\/posts"}],"about":[{"href":"http:\/\/elcensornoticias.com\/index.php?rest_route=\/wp\/v2\/types\/post"}],"author":[{"embeddable":true,"href":"http:\/\/elcensornoticias.com\/index.php?rest_route=\/wp\/v2\/users\/1"}],"replies":[{"embeddable":true,"href":"http:\/\/elcensornoticias.com\/index.php?rest_route=%2Fwp%2Fv2%2Fcomments&post=55052"}],"version-history":[{"count":1,"href":"http:\/\/elcensornoticias.com\/index.php?rest_route=\/wp\/v2\/posts\/55052\/revisions"}],"predecessor-version":[{"id":55054,"href":"http:\/\/elcensornoticias.com\/index.php?rest_route=\/wp\/v2\/posts\/55052\/revisions\/55054"}],"wp:featuredmedia":[{"embeddable":true,"href":"http:\/\/elcensornoticias.com\/index.php?rest_route=\/wp\/v2\/media\/55053"}],"wp:attachment":[{"href":"http:\/\/elcensornoticias.com\/index.php?rest_route=%2Fwp%2Fv2%2Fmedia&parent=55052"}],"wp:term":[{"taxonomy":"category","embeddable":true,"href":"http:\/\/elcensornoticias.com\/index.php?rest_route=%2Fwp%2Fv2%2Fcategories&post=55052"},{"taxonomy":"post_tag","embeddable":true,"href":"http:\/\/elcensornoticias.com\/index.php?rest_route=%2Fwp%2Fv2%2Ftags&post=55052"}],"curies":[{"name":"wp","href":"https:\/\/api.w.org\/{rel}","templated":true}]}}