{"id":55043,"date":"2025-11-06T00:22:19","date_gmt":"2025-11-06T00:22:19","guid":{"rendered":"http:\/\/elcensornoticias.com\/?p=55043"},"modified":"2025-11-06T00:22:21","modified_gmt":"2025-11-06T00:22:21","slug":"laboratorio-de-creacion-e-innovacion-arte-vivo-tlaxcala","status":"publish","type":"post","link":"http:\/\/elcensornoticias.com\/?p=55043","title":{"rendered":"Laboratorio de Creaci\u00f3n e Innovaci\u00f3n \u201cArte Vivo Tlaxcala\u201d"},"content":{"rendered":"\n<p>Los d\u00edas 6 y 7 de noviembre, el Palacio de Cultura albergar\u00e1 este espacio gratuito que reunir\u00e1 a artistas, artesanas, promotores culturales y p\u00fablico interesado en transformar la creatividad en proyectos con impacto social.<\/p>\n\n\n\n<p>Tlaxcala ser\u00e1 sede del Laboratorio de Creaci\u00f3n e Innovaci\u00f3n \u201cArte Vivo Tlaxcala\u201d, un espacio que busca despertar la creatividad, el pensamiento colaborativo y la innovaci\u00f3n art\u00edstica entre la comunidad cultural del estado.<\/p>\n\n\n\n<p>El encuentro se llevar\u00e1 a cabo los d\u00edas 6 y 7 de noviembre en el Palacio de Cultura, en un horario de 10:00 a 20:00 horas, con una duraci\u00f3n total de 16 horas de formaci\u00f3n intensiva.<\/p>\n\n\n\n<p>La Secretar\u00eda de Cultura del Estado invita a la comunidad art\u00edstica y al p\u00fablico en general a participar en este laboratorio que celebra el arte vivo, la colaboraci\u00f3n y la fuerza creativa de las y los tlaxcaltecas. Las personas interesadas podr\u00e1n registrarse gratis, directamente, al ingresar al taller.<\/p>\n\n\n\n<p>La actividad ser\u00e1 facilitada por el artista experimental Fernando Llanos, reconocido creador mexicano que trabaja con dibujo, video y arte sonoro, y que se distingue por su enfoque innovador que une la tecnolog\u00eda con la reflexi\u00f3n social. Su experiencia como escritor, curador, productor y docente lo convierte en uno de los referentes del arte contempor\u00e1neo latinoamericano.<\/p>\n\n\n\n<p>Durante las sesiones, se fomentar\u00e1 el intercambio de saberes y la colaboraci\u00f3n entre las y los participantes, quienes tendr\u00e1n la oportunidad de construir propuestas que integren las tradiciones locales con expresiones contempor\u00e1neas, fortaleciendo el papel del arte como motor de transformaci\u00f3n social.<\/p>\n\n\n\n<p>Organizado por la Secretar\u00eda de Cultura del Gobierno de M\u00e9xico, a trav\u00e9s de la Direcci\u00f3n General de Formaci\u00f3n y Gesti\u00f3n Cultural, en colaboraci\u00f3n con la Secretar\u00eda de Cultura del Estado, el laboratorio ofrecer\u00e1 herramientas y metodolog\u00edas para fortalecer las capacidades creativas de artesanas, artesanos, artistas independientes, gestores, promotores culturales, docentes y p\u00fablico en general interesado en el desarrollo de proyectos art\u00edsticos y comunitarios con impacto social.<\/p>\n\n\n\n<p>Con esta iniciativa, la Secretar\u00eda de Cultura refrenda su compromiso de acercar el arte y la innovaci\u00f3n a todas las personas, impulsando el talento local como motor de transformaci\u00f3n social.<\/p>\n","protected":false},"excerpt":{"rendered":"<p>Los d\u00edas 6 y 7 de noviembre, el Palacio de Cultura albergar\u00e1 este espacio gratuito que reunir\u00e1 a artistas, artesanas, promotores culturales y p\u00fablico interesado en transformar la creatividad en proyectos con impacto social. Tlaxcala ser\u00e1 sede del Laboratorio de Creaci\u00f3n e Innovaci\u00f3n \u201cArte Vivo Tlaxcala\u201d, un espacio que busca despertar la creatividad, el pensamiento [&hellip;]<\/p>\n","protected":false},"author":1,"featured_media":55044,"comment_status":"open","ping_status":"open","sticky":false,"template":"","format":"standard","meta":{"advanced_seo_description":"","jetpack_seo_html_title":"","jetpack_seo_noindex":false,"footnotes":"","jetpack_publicize_message":"","jetpack_is_tweetstorm":false,"jetpack_publicize_feature_enabled":true,"jetpack_social_post_already_shared":true,"jetpack_social_options":{"image_generator_settings":{"template":"highway","enabled":false}}},"categories":[26,2],"tags":[],"class_list":["post-55043","post","type-post","status-publish","format-standard","has-post-thumbnail","hentry","category-cultura","category-destacadas"],"jetpack_publicize_connections":[],"jetpack_featured_media_url":"http:\/\/elcensornoticias.com\/wp-content\/uploads\/2025\/11\/IMG-20251105-WA0024-1.jpg","jetpack_likes_enabled":true,"jetpack_sharing_enabled":true,"jetpack_shortlink":"https:\/\/wp.me\/p6xy50-ejN","_links":{"self":[{"href":"http:\/\/elcensornoticias.com\/index.php?rest_route=\/wp\/v2\/posts\/55043","targetHints":{"allow":["GET"]}}],"collection":[{"href":"http:\/\/elcensornoticias.com\/index.php?rest_route=\/wp\/v2\/posts"}],"about":[{"href":"http:\/\/elcensornoticias.com\/index.php?rest_route=\/wp\/v2\/types\/post"}],"author":[{"embeddable":true,"href":"http:\/\/elcensornoticias.com\/index.php?rest_route=\/wp\/v2\/users\/1"}],"replies":[{"embeddable":true,"href":"http:\/\/elcensornoticias.com\/index.php?rest_route=%2Fwp%2Fv2%2Fcomments&post=55043"}],"version-history":[{"count":1,"href":"http:\/\/elcensornoticias.com\/index.php?rest_route=\/wp\/v2\/posts\/55043\/revisions"}],"predecessor-version":[{"id":55045,"href":"http:\/\/elcensornoticias.com\/index.php?rest_route=\/wp\/v2\/posts\/55043\/revisions\/55045"}],"wp:featuredmedia":[{"embeddable":true,"href":"http:\/\/elcensornoticias.com\/index.php?rest_route=\/wp\/v2\/media\/55044"}],"wp:attachment":[{"href":"http:\/\/elcensornoticias.com\/index.php?rest_route=%2Fwp%2Fv2%2Fmedia&parent=55043"}],"wp:term":[{"taxonomy":"category","embeddable":true,"href":"http:\/\/elcensornoticias.com\/index.php?rest_route=%2Fwp%2Fv2%2Fcategories&post=55043"},{"taxonomy":"post_tag","embeddable":true,"href":"http:\/\/elcensornoticias.com\/index.php?rest_route=%2Fwp%2Fv2%2Ftags&post=55043"}],"curies":[{"name":"wp","href":"https:\/\/api.w.org\/{rel}","templated":true}]}}