{"id":55020,"date":"2025-11-05T23:56:56","date_gmt":"2025-11-05T23:56:56","guid":{"rendered":"http:\/\/elcensornoticias.com\/?p=55020"},"modified":"2025-11-05T23:58:17","modified_gmt":"2025-11-05T23:58:17","slug":"licenciatura-en-diseno-automotriz-un-motor-de-transformacion-regional","status":"publish","type":"post","link":"http:\/\/elcensornoticias.com\/?p=55020","title":{"rendered":"Licenciatura en Dise\u00f1o Automotriz, un motor de transformaci\u00f3n regional"},"content":{"rendered":"\n<p>&nbsp;Inaugur\u00f3 Primer Coloquio de la Licenciatura en Dise\u00f1o Automotriz: Visi\u00f3n hacia el futuro automotriz<\/p>\n\n\n\n<p>El v\u00ednculo entre la Universidad y el sector automotriz ser\u00e1 clave para construir un porvenir din\u00e1mico, competitivo y lleno de posibilidades para Tlaxcala y el pa\u00eds, afirm\u00f3 el Doctor Seraf\u00edn Ortiz Ortiz, Rector de la Universidad Aut\u00f3noma de Tlaxcala (UATx), &nbsp;al inaugurar el&nbsp;\ud835\udc0f\ud835\udc2b\ud835\udc22\ud835\udc26\ud835\udc1e\ud835\udc2b&nbsp;\ud835\udc02\ud835\udc28\ud835\udc25\ud835\udc28\ud835\udc2a\ud835\udc2e\ud835\udc22\ud835\udc28&nbsp;\ud835\udc1d\ud835\udc1e&nbsp;\ud835\udc25\ud835\udc1a&nbsp;\ud835\udc0b\ud835\udc22\ud835\udc1c\ud835\udc1e\ud835\udc27\ud835\udc1c\ud835\udc22\ud835\udc1a\ud835\udc2d\ud835\udc2e\ud835\udc2b\ud835\udc1a&nbsp;\ud835\udc1e\ud835\udc27&nbsp;\ud835\udc03\ud835\udc22\ud835\udc2c\ud835\udc1e\ud835\udc27\u0303\ud835\udc28&nbsp;\ud835\udc00\ud835\udc2e\ud835\udc2d\ud835\udc28\ud835\udc26\ud835\udc28\ud835\udc2d\ud835\udc2b\ud835\udc22\ud835\udc33:&nbsp;\ud835\udc15\ud835\udc22\ud835\udc2c\ud835\udc22\ud835\udc28\u0301\ud835\udc27&nbsp;\ud835\udc21\ud835\udc1a\ud835\udc1c\ud835\udc22\ud835\udc1a&nbsp;\ud835\udc1e\ud835\udc25&nbsp;\ud835\udc1f\ud835\udc2e\ud835\udc2d\ud835\udc2e\ud835\udc2b\ud835\udc28&nbsp;\ud835\udc1a\ud835\udc2e\ud835\udc2d\ud835\udc28\ud835\udc26\ud835\udc28\ud835\udc2d\ud835\udc2b\ud835\udc22\ud835\udc33, celebrado en el Auditorio de Movilidad e Intercambio Acad\u00e9mico.<\/p>\n\n\n\n<p>Durante su mensaje, el Rector destac\u00f3 que este programa educativo representa un motor de transformaci\u00f3n regional al generar innovaci\u00f3n, talento y desarrollo. Subray\u00f3 que la propuesta acad\u00e9mica fortalece la formaci\u00f3n profesional de los estudiantes y abre nuevas oportunidades de vinculaci\u00f3n estrat\u00e9gica con la industria automotriz, aprovechando la ubicaci\u00f3n privilegiada y el entorno productivo del estado.<\/p>\n\n\n\n<p>Adem\u00e1s, el Doctor Ortiz agreg\u00f3 que tal sinergia garantiza que nuestros estudiantes desarrollen capacidades pertinentes y est\u00e9n preparados para enfrentar los retos del mundo laboral con visi\u00f3n, creatividad y excelencia, formados bajo el Modelo Humanista Integrador basado en Capacidades.<\/p>\n\n\n\n<p>Por su parte, la Licenciada Elvia Hern\u00e1ndez Escalona, Directora de la Facultad de Dise\u00f1o, Arte y Arquitectura, destac\u00f3 que este encuentro constituye un espacio de an\u00e1lisis, di\u00e1logo y actualizaci\u00f3n en torno a los avances que est\u00e1n redefiniendo el sector automotriz.<\/p>\n\n\n\n<p>En el marco del coloquio, los estudiantes participan en conferencias magistrales como&nbsp;\ud835\udc0b\ud835\udc1a&nbsp;\ud835\udc22\ud835\udc26\ud835\udc29\ud835\udc28\ud835\udc2b\ud835\udc2d\ud835\udc1a\ud835\udc27\ud835\udc1c\ud835\udc22\ud835\udc1a&nbsp;\ud835\udc1d\ud835\udc1e&nbsp;\ud835\udc25\ud835\udc1a&nbsp;\ud835\udc22\ud835\udc27\ud835\udc1d\ud835\udc2e\ud835\udc2c\ud835\udc2d\ud835\udc2b\ud835\udc22\ud835\udc1a&nbsp;\ud835\udc1a\ud835\udc2e\ud835\udc2d\ud835\udc28\ud835\udc26\ud835\udc28\ud835\udc2d\ud835\udc2b\ud835\udc22\ud835\udc33&nbsp;\ud835\udc1e\ud835\udc27&nbsp;\ud835\udc0c\ud835\udc1e\u0301\ud835\udc31\ud835\udc22\ud835\udc1c\ud835\udc28, a cargo de la Maestra M\u00f3nica Doger Ram\u00edrez, Directora General del Cl\u00faster Automotriz, y&nbsp;\ud835\udc04\ud835\udc25&nbsp;\ud835\udc1f\ud835\udc2e\ud835\udc2d\ud835\udc2e\ud835\udc2b\ud835\udc28&nbsp;\ud835\udc1d\ud835\udc1e\ud835\udc1f\ud835\udc22\ud835\udc27\ud835\udc22\ud835\udc1d\ud835\udc28&nbsp;\ud835\udc1d\ud835\udc1e&nbsp;\ud835\udc25\ud835\udc28\ud835\udc2c&nbsp;\ud835\udc1a\ud835\udc25\ud835\udc20\ud835\udc28\ud835\udc2b\ud835\udc22\ud835\udc2d\ud835\udc26\ud835\udc28\ud835\udc2c:&nbsp;\ud835\udc22\ud835\udc27\ud835\udc2d\ud835\udc1e\ud835\udc25\ud835\udc22\ud835\udc20\ud835\udc1e\ud835\udc27\ud835\udc1c\ud835\udc22\ud835\udc1a&nbsp;\ud835\udc1a\ud835\udc2b\ud835\udc2d\ud835\udc22\ud835\udc1f\ud835\udc22\ud835\udc1c\ud835\udc22\ud835\udc1a\ud835\udc25&nbsp;\ud835\udc1e\ud835\udc27&nbsp;\ud835\udc1e\ud835\udc25&nbsp;\ud835\udc1d\ud835\udc22\ud835\udc2c\ud835\udc1e\ud835\udc27\u0303\ud835\udc28,&nbsp;\ud835\udc26\ud835\udc1a\ud835\udc27\ud835\udc2e\ud835\udc1f\ud835\udc1a\ud835\udc1c\ud835\udc2d\ud835\udc2e\ud835\udc2b\ud835\udc1a&nbsp;\ud835\udc32&nbsp;\ud835\udc1e\ud835\udc31\ud835\udc29\ud835\udc1e\ud835\udc2b\ud835\udc22\ud835\udc1e\ud835\udc27\ud835\udc1c\ud835\udc22\ud835\udc1a&nbsp;\ud835\udc1d\ud835\udc1e\ud835\udc25&nbsp;\ud835\udc1a\ud835\udc2e\ud835\udc2d\ud835\udc28\ud835\udc26\ud835\udc28\u0301\ud835\udc2f\ud835\udc22\ud835\udc25&nbsp;\ud835\udc22\ud835\udc27\ud835\udc2d\ud835\udc1e\ud835\udc25\ud835\udc22\ud835\udc20\ud835\udc1e\ud835\udc27\ud835\udc2d\ud835\udc1e, impartida por el Ingeniero Francisco Rodr\u00edguez Campo, de Roca Robotics.<\/p>\n","protected":false},"excerpt":{"rendered":"<p>&nbsp;Inaugur\u00f3 Primer Coloquio de la Licenciatura en Dise\u00f1o Automotriz: Visi\u00f3n hacia el futuro automotriz El v\u00ednculo entre la Universidad y el sector automotriz ser\u00e1 clave para construir un porvenir din\u00e1mico, competitivo y lleno de posibilidades para Tlaxcala y el pa\u00eds, afirm\u00f3 el Doctor Seraf\u00edn Ortiz Ortiz, Rector de la Universidad Aut\u00f3noma de Tlaxcala (UATx), &nbsp;al [&hellip;]<\/p>\n","protected":false},"author":1,"featured_media":55021,"comment_status":"open","ping_status":"open","sticky":false,"template":"","format":"standard","meta":{"advanced_seo_description":"","jetpack_seo_html_title":"","jetpack_seo_noindex":false,"footnotes":"","jetpack_publicize_message":"","jetpack_is_tweetstorm":false,"jetpack_publicize_feature_enabled":true,"jetpack_social_post_already_shared":true,"jetpack_social_options":{"image_generator_settings":{"template":"highway","enabled":false}}},"categories":[2,28],"tags":[],"class_list":["post-55020","post","type-post","status-publish","format-standard","has-post-thumbnail","hentry","category-destacadas","category-educacion"],"jetpack_publicize_connections":[],"jetpack_featured_media_url":"http:\/\/elcensornoticias.com\/wp-content\/uploads\/2025\/11\/5-La-Licenciatura-en-Diseno-Automotriz-representa-un-motor-de-transformacion-regional-Rector-de-la-UATx-scaled.jpg","jetpack_likes_enabled":true,"jetpack_sharing_enabled":true,"jetpack_shortlink":"https:\/\/wp.me\/p6xy50-ejq","_links":{"self":[{"href":"http:\/\/elcensornoticias.com\/index.php?rest_route=\/wp\/v2\/posts\/55020","targetHints":{"allow":["GET"]}}],"collection":[{"href":"http:\/\/elcensornoticias.com\/index.php?rest_route=\/wp\/v2\/posts"}],"about":[{"href":"http:\/\/elcensornoticias.com\/index.php?rest_route=\/wp\/v2\/types\/post"}],"author":[{"embeddable":true,"href":"http:\/\/elcensornoticias.com\/index.php?rest_route=\/wp\/v2\/users\/1"}],"replies":[{"embeddable":true,"href":"http:\/\/elcensornoticias.com\/index.php?rest_route=%2Fwp%2Fv2%2Fcomments&post=55020"}],"version-history":[{"count":1,"href":"http:\/\/elcensornoticias.com\/index.php?rest_route=\/wp\/v2\/posts\/55020\/revisions"}],"predecessor-version":[{"id":55022,"href":"http:\/\/elcensornoticias.com\/index.php?rest_route=\/wp\/v2\/posts\/55020\/revisions\/55022"}],"wp:featuredmedia":[{"embeddable":true,"href":"http:\/\/elcensornoticias.com\/index.php?rest_route=\/wp\/v2\/media\/55021"}],"wp:attachment":[{"href":"http:\/\/elcensornoticias.com\/index.php?rest_route=%2Fwp%2Fv2%2Fmedia&parent=55020"}],"wp:term":[{"taxonomy":"category","embeddable":true,"href":"http:\/\/elcensornoticias.com\/index.php?rest_route=%2Fwp%2Fv2%2Fcategories&post=55020"},{"taxonomy":"post_tag","embeddable":true,"href":"http:\/\/elcensornoticias.com\/index.php?rest_route=%2Fwp%2Fv2%2Ftags&post=55020"}],"curies":[{"name":"wp","href":"https:\/\/api.w.org\/{rel}","templated":true}]}}