{"id":55017,"date":"2025-11-05T23:52:12","date_gmt":"2025-11-05T23:52:12","guid":{"rendered":"http:\/\/elcensornoticias.com\/?p=55017"},"modified":"2025-11-05T23:52:22","modified_gmt":"2025-11-05T23:52:22","slug":"cumplimentan-orden-de-aprehension-por-presunto-robo","status":"publish","type":"post","link":"http:\/\/elcensornoticias.com\/?p=55017","title":{"rendered":"CUMPLIMENTAN ORDEN DE APREHENSI\u00d3N POR PRESUNTO ROBO"},"content":{"rendered":"\n<p>El detenido est\u00e1 se\u00f1alado por el delito de robo calificado.<\/p>\n\n\n\n<p>Como resultado de las acciones permanentes en materia de seguridad, la Secretar\u00eda de Seguridad Ciudadana (SSC) y la Fiscal\u00eda General de Justicia del Estado (FGJE) lograron la cumplimentaci\u00f3n de una orden de aprehensi\u00f3n en contra de un hombre se\u00f1alado como probable responsable del delito de robo calificado.<\/p>\n\n\n\n<p>De acuerdo con los informes oficiales, elementos de la Polic\u00eda de Investigaci\u00f3n, en coordinaci\u00f3n con personal de la Direcci\u00f3n de Investigaci\u00f3n de la SSC, llevaron a cabo labores de inteligencia, rastreo y seguimiento que permitieron ubicar al imputado en el municipio de Nativitas. Tras corroborar su identidad y contar con el mandato judicial emitido por la autoridad competente, se procedi\u00f3 a su aseguramiento, con pleno respeto a sus derechos humanos.<\/p>\n\n\n\n<p>El detenido, identificado como Pavel N., de 19 a\u00f1os de edad, fue puesto a disposici\u00f3n del juez de control que lo requer\u00eda, a fin de continuar con el proceso penal correspondiente y determinar su situaci\u00f3n jur\u00eddica.<\/p>\n\n\n\n<p>Con estas acciones, el Gobierno del Estado, a trav\u00e9s de la SSC y la FGJE, reafirma su compromiso de mantener una estrecha coordinaci\u00f3n interinstitucional para garantizar que ning\u00fan delito quede impune, reforzando as\u00ed la confianza ciudadana en las autoridades encargadas de la seguridad y la procuraci\u00f3n de justicia.&nbsp;<\/p>\n","protected":false},"excerpt":{"rendered":"<p>El detenido est\u00e1 se\u00f1alado por el delito de robo calificado. Como resultado de las acciones permanentes en materia de seguridad, la Secretar\u00eda de Seguridad Ciudadana (SSC) y la Fiscal\u00eda General de Justicia del Estado (FGJE) lograron la cumplimentaci\u00f3n de una orden de aprehensi\u00f3n en contra de un hombre se\u00f1alado como probable responsable del delito de [&hellip;]<\/p>\n","protected":false},"author":1,"featured_media":55018,"comment_status":"open","ping_status":"open","sticky":false,"template":"","format":"standard","meta":{"advanced_seo_description":"","jetpack_seo_html_title":"","jetpack_seo_noindex":false,"footnotes":"","jetpack_publicize_message":"","jetpack_is_tweetstorm":false,"jetpack_publicize_feature_enabled":true,"jetpack_social_post_already_shared":true,"jetpack_social_options":{"image_generator_settings":{"template":"highway","enabled":false}}},"categories":[2,9],"tags":[],"class_list":["post-55017","post","type-post","status-publish","format-standard","has-post-thumbnail","hentry","category-destacadas","category-seguridad"],"jetpack_publicize_connections":[],"jetpack_featured_media_url":"http:\/\/elcensornoticias.com\/wp-content\/uploads\/2025\/11\/WhatsApp-Image-2025-11-05-at-10.35.39.jpeg","jetpack_likes_enabled":true,"jetpack_sharing_enabled":true,"jetpack_shortlink":"https:\/\/wp.me\/p6xy50-ejn","_links":{"self":[{"href":"http:\/\/elcensornoticias.com\/index.php?rest_route=\/wp\/v2\/posts\/55017","targetHints":{"allow":["GET"]}}],"collection":[{"href":"http:\/\/elcensornoticias.com\/index.php?rest_route=\/wp\/v2\/posts"}],"about":[{"href":"http:\/\/elcensornoticias.com\/index.php?rest_route=\/wp\/v2\/types\/post"}],"author":[{"embeddable":true,"href":"http:\/\/elcensornoticias.com\/index.php?rest_route=\/wp\/v2\/users\/1"}],"replies":[{"embeddable":true,"href":"http:\/\/elcensornoticias.com\/index.php?rest_route=%2Fwp%2Fv2%2Fcomments&post=55017"}],"version-history":[{"count":1,"href":"http:\/\/elcensornoticias.com\/index.php?rest_route=\/wp\/v2\/posts\/55017\/revisions"}],"predecessor-version":[{"id":55019,"href":"http:\/\/elcensornoticias.com\/index.php?rest_route=\/wp\/v2\/posts\/55017\/revisions\/55019"}],"wp:featuredmedia":[{"embeddable":true,"href":"http:\/\/elcensornoticias.com\/index.php?rest_route=\/wp\/v2\/media\/55018"}],"wp:attachment":[{"href":"http:\/\/elcensornoticias.com\/index.php?rest_route=%2Fwp%2Fv2%2Fmedia&parent=55017"}],"wp:term":[{"taxonomy":"category","embeddable":true,"href":"http:\/\/elcensornoticias.com\/index.php?rest_route=%2Fwp%2Fv2%2Fcategories&post=55017"},{"taxonomy":"post_tag","embeddable":true,"href":"http:\/\/elcensornoticias.com\/index.php?rest_route=%2Fwp%2Fv2%2Ftags&post=55017"}],"curies":[{"name":"wp","href":"https:\/\/api.w.org\/{rel}","templated":true}]}}