{"id":55007,"date":"2025-11-05T01:18:48","date_gmt":"2025-11-05T01:18:48","guid":{"rendered":"http:\/\/elcensornoticias.com\/?p=55007"},"modified":"2025-11-05T01:18:51","modified_gmt":"2025-11-05T01:18:51","slug":"centenario-de-apizaco-a-traves-de-sus-voces-e-historias","status":"publish","type":"post","link":"http:\/\/elcensornoticias.com\/?p=55007","title":{"rendered":"CENTENARIO DE APIZACO A TRAV\u00c9S DE SUS VOCES E HISTORIAS"},"content":{"rendered":"\n<p>PRESENTAR\u00c1N LIBRO PARA CELEBRAR<\/p>\n\n\n\n<p>Coordinado por la maestra Olimpia Guevara Hern\u00e1ndez, el investigador Enrique Arellano Bravo y el historiador No\u00e9 Ortega Hern\u00e1ndez, el texto se presentar\u00e1 este 5 de noviembre a las 17:00 hrs. en la Pinacoteca del estado.<\/p>\n\n\n\n<p>La Pinacoteca del Estado \u201cDesiderio H. Xochitiotzin\u201d ser\u00e1 sede de la presentaci\u00f3n del libro \u00abMemorias de una ciudad centenaria. Apizaco 1921\u20132021\u00bb, una obra colectiva que rinde homenaje a la historia viva de la ciudad rielera, sus habitantes y su evoluci\u00f3n a lo largo de un siglo.<\/p>\n\n\n\n<p>El volumen, coordinado por la maestra Olimpia Guevara Hern\u00e1ndez, el investigador Enrique Arellano Bravo y el historiador No\u00e9 Ortega Hern\u00e1ndez, re\u00fane cr\u00f3nicas, testimonios, poes\u00edas y fotograf\u00edas que retratan el devenir de Apizaco, desde su origen ferroviario hasta sus transformaciones sociales, culturales y urbanas.<\/p>\n\n\n\n<p>\u201cEste volumen es un homenaje a la voz de sus habitantes, al patrimonio intangible que se teje en el tiempo de Apizaco\u201d, se\u00f1al\u00f3 Guevara Hern\u00e1ndez, destacando el car\u00e1cter participativo del proyecto, que naci\u00f3 de una convocatoria abierta en redes sociales y medios locales.<\/p>\n\n\n\n<p>La presentaci\u00f3n se llevar\u00e1 a cabo el mi\u00e9rcoles 5 de noviembre a las 17:00 horas, en el auditorio de la Pinacoteca, ubicada en Avenida Vicente Guerrero, n\u00famero 15, en el centro de Tlaxcala.<\/p>\n\n\n\n<p>&nbsp;\u201cRescatamos la historia para que la comunidad la conozca y la reconozca como suya\u201d, afirmaron los compiladores.<\/p>\n\n\n\n<p>El evento contar\u00e1 con la presencia de la escritora Isabel Aquino Romero, el cronista Joel D\u00e1vila Guti\u00e9rrez y el comunicador V\u00edctor Loranca como moderador. La entrada ser\u00e1 libre y habr\u00e1 ejemplares disponibles para que el p\u00fablico lo pueda adquirir.<\/p>\n\n\n\n<p>Los organizadores invitan a medios de comunicaci\u00f3n, comunidad acad\u00e9mica, estudiantes y p\u00fablico en general a sumarse a esta jornada de memoria y reflexi\u00f3n.<\/p>\n","protected":false},"excerpt":{"rendered":"<p>PRESENTAR\u00c1N LIBRO PARA CELEBRAR Coordinado por la maestra Olimpia Guevara Hern\u00e1ndez, el investigador Enrique Arellano Bravo y el historiador No\u00e9 Ortega Hern\u00e1ndez, el texto se presentar\u00e1 este 5 de noviembre a las 17:00 hrs. en la Pinacoteca del estado. La Pinacoteca del Estado \u201cDesiderio H. Xochitiotzin\u201d ser\u00e1 sede de la presentaci\u00f3n del libro \u00abMemorias de [&hellip;]<\/p>\n","protected":false},"author":1,"featured_media":55008,"comment_status":"open","ping_status":"open","sticky":false,"template":"","format":"standard","meta":{"advanced_seo_description":"","jetpack_seo_html_title":"","jetpack_seo_noindex":false,"footnotes":"","jetpack_publicize_message":"","jetpack_is_tweetstorm":false,"jetpack_publicize_feature_enabled":true,"jetpack_social_post_already_shared":true,"jetpack_social_options":{"image_generator_settings":{"template":"highway","enabled":false}}},"categories":[2,10],"tags":[],"class_list":["post-55007","post","type-post","status-publish","format-standard","has-post-thumbnail","hentry","category-destacadas","category-municipios"],"jetpack_publicize_connections":[],"jetpack_featured_media_url":"http:\/\/elcensornoticias.com\/wp-content\/uploads\/2025\/11\/IMG-20251104-WA0023.jpg","jetpack_likes_enabled":true,"jetpack_sharing_enabled":true,"jetpack_shortlink":"https:\/\/wp.me\/p6xy50-ejd","_links":{"self":[{"href":"http:\/\/elcensornoticias.com\/index.php?rest_route=\/wp\/v2\/posts\/55007","targetHints":{"allow":["GET"]}}],"collection":[{"href":"http:\/\/elcensornoticias.com\/index.php?rest_route=\/wp\/v2\/posts"}],"about":[{"href":"http:\/\/elcensornoticias.com\/index.php?rest_route=\/wp\/v2\/types\/post"}],"author":[{"embeddable":true,"href":"http:\/\/elcensornoticias.com\/index.php?rest_route=\/wp\/v2\/users\/1"}],"replies":[{"embeddable":true,"href":"http:\/\/elcensornoticias.com\/index.php?rest_route=%2Fwp%2Fv2%2Fcomments&post=55007"}],"version-history":[{"count":1,"href":"http:\/\/elcensornoticias.com\/index.php?rest_route=\/wp\/v2\/posts\/55007\/revisions"}],"predecessor-version":[{"id":55009,"href":"http:\/\/elcensornoticias.com\/index.php?rest_route=\/wp\/v2\/posts\/55007\/revisions\/55009"}],"wp:featuredmedia":[{"embeddable":true,"href":"http:\/\/elcensornoticias.com\/index.php?rest_route=\/wp\/v2\/media\/55008"}],"wp:attachment":[{"href":"http:\/\/elcensornoticias.com\/index.php?rest_route=%2Fwp%2Fv2%2Fmedia&parent=55007"}],"wp:term":[{"taxonomy":"category","embeddable":true,"href":"http:\/\/elcensornoticias.com\/index.php?rest_route=%2Fwp%2Fv2%2Fcategories&post=55007"},{"taxonomy":"post_tag","embeddable":true,"href":"http:\/\/elcensornoticias.com\/index.php?rest_route=%2Fwp%2Fv2%2Ftags&post=55007"}],"curies":[{"name":"wp","href":"https:\/\/api.w.org\/{rel}","templated":true}]}}