{"id":55004,"date":"2025-11-05T01:14:01","date_gmt":"2025-11-05T01:14:01","guid":{"rendered":"http:\/\/elcensornoticias.com\/?p=55004"},"modified":"2025-11-05T01:14:04","modified_gmt":"2025-11-05T01:14:04","slug":"inauguran-el-3er-congreso-numet-encuentros-regionales-2025","status":"publish","type":"post","link":"http:\/\/elcensornoticias.com\/?p=55004","title":{"rendered":"INAUGURAN EL 3ER. CONGRESO NUMET, \u201cENCUENTROS REGIONALES 2025\u201d"},"content":{"rendered":"\n<p>El encuentro est\u00e1 dirigido a jefes de sector, supervisores, asesores t\u00e9cnicos pedag\u00f3gicos, directivos y docentes de los niveles de educaci\u00f3n b\u00e1sica, media superior y superior, en sus distintas modalidades_<\/p>\n\n\n\n<p>La Secretar\u00eda de Educaci\u00f3n P\u00fablica del Estado y la Unidad de Servicios Educativos del Estado de Tlaxcala (SEPE-USET) inauguraron el Tercer Congreso NUMET, \u201cEncuentros Regionales 2025\u201d que se llevar\u00e1 a cabo los d\u00edas 4, 7, 11, 14, 18 y 27 de noviembre en diferentes instituciones de educaci\u00f3n superior del estado.<\/p>\n\n\n\n<p>Las sedes estar\u00e1n distribuidas en las regiones norte, oriente, poniente, centro norte, centro sur y sur de la entidad, con actividades en el Instituto Tecnol\u00f3gico Superior de Tlaxco (ITST), la Universidad Intercultural de Tlaxcala (UIT), la Universidad Aut\u00f3noma de Tlaxcala (UATx), el Instituto Tecnol\u00f3gico de Apizaco (ITA) y la Universidad Polit\u00e9cnica de Tlaxcala (UPTx).<\/p>\n\n\n\n<p>Durante el acto protocolario, realizado en el ITST, la jefa del Departamento de Formaci\u00f3n Continua para Docentes, Adriana Carro Olvera, en&nbsp; representaci\u00f3n del titular de la SEPE-USET, Homero Meneses Hern\u00e1ndez, destac\u00f3 que este Congreso se consolida como uno de los espacios acad\u00e9micos m\u00e1s importantes de Tlaxcala, al promover el intercambio de experiencias, el fortalecimiento de la Nueva Escuela Mexicana (NEM), y la proyecci\u00f3n del Nuevo Modelo Educativo Tlaxcalteca (Numet), en beneficio de ni\u00f1as, ni\u00f1os, adolescentes y j\u00f3venes.<\/p>\n\n\n\n<p>Durante su intervenci\u00f3n, la directora del ITST, Luz Vera D\u00edaz, destac\u00f3 el apoyo de la gobernadora Lorena Cu\u00e9llar Cisneros a la educaci\u00f3n y al desarrollo social, a trav\u00e9s de proyectos que alientan a los docentes y alumnos que fortalecen al sector.<\/p>\n\n\n\n<p>El Congreso est\u00e1 dirigido a jefes de sector, supervisores, asesores t\u00e9cnicos pedag\u00f3gicos, directivos y docentes de los niveles de educaci\u00f3n b\u00e1sica, media superior y superior, en sus distintas modalidades, tanto de instituciones p\u00fablicas como privadas.<\/p>\n\n\n\n<p>Como parte de las actividades, se celebr\u00f3 la Conferencia Magistral \u201cMujeres Zapatistas en la Revoluci\u00f3n\u201d, a cargo de Claudia Morales Escobar, adem\u00e1s de diversas ponencias y talleres en torno a temas como Humanismo Mexicano, Aprendizaje STEM, Entornos de Aprendizaje Seguros e Incluyentes, Educaci\u00f3n Inter y Multicultural, Estudios de G\u00e9nero e Inteligencia Artificial en la Educaci\u00f3n, entre otros.<\/p>\n\n\n\n<p>Asimismo, se presentaron actividades relacionadas con la naturaleza y la sustentabilidad, como \u201cLa importancia y cualidades de las plantas medicinales\u201d, \u201cPropagaci\u00f3n de plantas\u201d y el taller \u201cElaboraci\u00f3n de bombas de vida\u201d. Tambi\u00e9n se llev\u00f3 a cabo la Expo-Ciencias EMS y ES, donde estudiantes expusieron proyectos de divulgaci\u00f3n cient\u00edfica.<\/p>\n\n\n\n<p>La jornada contempl\u00f3 el espacio cultural con la presentaci\u00f3n del Ballet Kali Bafa, con el prop\u00f3sito de preservar y difundir las tradiciones culturales a trav\u00e9s de la danza.<\/p>\n\n\n\n<p>Carro Olvera detall\u00f3 que el programa general contempla nueve Conferencias Magistrales, 900 Ponencias, 12 Talleres, la Tercera Olimpiada STEM \u201cConectando Territorios\u201d, el Tercer Encuentro Acad\u00e9mico del Programa Nacional de Ingl\u00e9s (Proni), el Tercer Encuentro de Educaci\u00f3n Ambiental y Bienestar Animal, Juventudes Forjando una Nueva Historia, la Expo Ciencias EMS y ES, la Tercera Feria Estatal del Libro con 25 presentaciones, y la 43\u00aa Feria Internacional del Libro Infantil y Juvenil con 20 carteles, adem\u00e1s de actividades culturales en cada sede.<\/p>\n","protected":false},"excerpt":{"rendered":"<p>El encuentro est\u00e1 dirigido a jefes de sector, supervisores, asesores t\u00e9cnicos pedag\u00f3gicos, directivos y docentes de los niveles de educaci\u00f3n b\u00e1sica, media superior y superior, en sus distintas modalidades_ La Secretar\u00eda de Educaci\u00f3n P\u00fablica del Estado y la Unidad de Servicios Educativos del Estado de Tlaxcala (SEPE-USET) inauguraron el Tercer Congreso NUMET, \u201cEncuentros Regionales 2025\u201d [&hellip;]<\/p>\n","protected":false},"author":1,"featured_media":55005,"comment_status":"open","ping_status":"open","sticky":false,"template":"","format":"standard","meta":{"advanced_seo_description":"","jetpack_seo_html_title":"","jetpack_seo_noindex":false,"footnotes":"","jetpack_publicize_message":"","jetpack_is_tweetstorm":false,"jetpack_publicize_feature_enabled":true,"jetpack_social_post_already_shared":true,"jetpack_social_options":{"image_generator_settings":{"template":"highway","enabled":false}}},"categories":[5,28],"tags":[],"class_list":["post-55004","post","type-post","status-publish","format-standard","has-post-thumbnail","hentry","category-carrucel","category-educacion"],"jetpack_publicize_connections":[],"jetpack_featured_media_url":"http:\/\/elcensornoticias.com\/wp-content\/uploads\/2025\/11\/IMG-20251104-WA0015.jpg","jetpack_likes_enabled":true,"jetpack_sharing_enabled":true,"jetpack_shortlink":"https:\/\/wp.me\/p6xy50-eja","_links":{"self":[{"href":"http:\/\/elcensornoticias.com\/index.php?rest_route=\/wp\/v2\/posts\/55004","targetHints":{"allow":["GET"]}}],"collection":[{"href":"http:\/\/elcensornoticias.com\/index.php?rest_route=\/wp\/v2\/posts"}],"about":[{"href":"http:\/\/elcensornoticias.com\/index.php?rest_route=\/wp\/v2\/types\/post"}],"author":[{"embeddable":true,"href":"http:\/\/elcensornoticias.com\/index.php?rest_route=\/wp\/v2\/users\/1"}],"replies":[{"embeddable":true,"href":"http:\/\/elcensornoticias.com\/index.php?rest_route=%2Fwp%2Fv2%2Fcomments&post=55004"}],"version-history":[{"count":1,"href":"http:\/\/elcensornoticias.com\/index.php?rest_route=\/wp\/v2\/posts\/55004\/revisions"}],"predecessor-version":[{"id":55006,"href":"http:\/\/elcensornoticias.com\/index.php?rest_route=\/wp\/v2\/posts\/55004\/revisions\/55006"}],"wp:featuredmedia":[{"embeddable":true,"href":"http:\/\/elcensornoticias.com\/index.php?rest_route=\/wp\/v2\/media\/55005"}],"wp:attachment":[{"href":"http:\/\/elcensornoticias.com\/index.php?rest_route=%2Fwp%2Fv2%2Fmedia&parent=55004"}],"wp:term":[{"taxonomy":"category","embeddable":true,"href":"http:\/\/elcensornoticias.com\/index.php?rest_route=%2Fwp%2Fv2%2Fcategories&post=55004"},{"taxonomy":"post_tag","embeddable":true,"href":"http:\/\/elcensornoticias.com\/index.php?rest_route=%2Fwp%2Fv2%2Ftags&post=55004"}],"curies":[{"name":"wp","href":"https:\/\/api.w.org\/{rel}","templated":true}]}}