{"id":50918,"date":"2025-05-05T00:33:04","date_gmt":"2025-05-05T00:33:04","guid":{"rendered":"http:\/\/elcensornoticias.com\/?p=50918"},"modified":"2025-05-05T00:33:20","modified_gmt":"2025-05-05T00:33:20","slug":"resultados-de-la-convocatoria-al-encuentro-nacional-de-fibras-vegetales-2025","status":"publish","type":"post","link":"http:\/\/elcensornoticias.com\/?p=50918","title":{"rendered":"RESULTADOS DE LA CONVOCATORIA AL ENCUENTRO NACIONAL DE FIBRAS VEGETALES 2025"},"content":{"rendered":"\n<ul class=\"wp-block-list\">\n<li><strong>Se seleccionaron a 50 personas artesanas de diferentes entidades del pa\u00eds<\/strong><\/li>\n\n\n\n<li><strong>El Encuentro durar\u00e1 cuatro d\u00edas en los que las y los maestros compartir\u00e1n sus saberes<\/strong><\/li>\n<\/ul>\n\n\n\n<p>La Secretar\u00eda de Cultura del Gobierno de M\u00e9xico \u2013a trav\u00e9s del Fondo Nacional para el Fomento de las Artesan\u00edas (Fonart) y el Museo Nacional de Culturas Populares (MNCP), en el marco del proyecto ORIGINAL\u2013 comparte los resultados de la convocatoria al Encuentro Nacional de Fibras Vegetales 2025.<\/p>\n\n\n\n<p>Para la presente edici\u00f3n \u2013que se llevar\u00e1 a cabo del 15 al 18 de mayo en el MNCP\u2013 fueron seleccionados 50 maestras y maestros artesanos de 17 entidades del pa\u00eds, quienes compartir\u00e1n experiencias y conocimientos, as\u00ed como mostrar\u00e1n c\u00f3mo sus piezas son elementos constitutivos de la riqueza identitaria de nuestro pa\u00eds.<\/p>\n\n\n\n<p>Durante el Encuentro, las y los artesanos dialogar\u00e1n sobre los distintos retos que enfrentan, como la adquisici\u00f3n de materia prima, el uso de t\u00e9cnicas, las experiencias de las personas artesanas que siembran y cosechan la fibra vegetal de sus creaciones y la elaboraci\u00f3n de objetos, as\u00ed como el uso responsable de las fibras vegetales con un respeto al medioambiente.<\/p>\n\n\n\n<p>Cabe destacar que, en el marco del Encuentro, se realizar\u00e1 una expo-venta de sus creaciones del 15 al 18 de mayo, de 11:00 a 19:00 h. El acceso ser\u00e1 gratuito.<\/p>\n\n\n\n<p>Las fibras vegetales son una rama artesanal que existe desde tiempos prehisp\u00e1nicos y en el Encuentro se apreciar\u00e1 una amplia diversidad de objetos utilitarios y decorativos; por ejemplo, la corita, una artesan\u00eda&nbsp;<em>Comca&#8217;ac&nbsp;<\/em>(Seri)<em>,&nbsp;<\/em>que se elabora en un tejido en espiral por imbricaci\u00f3n, su elaboraci\u00f3n puede tardar entre uno o dos a\u00f1os, cuando son piezas de gran formato.<\/p>\n\n\n\n<p>Cabe recordar que con el fin de generar di\u00e1logos en torno a la creaci\u00f3n artesanal en M\u00e9xico y como parte del movimiento ORIGINAL, en 2025 se llevar\u00e1n a cabo dos espacios m\u00e1s, cuyas convocatorias est\u00e1n actualmente abiertas:&nbsp; el Tercer Encuentro Nacional de Tintes Naturales (Cuernavaca, Morelos, 28 al 30 de agosto de 2025) y el Encuentro Nacional de Cer\u00e1mica (San Miguel de Allende, Guanajuato, 12 al 14 de septiembre de 2025).<\/p>\n\n\n\n<p>Para consultar los nombres de las personas seleccionadas en el Encuentro Nacional de Fibras vegetales, visite las p\u00e1ginas de Fonart en&nbsp;<a rel=\"noreferrer noopener\" target=\"_blank\" href=\"https:\/\/shorturl.at\/ldGo5\">shorturl.at\/ldGo5<\/a>&nbsp;\u2013dentro de&nbsp;<a rel=\"noreferrer noopener\" target=\"_blank\" href=\"http:\/\/www.fonart.gob.mx\/\">fonart.gob.mx<\/a>\u2013 y de ORIGINAL (<a rel=\"noreferrer noopener\" target=\"_blank\" href=\"http:\/\/www.original.cultura.gob.mx\/\">original.cultura.gob.mx<\/a>).<\/p>\n\n\n\n<p>El Encuentro Nacional de Fibras vegetales se llevar\u00e1 a cabo del 15 al 18 de mayo de 2025, de 9 a 19 h, en el Museo Nacional de Culturas Populares (avenida Miguel Hidalgo 289, colonia Del Carmen, alcald\u00eda Coyoac\u00e1n, Ciudad de M\u00e9xico).<\/p>\n","protected":false},"excerpt":{"rendered":"<p>La Secretar\u00eda de Cultura del Gobierno de M\u00e9xico \u2013a trav\u00e9s del Fondo Nacional para el Fomento de las Artesan\u00edas (Fonart) y el Museo Nacional de Culturas Populares (MNCP), en el marco del proyecto ORIGINAL\u2013 comparte los resultados de la convocatoria al Encuentro Nacional de Fibras Vegetales 2025. Para la presente edici\u00f3n \u2013que se llevar\u00e1 a [&hellip;]<\/p>\n","protected":false},"author":1,"featured_media":50919,"comment_status":"open","ping_status":"open","sticky":false,"template":"","format":"standard","meta":{"advanced_seo_description":"","jetpack_seo_html_title":"","jetpack_seo_noindex":false,"footnotes":"","jetpack_publicize_message":"","jetpack_is_tweetstorm":false,"jetpack_publicize_feature_enabled":true,"jetpack_social_post_already_shared":true,"jetpack_social_options":{"image_generator_settings":{"template":"highway","enabled":false}}},"categories":[26],"tags":[],"class_list":["post-50918","post","type-post","status-publish","format-standard","has-post-thumbnail","hentry","category-cultura"],"jetpack_publicize_connections":[],"jetpack_featured_media_url":"http:\/\/elcensornoticias.com\/wp-content\/uploads\/2025\/05\/original-8688A4E2-C36F-457F-A6E8-6B6C5AE80AE2.jpeg","jetpack_likes_enabled":true,"jetpack_sharing_enabled":true,"jetpack_shortlink":"https:\/\/wp.me\/p6xy50-dfg","_links":{"self":[{"href":"http:\/\/elcensornoticias.com\/index.php?rest_route=\/wp\/v2\/posts\/50918","targetHints":{"allow":["GET"]}}],"collection":[{"href":"http:\/\/elcensornoticias.com\/index.php?rest_route=\/wp\/v2\/posts"}],"about":[{"href":"http:\/\/elcensornoticias.com\/index.php?rest_route=\/wp\/v2\/types\/post"}],"author":[{"embeddable":true,"href":"http:\/\/elcensornoticias.com\/index.php?rest_route=\/wp\/v2\/users\/1"}],"replies":[{"embeddable":true,"href":"http:\/\/elcensornoticias.com\/index.php?rest_route=%2Fwp%2Fv2%2Fcomments&post=50918"}],"version-history":[{"count":1,"href":"http:\/\/elcensornoticias.com\/index.php?rest_route=\/wp\/v2\/posts\/50918\/revisions"}],"predecessor-version":[{"id":50920,"href":"http:\/\/elcensornoticias.com\/index.php?rest_route=\/wp\/v2\/posts\/50918\/revisions\/50920"}],"wp:featuredmedia":[{"embeddable":true,"href":"http:\/\/elcensornoticias.com\/index.php?rest_route=\/wp\/v2\/media\/50919"}],"wp:attachment":[{"href":"http:\/\/elcensornoticias.com\/index.php?rest_route=%2Fwp%2Fv2%2Fmedia&parent=50918"}],"wp:term":[{"taxonomy":"category","embeddable":true,"href":"http:\/\/elcensornoticias.com\/index.php?rest_route=%2Fwp%2Fv2%2Fcategories&post=50918"},{"taxonomy":"post_tag","embeddable":true,"href":"http:\/\/elcensornoticias.com\/index.php?rest_route=%2Fwp%2Fv2%2Ftags&post=50918"}],"curies":[{"name":"wp","href":"https:\/\/api.w.org\/{rel}","templated":true}]}}