{"id":50900,"date":"2025-05-03T22:33:53","date_gmt":"2025-05-03T22:33:53","guid":{"rendered":"http:\/\/elcensornoticias.com\/?p=50900"},"modified":"2025-05-03T22:34:07","modified_gmt":"2025-05-03T22:34:07","slug":"el-centro-de-la-imagen-cumple-31-anos","status":"publish","type":"post","link":"http:\/\/elcensornoticias.com\/?p=50900","title":{"rendered":"EL CENTRO DE LA IMAGEN CUMPLE 31 A\u00d1OS"},"content":{"rendered":"\n<ul class=\"wp-block-list\">\n<li><strong>El 4 de mayo de 1994 abri\u00f3 sus puertas en el edificio de La Ciudadela, con la intervenci\u00f3n arquitect\u00f3nica de Isaac Broid<\/strong><\/li>\n\n\n\n<li><strong>A lo largo de tres d\u00e9cadas ha fortalecido cuatro grandes proyectos que se han convertido en sus pilares de acci\u00f3n: la Bienal de Fotograf\u00eda, la Revista Luna C\u00f3rnea, el festival Fotoseptiembre y el Seminario de Producci\u00f3n Fotogr\u00e1fica<\/strong><\/li>\n<\/ul>\n\n\n\n<p>El Centro de la Imagen cumple 31 a\u00f1os desde que abri\u00f3 sus puertas el 4 de mayo de 1994 como un espacio dedicado a la difusi\u00f3n, ense\u00f1anza, investigaci\u00f3n y exhibici\u00f3n de la fotograf\u00eda en M\u00e9xico.<\/p>\n\n\n\n<p>Desde entonces, el espacio cultural contribuye de manera decisiva a la preservaci\u00f3n y divulgaci\u00f3n del trabajo de miles de fot\u00f3grafas y fot\u00f3grafos de M\u00e9xico y Am\u00e9rica Latina; es un referente en la promoci\u00f3n de la cultura visual contempor\u00e1nea a trav\u00e9s de festivales, exposiciones, talleres, seminarios y actividades educativas, entre muchas otras.<\/p>\n\n\n\n<p>El hogar en el que se han erigido tres d\u00e9cadas de historia cultural y fotogr\u00e1fica es un ala del emblem\u00e1tico edificio de La Ciudadela, que fue intervenido por el arquitecto Isaac Broid.<\/p>\n\n\n\n<p>\u201cOriginalmente, a finales del siglo XVIII, el edificio se construy\u00f3 para albergar a la Real F\u00e1brica de Tabaco de la Nueva Espa\u00f1a y despu\u00e9s tuvo muchos usos, como cuartel militar en la Independencia y la Revoluci\u00f3n. En el siglo XX empez\u00f3 a tener usos culturales y de educaci\u00f3n, pero fue hasta 1994 que se rescat\u00f3 para adaptarlo y hacerlo el Centro de la Imagen\u201d, relata, Livier Jara Garc\u00eda, quien desde octubre del 2024 es la directora del Centro de la Imagen.<\/p>\n\n\n\n<p>Sobre la adaptaci\u00f3n arquitect\u00f3nica de Broid, Livier Jara asegura que \u201c\u00e9l logr\u00f3 que el valor hist\u00f3rico del inmueble conviviera de una manera muy org\u00e1nica y amable con su propuesta de una mejor distribuci\u00f3n de los espacios para uso como salas de exposici\u00f3n, adem\u00e1s d\u00e1ndole un valor importante al patio de militares y el acceso, que son espacio abiertos y muy hermosos\u201d.<\/p>\n\n\n\n<p>El edificio, que comparte espacio con la Biblioteca de M\u00e9xico, se encuentra en Plaza de La Ciudadela 2, en el Centro Hist\u00f3rico capitalino, y a 31 a\u00f1os, es lo que la comunidad fotogr\u00e1fica imagin\u00f3: una nueva casa para el las y los fot\u00f3grafos mexicanos.<\/p>\n\n\n\n<p><strong>Las piedras angulares del Centro de la Imagen<\/strong><\/p>\n\n\n\n<p>Bajo la direcci\u00f3n de Patricia Mendoza, el Centro de la Imagen abri\u00f3 sus puertas en 1994 con la inauguraci\u00f3n de la VI Bienal de Fotograf\u00eda, uno de los pilares de la acci\u00f3n cultural del recinto, junto al festival Fotoseptiembre, la Revista Luna C\u00f3rnea y el Seminario de Producci\u00f3n Fotogr\u00e1fica.<\/p>\n\n\n\n<p>\u201cDesde que nace el Centro existen proyectos que han sido medulares y que lo han acompa\u00f1ado, como Fotoseptiembre, que es un festival creado por Pablo Ortiz Monasterio y Patricia Mendoza, quienes buscaban tener una resonancia a nivel local, nacional e incluso internacional del quehacer del Centro a trav\u00e9s de alianzas con otras instituciones\u201d, explica Jara Garc\u00eda sobre esta iniciativa que se realiza cada dos a\u00f1os.<\/p>\n\n\n\n<p>\u201cNos ayuda a mantener ese di\u00e1logo constante con otras instituciones, con sus acervos y sus b\u00fasquedas para dar a conocer proyectos. Desde hace unos a\u00f1os Fotoseptiembre adopt\u00f3 un formato para darle voz a un pa\u00eds y un estado invitados, que hace que la programaci\u00f3n sea m\u00e1s interesante y m\u00e1s espec\u00edfica sobre ciertas regiones\u201d, a\u00f1adi\u00f3 sobre el festival.<\/p>\n\n\n\n<p>En el caso de Luna C\u00f3rnea, dirigida actualmente por Alejandra P\u00e9rez Zamudio, se trata de una publicaci\u00f3n que inici\u00f3 en 1992, editada por el Centro de la Imagen, que destaca temas especializados en fotograf\u00eda, imagen y cultura visual, con una gran diversidad de artistas y autores, que en octubre pr\u00f3ximo llega a su n\u00famero 40.<\/p>\n\n\n\n<p>\u201cHa dado lugar a muchas reflexiones y adem\u00e1s actualmente ya est\u00e1n disponibles en la p\u00e1gina de internet de Luna C\u00f3rnea todos los ejemplares para consultar de manera virtual, lo que es importante porque tiene informaci\u00f3n muy relevante que puede resultar \u2013incluso\u2013 dif\u00edcil de conseguir para coleccionistas y personas interesadas en la fotograf\u00eda\u201d, se\u00f1al\u00f3 la directora.<\/p>\n\n\n\n<p>Como parte de los programas formativos del CI, Jara destaca el Seminario de Producci\u00f3n Fotogr\u00e1fica que naci\u00f3 en 2001, \u201ces un espacio dedicado a creadoras y creadores interesados en seguir creciendo, desarrollar y ampliar la reflexi\u00f3n en torno a su pr\u00e1ctica\u201d.<\/p>\n\n\n\n<p>\u201cHay un grupo de docentes y coordinadores que van dando forma al programa anualmente, y una vez que se selecciona al grupo de cada edici\u00f3n, ellos los acompa\u00f1an durante todo el proceso de b\u00fasqueda de temas y de producci\u00f3n, para finalmente mostrar sus trabajos en una muestra, misma que actualmente est\u00e1 abierta al p\u00fablico\u201d, indic\u00f3 Jara.<\/p>\n\n\n\n<p><strong>Una Bienal renovada<\/strong><\/p>\n\n\n\n<p>Por su parte, la Bienal de Fotograf\u00eda, que se consolid\u00f3 como un certamen de referencia desde 1980 con el impulso del Consejo Mexicano de Fotograf\u00eda, es el proyecto que acompa\u00f1a al Centro de la Imagen desde su primer d\u00eda y se realiza cada dos a\u00f1os; en 2025 llega a su edici\u00f3n XXI totalmente renovada.<\/p>\n\n\n\n<p>\u201cHa sido en acompa\u00f1amiento de un Consejo Asesor formado por representantes de la comunidad fotogr\u00e1fica con el que desde 2024 empezamos a dialogar, reflexionar y ajustar algunas posibilidades que ten\u00eda por explorar la Bienal\u201d, cuenta Jara sobre una de las mayores apuestas de su administraci\u00f3n al frente del CI.<\/p>\n\n\n\n<p>Abierta del 7 de abril al 30 de junio de 2025, la convocatoria del certamen&nbsp;se actualiza con el prop\u00f3sito de ampliar la representatividad en la selecci\u00f3n de personas que conformar\u00e1n la muestra de resultados, mientras que los premios a los dos primeros lugares incrementan de 75 mil a 90 mil pesos.<\/p>\n\n\n\n<p>Asimismo, promover\u00e1 acciones descentralizadas con agentes culturales de distintas regiones del pa\u00eds como revisi\u00f3n de portafolios, proyecciones y presentaciones de proyectos, entre otras, que se llevan a cabo durante la convocatoria que abri\u00f3 en abril pasado; mientras que de noviembre de 2025 a marzo de 2026 las acciones se enfocar\u00e1n a los proyectos seleccionados para la exhibici\u00f3n.<\/p>\n\n\n\n<p>De manera in\u00e9dita, gracias a este esfuerzo de renovaci\u00f3n, en la presente edici\u00f3n se incluye una plataforma de investigaci\u00f3n que tiene como objetivo arrojar un&nbsp; un esquema que conceptualice los ejes de tipos de actividad y l\u00edneas de producci\u00f3n creativa de artistas de todo el pa\u00eds.<\/p>\n\n\n\n<p>\u201cEsperamos tener una Bienal muy robusta que abarque la formaci\u00f3n y contenido, que haya participaci\u00f3n activa de diversas generaciones de artistas, fot\u00f3grafos y diversos agentes culturales\u201d, expres\u00f3 la directora.<\/p>\n\n\n\n<p><strong>Exposiciones de celebraci\u00f3n<\/strong><\/p>\n\n\n\n<p>Para celebrar al Centro de la Imagen se pueden visitar las tres exposiciones que tiene abiertas al p\u00fablico:&nbsp;<em>Volver a la tierra del quetzal,<\/em>&nbsp;de Pedro Valtierra, que documenta una parte del conflicto armado interno que se vivi\u00f3 en Guatemala a inicios de 1980 y&nbsp;<em>Letizia Battaglia. Cr\u00f3nica, vida, amor,&nbsp;<\/em>que muestra el trabajo emblem\u00e1tico de esta influyente fotoperiodista italiana, especialmente retratando el dolor causado por la violencia de mafias en Sicilia.<\/p>\n\n\n\n<p>Adem\u00e1s de&nbsp;<em>Simulacros, perlas, monta\u00f1as. Muestra de resultados del Seminario de Producci\u00f3n Fotogr\u00e1fica 2024<\/em>, la exposici\u00f3n que re\u00fane el trabajo realizado por el grupo de 16 participantes del principal programa formativo del CI, y que juntas son una muestra de la calidad y talento que se han presentado en los muros del Centro durante sus 31 a\u00f1os de existencia.<\/p>\n\n\n\n<p>Adelant\u00f3 que el pr\u00f3ximo verano, con curadur\u00eda de Eugenia Mac\u00edas, se tendr\u00e1 una exposici\u00f3n sobre mujeres fot\u00f3grafas de comunidades ind\u00edgenas en las rejas del Centro de la Imagen, con la visi\u00f3n de democratizar el acceso a la cultura y como parte de las acciones en torno al \u201cA\u00f1o de la Mujer Ind\u00edgena\u201d.<\/p>\n\n\n\n<p><strong>Un CI comprometido con el futuro<\/strong><\/p>\n\n\n\n<p>Con grandes e ic\u00f3nicas exposiciones, un acervo con m\u00e1s de 12 mil obras resguardadas de 1,200 artistas, una biblioteca abierta a todo el p\u00fablico, un seminario que forma a j\u00f3venes cada a\u00f1o, una revista engrosada por importantes lentes y plumas, un festival de primer nivel y una Bienal de Fotograf\u00eda que apunta hacia un renovado y enriquecedor futuro, el Centro de la Imagen&nbsp; es mucho m\u00e1s que un recinto de exhibici\u00f3n: es un espacio vivo de reflexi\u00f3n cr\u00edtica, formaci\u00f3n y resguardo del patrimonio visual.<\/p>\n\n\n\n<p>Hoy el gran reto del Centro de la Imagen es ampliar su pertinencia social, construir narrativas incluyentes y fortalecer su v\u00ednculo con comunidades fotogr\u00e1ficas diversas en M\u00e9xico y Am\u00e9rica Latina.<\/p>\n\n\n\n<p>Sigue las redes sociales de la Secretar\u00eda de Cultura en X (@cultura_mx), Facebook (\/SecretariaCulturaMX) e Instagram (@culturamx).<\/p>\n","protected":false},"excerpt":{"rendered":"<p>El Centro de la Imagen cumple 31 a\u00f1os desde que abri\u00f3 sus puertas el 4 de mayo de 1994 como un espacio dedicado a la difusi\u00f3n, ense\u00f1anza, investigaci\u00f3n y exhibici\u00f3n de la fotograf\u00eda en M\u00e9xico. Desde entonces, el espacio cultural contribuye de manera decisiva a la preservaci\u00f3n y divulgaci\u00f3n del trabajo de miles de fot\u00f3grafas [&hellip;]<\/p>\n","protected":false},"author":1,"featured_media":50901,"comment_status":"open","ping_status":"open","sticky":false,"template":"","format":"standard","meta":{"advanced_seo_description":"","jetpack_seo_html_title":"","jetpack_seo_noindex":false,"footnotes":"","jetpack_publicize_message":"","jetpack_is_tweetstorm":false,"jetpack_publicize_feature_enabled":true,"jetpack_social_post_already_shared":true,"jetpack_social_options":{"image_generator_settings":{"template":"highway","enabled":false}}},"categories":[26],"tags":[],"class_list":["post-50900","post","type-post","status-publish","format-standard","has-post-thumbnail","hentry","category-cultura"],"jetpack_publicize_connections":[],"jetpack_featured_media_url":"http:\/\/elcensornoticias.com\/wp-content\/uploads\/2025\/05\/Fachada-CI-002.jpeg","jetpack_likes_enabled":true,"jetpack_sharing_enabled":true,"jetpack_shortlink":"https:\/\/wp.me\/p6xy50-deY","_links":{"self":[{"href":"http:\/\/elcensornoticias.com\/index.php?rest_route=\/wp\/v2\/posts\/50900","targetHints":{"allow":["GET"]}}],"collection":[{"href":"http:\/\/elcensornoticias.com\/index.php?rest_route=\/wp\/v2\/posts"}],"about":[{"href":"http:\/\/elcensornoticias.com\/index.php?rest_route=\/wp\/v2\/types\/post"}],"author":[{"embeddable":true,"href":"http:\/\/elcensornoticias.com\/index.php?rest_route=\/wp\/v2\/users\/1"}],"replies":[{"embeddable":true,"href":"http:\/\/elcensornoticias.com\/index.php?rest_route=%2Fwp%2Fv2%2Fcomments&post=50900"}],"version-history":[{"count":1,"href":"http:\/\/elcensornoticias.com\/index.php?rest_route=\/wp\/v2\/posts\/50900\/revisions"}],"predecessor-version":[{"id":50902,"href":"http:\/\/elcensornoticias.com\/index.php?rest_route=\/wp\/v2\/posts\/50900\/revisions\/50902"}],"wp:featuredmedia":[{"embeddable":true,"href":"http:\/\/elcensornoticias.com\/index.php?rest_route=\/wp\/v2\/media\/50901"}],"wp:attachment":[{"href":"http:\/\/elcensornoticias.com\/index.php?rest_route=%2Fwp%2Fv2%2Fmedia&parent=50900"}],"wp:term":[{"taxonomy":"category","embeddable":true,"href":"http:\/\/elcensornoticias.com\/index.php?rest_route=%2Fwp%2Fv2%2Fcategories&post=50900"},{"taxonomy":"post_tag","embeddable":true,"href":"http:\/\/elcensornoticias.com\/index.php?rest_route=%2Fwp%2Fv2%2Ftags&post=50900"}],"curies":[{"name":"wp","href":"https:\/\/api.w.org\/{rel}","templated":true}]}}