{"id":50897,"date":"2025-05-03T22:29:10","date_gmt":"2025-05-03T22:29:10","guid":{"rendered":"http:\/\/elcensornoticias.com\/?p=50897"},"modified":"2025-05-03T22:29:23","modified_gmt":"2025-05-03T22:29:23","slug":"fortalece-fomtlax-al-carmen-tequexquitla","status":"publish","type":"post","link":"http:\/\/elcensornoticias.com\/?p=50897","title":{"rendered":"FORTALECE FOMTLAX AL CARMEN TEQUEXQUITLA"},"content":{"rendered":"\n<p>Firmaron convenio de colaboraci\u00f3n para acercar los programas de cr\u00e9ditos_<\/p>\n\n\n\n<p>Con el objetivo de fortalecer la inclusi\u00f3n financiera, el gobierno del estado, a trav\u00e9s del Fondo Macro para el Desarrollo Integral de Tlaxcala (Fomtlax), firm\u00f3 un convenio de colaboraci\u00f3n con el ayuntamiento de El Carmen Tequexquitla, a fin de otorgar cr\u00e9ditos a tasas de inter\u00e9s accesibles del 0.5 % y 1 % mensual.<\/p>\n\n\n\n<p>De esta manera, se busca impulsar a las unidades productivas, fomentando el crecimiento, desarrollo y bienestar de las familias.&nbsp;<\/p>\n\n\n\n<p>Fomtlax y el ayuntamiento trabajar\u00e1n de manera conjunta para garantizar una atenci\u00f3n personalizada, proceso de solicitud simplificado y aprobaci\u00f3n \u00e1gil, asegurando que los solicitantes reciban lo necesario para alcanzar sus objetivos financieros.&nbsp;<\/p>\n\n\n\n<p>El director del Fomtlax, Carlos Augusto P\u00e9rez Hern\u00e1ndez, destac\u00f3 el compromiso de la administraci\u00f3n que encabeza la gobernadora Lorena Cu\u00e9llar Cisneros de acercar los programas financieros a mujeres y hombres con actividades econ\u00f3micas, a trav\u00e9s de la suma de esfuerzos con las autoridades municipales.&nbsp;<\/p>\n\n\n\n<p>\u00abEste convenio tiene como prop\u00f3sito principal facilitar el acceso al financiamiento en condiciones m\u00e1s equitativas, permitiendo que las y los emprendedores puedan desarrollar sus proyectos, mejorar sus condiciones econ\u00f3micas o solventar necesidades, sin el temor a enfrentar tasas de inter\u00e9s elevadas o requisitos inaccesibles\u00bb, afirm\u00f3.&nbsp;<\/p>\n\n\n\n<p>En su oportunidad, la presidenta municipal Araceli Mart\u00ednez Cort\u00e9s agradeci\u00f3 que el respaldo del gobierno del estado, a trav\u00e9s de Fomtlax, permita ofrecer cr\u00e9ditos accesibles y con condiciones favorables para quienes m\u00e1s lo necesitan.&nbsp;<\/p>\n\n\n\n<p>Las y los interesados en obtener m\u00e1s informaci\u00f3n sobre el convenio o solicitar los cr\u00e9ditos, pueden dirigirse a las oficinas de la financiera estatal en Boulevard del Maestro No. 1902, la Loma Xicoht\u00e9ncatl, Tlaxcala, de lunes a viernes de 8:00 a 14:45 horas.<\/p>\n","protected":false},"excerpt":{"rendered":"<p>Firmaron convenio de colaboraci\u00f3n para acercar los programas de cr\u00e9ditos_ Con el objetivo de fortalecer la inclusi\u00f3n financiera, el gobierno del estado, a trav\u00e9s del Fondo Macro para el Desarrollo Integral de Tlaxcala (Fomtlax), firm\u00f3 un convenio de colaboraci\u00f3n con el ayuntamiento de El Carmen Tequexquitla, a fin de otorgar cr\u00e9ditos a tasas de inter\u00e9s [&hellip;]<\/p>\n","protected":false},"author":1,"featured_media":50898,"comment_status":"open","ping_status":"open","sticky":false,"template":"","format":"standard","meta":{"advanced_seo_description":"","jetpack_seo_html_title":"","jetpack_seo_noindex":false,"footnotes":"","jetpack_publicize_message":"","jetpack_is_tweetstorm":false,"jetpack_publicize_feature_enabled":true,"jetpack_social_post_already_shared":true,"jetpack_social_options":{"image_generator_settings":{"template":"highway","enabled":false}}},"categories":[2,3],"tags":[],"class_list":["post-50897","post","type-post","status-publish","format-standard","has-post-thumbnail","hentry","category-destacadas","category-gobierno"],"jetpack_publicize_connections":[],"jetpack_featured_media_url":"http:\/\/elcensornoticias.com\/wp-content\/uploads\/2025\/05\/IMG-20250503-WA0027-1.jpg","jetpack_likes_enabled":true,"jetpack_sharing_enabled":true,"jetpack_shortlink":"https:\/\/wp.me\/p6xy50-deV","_links":{"self":[{"href":"http:\/\/elcensornoticias.com\/index.php?rest_route=\/wp\/v2\/posts\/50897","targetHints":{"allow":["GET"]}}],"collection":[{"href":"http:\/\/elcensornoticias.com\/index.php?rest_route=\/wp\/v2\/posts"}],"about":[{"href":"http:\/\/elcensornoticias.com\/index.php?rest_route=\/wp\/v2\/types\/post"}],"author":[{"embeddable":true,"href":"http:\/\/elcensornoticias.com\/index.php?rest_route=\/wp\/v2\/users\/1"}],"replies":[{"embeddable":true,"href":"http:\/\/elcensornoticias.com\/index.php?rest_route=%2Fwp%2Fv2%2Fcomments&post=50897"}],"version-history":[{"count":1,"href":"http:\/\/elcensornoticias.com\/index.php?rest_route=\/wp\/v2\/posts\/50897\/revisions"}],"predecessor-version":[{"id":50899,"href":"http:\/\/elcensornoticias.com\/index.php?rest_route=\/wp\/v2\/posts\/50897\/revisions\/50899"}],"wp:featuredmedia":[{"embeddable":true,"href":"http:\/\/elcensornoticias.com\/index.php?rest_route=\/wp\/v2\/media\/50898"}],"wp:attachment":[{"href":"http:\/\/elcensornoticias.com\/index.php?rest_route=%2Fwp%2Fv2%2Fmedia&parent=50897"}],"wp:term":[{"taxonomy":"category","embeddable":true,"href":"http:\/\/elcensornoticias.com\/index.php?rest_route=%2Fwp%2Fv2%2Fcategories&post=50897"},{"taxonomy":"post_tag","embeddable":true,"href":"http:\/\/elcensornoticias.com\/index.php?rest_route=%2Fwp%2Fv2%2Ftags&post=50897"}],"curies":[{"name":"wp","href":"https:\/\/api.w.org\/{rel}","templated":true}]}}