{"id":50889,"date":"2025-05-03T22:21:01","date_gmt":"2025-05-03T22:21:01","guid":{"rendered":"http:\/\/elcensornoticias.com\/?p=50889"},"modified":"2025-05-03T22:21:33","modified_gmt":"2025-05-03T22:21:33","slug":"avanzan-jornadas-por-la-paz-en-los-municipios","status":"publish","type":"post","link":"http:\/\/elcensornoticias.com\/?p=50889","title":{"rendered":"AVANZAN JORNADAS POR LA PAZ EN LOS MUNICIPIOS"},"content":{"rendered":"\n<p>M\u00e1s de 20 dependencias federales, estatales y municipales ofrecen programas, servicios, apoyos y orientaciones en materia de salud, educaci\u00f3n, trabajo y bienestar_<\/p>\n\n\n\n<p>El gobierno del estado contin\u00faa con la realizaci\u00f3n de las Jornadas por la Paz en los municipios tlaxcaltecas, estrategia de seguridad federal cuyo objetivo es reducir los \u00edndices de violencia y delincuencia para mejorar las condiciones de vida de los habitantes, en el estado y el pa\u00eds, mediante la participaci\u00f3n de los tres niveles de gobierno.&nbsp;<\/p>\n\n\n\n<p>Del 14 de febrero al 28 de abril de 2025, en la entidad suman ocho municipios en los que se han desarrollado las jornadas con la participaci\u00f3n de 12 mil 900 asistentes. Los municipios donde ha llegado la estrategia nacional son: Chiautempan, Xiloxoxtla, Amaxac, Yauhquemehcan, Tlaxcala, Chiautempan y Tetlanohcan, entre otros.<\/p>\n\n\n\n<p>Esta estrategia nacional llegar\u00e1 a los 60 municipios de Tlaxcala, con la participaci\u00f3n de m\u00e1s de 20 dependencias federales, estatales y municipales que ofrecen programas, servicios, acciones, apoyos, incentivos y orientaciones, en materia de salud, educaci\u00f3n, trabajo y bienestar, as\u00ed como actividades l\u00fadicas, art\u00edsticas y deportivas.&nbsp;<\/p>\n\n\n\n<p>En cada una de las Jornadas por la Paz Municipales, la Secretar\u00eda de Seguridad Ciudadana (SSC) ha destacado la visi\u00f3n de la presidenta de M\u00e9xico, Claudia Sheinbaum Pardo, y de la gobernadora Lorena Cu\u00e9llar Cisneros por generar acciones encaminadas a lograr ambientes de paz entre los ciudadanos desde sus comunidades.&nbsp;<\/p>\n\n\n\n<p>\u201cPorque la paz no es solo ausencia de violencia, sino que la paz representa el acceso a la justicia, la salud, la educaci\u00f3n y el empleo, entrelazados con valores de solidaridad y respeto mutuo. La paz fortalece con espacios dignos, con oportunidades para nuestras juventudes y con el respaldo a quienes han sido hist\u00f3ricamente olvidados, empezando por las mujeres\u201d, se\u00f1al\u00f3 Mart\u00edn Perea Marrufo, titular de la SSC.<\/p>\n\n\n\n<p>De esta manera, el gobierno del estado reitera la invitaci\u00f3n a los tlaxcaltecas a ser parte de estas actividades acercando a Ni\u00f1as, Ni\u00f1os, Adolescentes y j\u00f3venes para fortalecer la convivencia social promoviendo valores que contribuyan a la construcci\u00f3n de un entorno m\u00e1s seguro y armonioso para las nuevas generaciones.<\/p>\n","protected":false},"excerpt":{"rendered":"<p>M\u00e1s de 20 dependencias federales, estatales y municipales ofrecen programas, servicios, apoyos y orientaciones en materia de salud, educaci\u00f3n, trabajo y bienestar_ El gobierno del estado contin\u00faa con la realizaci\u00f3n de las Jornadas por la Paz en los municipios tlaxcaltecas, estrategia de seguridad federal cuyo objetivo es reducir los \u00edndices de violencia y delincuencia para [&hellip;]<\/p>\n","protected":false},"author":1,"featured_media":50890,"comment_status":"open","ping_status":"open","sticky":false,"template":"","format":"standard","meta":{"advanced_seo_description":"","jetpack_seo_html_title":"","jetpack_seo_noindex":false,"footnotes":"","jetpack_publicize_message":"","jetpack_is_tweetstorm":false,"jetpack_publicize_feature_enabled":true,"jetpack_social_post_already_shared":true,"jetpack_social_options":{"image_generator_settings":{"template":"highway","enabled":false}}},"categories":[2,3],"tags":[],"class_list":["post-50889","post","type-post","status-publish","format-standard","has-post-thumbnail","hentry","category-destacadas","category-gobierno"],"jetpack_publicize_connections":[],"jetpack_featured_media_url":"http:\/\/elcensornoticias.com\/wp-content\/uploads\/2025\/05\/IMG-20250503-WA0001.jpg","jetpack_likes_enabled":true,"jetpack_sharing_enabled":true,"jetpack_shortlink":"https:\/\/wp.me\/p6xy50-deN","_links":{"self":[{"href":"http:\/\/elcensornoticias.com\/index.php?rest_route=\/wp\/v2\/posts\/50889","targetHints":{"allow":["GET"]}}],"collection":[{"href":"http:\/\/elcensornoticias.com\/index.php?rest_route=\/wp\/v2\/posts"}],"about":[{"href":"http:\/\/elcensornoticias.com\/index.php?rest_route=\/wp\/v2\/types\/post"}],"author":[{"embeddable":true,"href":"http:\/\/elcensornoticias.com\/index.php?rest_route=\/wp\/v2\/users\/1"}],"replies":[{"embeddable":true,"href":"http:\/\/elcensornoticias.com\/index.php?rest_route=%2Fwp%2Fv2%2Fcomments&post=50889"}],"version-history":[{"count":1,"href":"http:\/\/elcensornoticias.com\/index.php?rest_route=\/wp\/v2\/posts\/50889\/revisions"}],"predecessor-version":[{"id":50891,"href":"http:\/\/elcensornoticias.com\/index.php?rest_route=\/wp\/v2\/posts\/50889\/revisions\/50891"}],"wp:featuredmedia":[{"embeddable":true,"href":"http:\/\/elcensornoticias.com\/index.php?rest_route=\/wp\/v2\/media\/50890"}],"wp:attachment":[{"href":"http:\/\/elcensornoticias.com\/index.php?rest_route=%2Fwp%2Fv2%2Fmedia&parent=50889"}],"wp:term":[{"taxonomy":"category","embeddable":true,"href":"http:\/\/elcensornoticias.com\/index.php?rest_route=%2Fwp%2Fv2%2Fcategories&post=50889"},{"taxonomy":"post_tag","embeddable":true,"href":"http:\/\/elcensornoticias.com\/index.php?rest_route=%2Fwp%2Fv2%2Ftags&post=50889"}],"curies":[{"name":"wp","href":"https:\/\/api.w.org\/{rel}","templated":true}]}}