{"id":50883,"date":"2025-05-03T03:55:45","date_gmt":"2025-05-03T03:55:45","guid":{"rendered":"http:\/\/elcensornoticias.com\/?p=50883"},"modified":"2025-05-03T03:55:52","modified_gmt":"2025-05-03T03:55:52","slug":"universidad-de-texas-imparte-conferencias-a-docentes-de-cecyte-emsad","status":"publish","type":"post","link":"http:\/\/elcensornoticias.com\/?p=50883","title":{"rendered":"UNIVERSIDAD DE TEXAS IMPARTE CONFERENCIAS A DOCENTES DE CECYTE &#8211; EMSAD"},"content":{"rendered":"\n<p>Expertos internacionales impartieron dos ponencias-talleres sobre Matem\u00e1ticas y STEM_<\/p>\n\n\n\n<p>Docentes del Colegio de Estudios Cient\u00edficos y Tecnol\u00f3gicos del Estado y Centros de Educaci\u00f3n Media Superior a Distancia (CECyTE &#8211; EMSaD) participaron en las conferencias que ofrecieron ponentes de la Universidad de Texas Valle de R\u00edo Grande, Edinburg, Texas, Estados Unidos de Am\u00e9rica, gracias a la colaboraci\u00f3n entre ambas instituciones.<\/p>\n\n\n\n<p>La primera conferencia denominada \u201cC\u00edrculo de maestros de matem\u00e1ticas y STEM\u201d fue impartida por Hyung W. Kim a docentes del subsistema, mientras que Karina Araiza ofreci\u00f3 la conferencia \u201cMatem\u00e1ticas como lenguaje universal\u201d a estudiantes destacados del subsistema de media superior.<\/p>\n\n\n\n<p>Con motivo de los lazos de colaboraci\u00f3n entre las instituciones educativas de ambas naciones, se logr\u00f3 que los destacados compartieran sus conocimientos con docentes de matem\u00e1ticas y ciencias exactas del CECyTE \u2013 EMSaD.<\/p>\n\n\n\n<p>Durante la inauguraci\u00f3n de la conferencia, el director general, Blas Marvin Mora Olvera, resalt\u00f3 que, con esta acci\u00f3n conjunta, se refrenda el compromiso de fomentar una educaci\u00f3n integral en beneficio de los estudiantes del subsistema.<\/p>\n\n\n\n<p>Mora Olvera resalt\u00f3 la labor de los profesores de matem\u00e1ticas como educadores que utilizan un enfoque interdisciplinario basado en la Ciencia, Tecnolog\u00eda, Ingenier\u00eda y Matem\u00e1ticas (STEM, por sus siglas en ingl\u00e9s) para conectar con aplicaciones pr\u00e1cticas del mundo real y fomentar el pensamiento cr\u00edtico y la resoluci\u00f3n de problemas entre sus estudiantes.<\/p>\n\n\n\n<p>A la inauguraci\u00f3n de las conferencias tambi\u00e9n acudieron el jefe del Departamento de Educaci\u00f3n Superior de la Secretar\u00eda de Educaci\u00f3n P\u00fablica del Estado y Unidad de Servicios Educativos de Tlaxcala (SEPE &#8211; USET), Norberto Cervantes Contreras; el secretario general del Sindicato de Trabajadores del CECyTE, Zen\u00f3n Ramos Castillo y el director del plantel 08 Apetatitl\u00e1n, Audon Ibarra Alcocer.<\/p>\n","protected":false},"excerpt":{"rendered":"<p>Expertos internacionales impartieron dos ponencias-talleres sobre Matem\u00e1ticas y STEM_ Docentes del Colegio de Estudios Cient\u00edficos y Tecnol\u00f3gicos del Estado y Centros de Educaci\u00f3n Media Superior a Distancia (CECyTE &#8211; EMSaD) participaron en las conferencias que ofrecieron ponentes de la Universidad de Texas Valle de R\u00edo Grande, Edinburg, Texas, Estados Unidos de Am\u00e9rica, gracias a la [&hellip;]<\/p>\n","protected":false},"author":1,"featured_media":50884,"comment_status":"open","ping_status":"open","sticky":false,"template":"","format":"standard","meta":{"advanced_seo_description":"","jetpack_seo_html_title":"","jetpack_seo_noindex":false,"footnotes":"","jetpack_publicize_message":"","jetpack_is_tweetstorm":false,"jetpack_publicize_feature_enabled":true,"jetpack_social_post_already_shared":true,"jetpack_social_options":{"image_generator_settings":{"template":"highway","enabled":false}}},"categories":[2,28],"tags":[],"class_list":["post-50883","post","type-post","status-publish","format-standard","has-post-thumbnail","hentry","category-destacadas","category-educacion"],"jetpack_publicize_connections":[],"jetpack_featured_media_url":"http:\/\/elcensornoticias.com\/wp-content\/uploads\/2025\/05\/IMG-20250502-WA0017.jpg","jetpack_likes_enabled":true,"jetpack_sharing_enabled":true,"jetpack_shortlink":"https:\/\/wp.me\/p6xy50-deH","_links":{"self":[{"href":"http:\/\/elcensornoticias.com\/index.php?rest_route=\/wp\/v2\/posts\/50883","targetHints":{"allow":["GET"]}}],"collection":[{"href":"http:\/\/elcensornoticias.com\/index.php?rest_route=\/wp\/v2\/posts"}],"about":[{"href":"http:\/\/elcensornoticias.com\/index.php?rest_route=\/wp\/v2\/types\/post"}],"author":[{"embeddable":true,"href":"http:\/\/elcensornoticias.com\/index.php?rest_route=\/wp\/v2\/users\/1"}],"replies":[{"embeddable":true,"href":"http:\/\/elcensornoticias.com\/index.php?rest_route=%2Fwp%2Fv2%2Fcomments&post=50883"}],"version-history":[{"count":1,"href":"http:\/\/elcensornoticias.com\/index.php?rest_route=\/wp\/v2\/posts\/50883\/revisions"}],"predecessor-version":[{"id":50885,"href":"http:\/\/elcensornoticias.com\/index.php?rest_route=\/wp\/v2\/posts\/50883\/revisions\/50885"}],"wp:featuredmedia":[{"embeddable":true,"href":"http:\/\/elcensornoticias.com\/index.php?rest_route=\/wp\/v2\/media\/50884"}],"wp:attachment":[{"href":"http:\/\/elcensornoticias.com\/index.php?rest_route=%2Fwp%2Fv2%2Fmedia&parent=50883"}],"wp:term":[{"taxonomy":"category","embeddable":true,"href":"http:\/\/elcensornoticias.com\/index.php?rest_route=%2Fwp%2Fv2%2Fcategories&post=50883"},{"taxonomy":"post_tag","embeddable":true,"href":"http:\/\/elcensornoticias.com\/index.php?rest_route=%2Fwp%2Fv2%2Ftags&post=50883"}],"curies":[{"name":"wp","href":"https:\/\/api.w.org\/{rel}","templated":true}]}}