{"id":50880,"date":"2025-05-03T03:54:24","date_gmt":"2025-05-03T03:54:24","guid":{"rendered":"http:\/\/elcensornoticias.com\/?p=50880"},"modified":"2025-05-03T03:54:32","modified_gmt":"2025-05-03T03:54:32","slug":"smet-inicia-registro-para-el-proceso-de-seleccion-de-abogadas-de-las-mujeres","status":"publish","type":"post","link":"http:\/\/elcensornoticias.com\/?p=50880","title":{"rendered":"SMET INICIA REGISTRO PARA EL PROCESO DE SELECCI\u00d3N DE ABOGADAS DE LAS MUJERES"},"content":{"rendered":"\n<p>Brindar\u00e1n orientaci\u00f3n y asesor\u00eda jur\u00eddica especializada a mujeres en situaci\u00f3n de violencia, as\u00ed como litigio estrat\u00e9gico_<\/p>\n\n\n\n<p>El gobierno de M\u00e9xico, a trav\u00e9s de la Secretar\u00eda de las Mujeres, recuerda a las ciudadanas que el 1 de mayo inici\u00f3 el registro para sumarse como Abogadas de las Mujeres del Programa de Atenci\u00f3n Integral para el Bienestar de las Mujeres (Paibim), con el objetivo de fortalecer a las Instancias de Mujeres en las 32 Entidades Federativas (IMEF).<\/p>\n\n\n\n<p>Las Abogadas de las Mujeres brindar\u00e1n orientaci\u00f3n y asesor\u00eda jur\u00eddica especializada a mujeres en situaci\u00f3n de violencia, as\u00ed como litigio estrat\u00e9gico para casos de delitos de g\u00e9nero, a fin de coadyuvar en el ejercicio de sus derechos a una vida libre de violencias y acceso a la justicia.<\/p>\n\n\n\n<p>Las interesadas podr\u00e1n registrarse hasta el 8 de mayo en la p\u00e1gina: www.abogadas.mujeres.gob.mx\/. Deber\u00e1n contar con experiencia en atenci\u00f3n con perspectiva de g\u00e9nero y litigio estrat\u00e9gico, ser de nacionalidad mexicana y contar con t\u00edtulo y c\u00e9dula profesional de la Licenciatura en Derecho.<\/p>\n\n\n\n<p>El proceso de selecci\u00f3n y evaluaci\u00f3n se realizar\u00e1 de manera va entre la Secretar\u00eda de las Mujeres del gobierno de M\u00e9xico y la Secretar\u00eda de las Mujeres del Estado de Tlaxcala, ya que la contrataci\u00f3n y retribuci\u00f3n a las Abogadas de las Mujeres para la entidad se realizar\u00e1 con los recursos aprobados en el marco del Paibim, a trav\u00e9s de la SMET, en su calidad de instancia ejecutora del recurso.<\/p>\n\n\n\n<p>Los pasos a seguir para participar en la selecci\u00f3n ser\u00e1n: realizar el registro, subir su documentaci\u00f3n, realizar una evaluaci\u00f3n de conocimientos y entrevista para evaluar su perfil de forma integral.<\/p>\n\n\n\n<p>En la convocatoria, se establece que no podr\u00e1n participar las mujeres que hayan sido destituidas o inhabilitadas del servicio p\u00fablico. Tampoco podr\u00e1n registrarse las titulares, socias o trabajadoras de despachos jur\u00eddicos privados.<\/p>\n","protected":false},"excerpt":{"rendered":"<p>Brindar\u00e1n orientaci\u00f3n y asesor\u00eda jur\u00eddica especializada a mujeres en situaci\u00f3n de violencia, as\u00ed como litigio estrat\u00e9gico_ El gobierno de M\u00e9xico, a trav\u00e9s de la Secretar\u00eda de las Mujeres, recuerda a las ciudadanas que el 1 de mayo inici\u00f3 el registro para sumarse como Abogadas de las Mujeres del Programa de Atenci\u00f3n Integral para el Bienestar [&hellip;]<\/p>\n","protected":false},"author":1,"featured_media":50881,"comment_status":"open","ping_status":"open","sticky":false,"template":"","format":"standard","meta":{"advanced_seo_description":"","jetpack_seo_html_title":"","jetpack_seo_noindex":false,"footnotes":"","jetpack_publicize_message":"","jetpack_is_tweetstorm":false,"jetpack_publicize_feature_enabled":true,"jetpack_social_post_already_shared":true,"jetpack_social_options":{"image_generator_settings":{"template":"highway","enabled":false}}},"categories":[5,3],"tags":[],"class_list":["post-50880","post","type-post","status-publish","format-standard","has-post-thumbnail","hentry","category-carrucel","category-gobierno"],"jetpack_publicize_connections":[],"jetpack_featured_media_url":"http:\/\/elcensornoticias.com\/wp-content\/uploads\/2025\/05\/IMG-20250502-WA0016-1.jpg","jetpack_likes_enabled":true,"jetpack_sharing_enabled":true,"jetpack_shortlink":"https:\/\/wp.me\/p6xy50-deE","_links":{"self":[{"href":"http:\/\/elcensornoticias.com\/index.php?rest_route=\/wp\/v2\/posts\/50880","targetHints":{"allow":["GET"]}}],"collection":[{"href":"http:\/\/elcensornoticias.com\/index.php?rest_route=\/wp\/v2\/posts"}],"about":[{"href":"http:\/\/elcensornoticias.com\/index.php?rest_route=\/wp\/v2\/types\/post"}],"author":[{"embeddable":true,"href":"http:\/\/elcensornoticias.com\/index.php?rest_route=\/wp\/v2\/users\/1"}],"replies":[{"embeddable":true,"href":"http:\/\/elcensornoticias.com\/index.php?rest_route=%2Fwp%2Fv2%2Fcomments&post=50880"}],"version-history":[{"count":1,"href":"http:\/\/elcensornoticias.com\/index.php?rest_route=\/wp\/v2\/posts\/50880\/revisions"}],"predecessor-version":[{"id":50882,"href":"http:\/\/elcensornoticias.com\/index.php?rest_route=\/wp\/v2\/posts\/50880\/revisions\/50882"}],"wp:featuredmedia":[{"embeddable":true,"href":"http:\/\/elcensornoticias.com\/index.php?rest_route=\/wp\/v2\/media\/50881"}],"wp:attachment":[{"href":"http:\/\/elcensornoticias.com\/index.php?rest_route=%2Fwp%2Fv2%2Fmedia&parent=50880"}],"wp:term":[{"taxonomy":"category","embeddable":true,"href":"http:\/\/elcensornoticias.com\/index.php?rest_route=%2Fwp%2Fv2%2Fcategories&post=50880"},{"taxonomy":"post_tag","embeddable":true,"href":"http:\/\/elcensornoticias.com\/index.php?rest_route=%2Fwp%2Fv2%2Ftags&post=50880"}],"curies":[{"name":"wp","href":"https:\/\/api.w.org\/{rel}","templated":true}]}}