{"id":50874,"date":"2025-05-03T03:48:43","date_gmt":"2025-05-03T03:48:43","guid":{"rendered":"http:\/\/elcensornoticias.com\/?p=50874"},"modified":"2025-05-03T03:48:44","modified_gmt":"2025-05-03T03:48:44","slug":"sala-xavier-villaurrutia-abre-el-telon-para-la-periodista","status":"publish","type":"post","link":"http:\/\/elcensornoticias.com\/?p=50874","title":{"rendered":"SALA XAVIER VILLAURRUTIA ABRE EL TEL\u00d3N PARA\u00a0LA PERIODISTA"},"content":{"rendered":"\n<ul class=\"wp-block-list\">\n<li><strong>La puesta en escena es escrita y dirigida por el dramaturgo mexicano Emilio Uri\u00f3stegui y protagonizada por la actriz Ana Cordelia Aldama<\/strong><\/li>\n\n\n\n<li><strong>Es un unipersonal de profunda reflexi\u00f3n sobre la \u00e9tica period\u00edstica, la libertad de expresi\u00f3n y la injusticia<\/strong><\/li>\n<\/ul>\n\n\n\n<p>El escenario de la Sala Xavier Villaurrutia, del Centro Cultural del Bosque, recibe a&nbsp;<em>La periodista<\/em>, una puesta en escena que narra la historia de una reportera latinoamericana que termina en prisi\u00f3n. El unipersonal, de 60 minutos de duraci\u00f3n, es una profunda reflexi\u00f3n con tintes de humor y fantas\u00eda para encontrar el camino alterno hacia la libertad.<\/p>\n\n\n\n<p>La Secretar\u00eda de Cultura del Gobierno de M\u00e9xico y el Instituto Nacional de Bellas Artes y Literatura (INBAL), a trav\u00e9s de la Coordinaci\u00f3n Nacional de Teatro, y \u00c1nima Teatro, presentan la puesta en escena con dramaturgia y direcci\u00f3n de Emilio Uri\u00f3stegui, bajo la producci\u00f3n y actuaci\u00f3n de Ana Cordelia Aldama.<\/p>\n\n\n\n<p>En un peque\u00f1o espacio que representa una celda de castigo, la protagonista da a conocer su pasi\u00f3n por el periodismo y las circunstancias que la llevaron a la situaci\u00f3n en la que se encuentra. La presencia de una celadora \u2013a la que le hace una entrevista\u2013 es el pretexto id\u00f3neo para develar las complejas circunstancias en las cuales vive.<\/p>\n\n\n\n<p><em>La periodista<\/em>&nbsp;es una propuesta de la compa\u00f1\u00eda \u00c1nima Teatro, la cual se estren\u00f3 en 2011 con el objetivo de plantear en el escenario una met\u00e1fora de la c\u00e1rcel, como la libertad de expresi\u00f3n encarcelada y reprimida, explic\u00f3 en entrevista Ana Cordelia al t\u00e9rmino de la funci\u00f3n.<\/p>\n\n\n\n<p>\u201cHicimos una analog\u00eda entre el teatro y el periodismo, que ambos de una forma diferente, unos a trav\u00e9s del arte y otro a trav\u00e9s de la comunicaci\u00f3n, pugnan por una libertad de expresi\u00f3n \u00e9tica y cuidadosa\u201d, refiri\u00f3 la actriz.<\/p>\n\n\n\n<p>En tanto, el director y dramaturgo Emilio Uri\u00f3stegui declar\u00f3: \u201cLo que buscamos fue crear un personaje hipot\u00e9tico que est\u00e1 representando al periodismo \u00e9tico y a la libertad de expresi\u00f3n\u201d.<\/p>\n\n\n\n<p>El dise\u00f1o sonoro y la m\u00fasica original son de David Rodr\u00edguez. Gabriel Silva participa junto a Emilio Uri\u00f3stegui en el dise\u00f1o de iluminaci\u00f3n y est\u00e1 a cargo del dise\u00f1o del dispositivo escenogr\u00e1fico. La m\u00fasica y la iluminaci\u00f3n modifican la atm\u00f3sfera para sugerir lugares opuestos al contexto carcelario: espacios de luz y libertad.<\/p>\n\n\n\n<p><em>La periodista<\/em>&nbsp;se presentar\u00e1 del 3 al 25 de mayo, jueves y viernes a las 20:00 h, s\u00e1bados 19:00 h y domingos 18:00 h. Entrada general $150. Jueves al Teatro $30 todas las funciones. Descuento del 50% a estudiantes, maestros y afiliados al INAPAM. Afiliados al programa Gente de Teatro, $45 cualquier d\u00eda. De venta en la taquilla y teatroinbal.sistemadeboletos.com<\/p>\n","protected":false},"excerpt":{"rendered":"<p>El escenario de la Sala Xavier Villaurrutia, del Centro Cultural del Bosque, recibe a&nbsp;La periodista, una puesta en escena que narra la historia de una reportera latinoamericana que termina en prisi\u00f3n. El unipersonal, de 60 minutos de duraci\u00f3n, es una profunda reflexi\u00f3n con tintes de humor y fantas\u00eda para encontrar el camino alterno hacia la [&hellip;]<\/p>\n","protected":false},"author":1,"featured_media":50875,"comment_status":"open","ping_status":"open","sticky":false,"template":"","format":"standard","meta":{"advanced_seo_description":"","jetpack_seo_html_title":"","jetpack_seo_noindex":false,"footnotes":"","jetpack_publicize_message":"","jetpack_is_tweetstorm":false,"jetpack_publicize_feature_enabled":true,"jetpack_social_post_already_shared":true,"jetpack_social_options":{"image_generator_settings":{"template":"highway","enabled":false}}},"categories":[26],"tags":[],"class_list":["post-50874","post","type-post","status-publish","format-standard","has-post-thumbnail","hentry","category-cultura"],"jetpack_publicize_connections":[],"jetpack_featured_media_url":"http:\/\/elcensornoticias.com\/wp-content\/uploads\/2025\/05\/Foto-Secretaria-de-Cultura-Abraham-Goldsmith-1.jpeg","jetpack_likes_enabled":true,"jetpack_sharing_enabled":true,"jetpack_shortlink":"https:\/\/wp.me\/p6xy50-dey","_links":{"self":[{"href":"http:\/\/elcensornoticias.com\/index.php?rest_route=\/wp\/v2\/posts\/50874","targetHints":{"allow":["GET"]}}],"collection":[{"href":"http:\/\/elcensornoticias.com\/index.php?rest_route=\/wp\/v2\/posts"}],"about":[{"href":"http:\/\/elcensornoticias.com\/index.php?rest_route=\/wp\/v2\/types\/post"}],"author":[{"embeddable":true,"href":"http:\/\/elcensornoticias.com\/index.php?rest_route=\/wp\/v2\/users\/1"}],"replies":[{"embeddable":true,"href":"http:\/\/elcensornoticias.com\/index.php?rest_route=%2Fwp%2Fv2%2Fcomments&post=50874"}],"version-history":[{"count":1,"href":"http:\/\/elcensornoticias.com\/index.php?rest_route=\/wp\/v2\/posts\/50874\/revisions"}],"predecessor-version":[{"id":50876,"href":"http:\/\/elcensornoticias.com\/index.php?rest_route=\/wp\/v2\/posts\/50874\/revisions\/50876"}],"wp:featuredmedia":[{"embeddable":true,"href":"http:\/\/elcensornoticias.com\/index.php?rest_route=\/wp\/v2\/media\/50875"}],"wp:attachment":[{"href":"http:\/\/elcensornoticias.com\/index.php?rest_route=%2Fwp%2Fv2%2Fmedia&parent=50874"}],"wp:term":[{"taxonomy":"category","embeddable":true,"href":"http:\/\/elcensornoticias.com\/index.php?rest_route=%2Fwp%2Fv2%2Fcategories&post=50874"},{"taxonomy":"post_tag","embeddable":true,"href":"http:\/\/elcensornoticias.com\/index.php?rest_route=%2Fwp%2Fv2%2Ftags&post=50874"}],"curies":[{"name":"wp","href":"https:\/\/api.w.org\/{rel}","templated":true}]}}