{"id":43129,"date":"2024-07-22T20:25:13","date_gmt":"2024-07-22T20:25:13","guid":{"rendered":"http:\/\/elcensornoticias.com\/?p=43129"},"modified":"2024-07-22T20:27:11","modified_gmt":"2024-07-22T20:27:11","slug":"chiautempan-sede-de-la-entrega-de-constancias-de-capacitacion-de-la-brigada-119","status":"publish","type":"post","link":"http:\/\/elcensornoticias.com\/?p=43129","title":{"rendered":"CHIAUTEMPAN SEDE DE LA ENTREGA DE CONSTANCIAS DE CAPACITACI\u00d3N DE LA BRIGADA 119"},"content":{"rendered":"\n<p>El Presidente Municipal Gustavo Jim\u00e9nez Romero asisti\u00f3 a la clausura del curso de capacitaci\u00f3n de productores chiautempenses y de municipios aleda\u00f1os por parte de la Brigada de Educaci\u00f3n para el Desarrollo Rural 119.<\/p>\n\n\n\n<p>En su mensaje, el Alcalde Gustavo Jim\u00e9nez resalt\u00f3 que la capacitaci\u00f3n y profesionalizaci\u00f3n son necesarias para una mejor vida profesional y laboral, por ello, felicit\u00f3 a todos los productores por concluir estos cursos y agradeci\u00f3 a los integrantes de la brigada de educaci\u00f3n para el desarrollo rural 119, por impulsar proyectos que son ben\u00e9ficos para los productores del campo y ganado.<\/p>\n\n\n\n<p>\u201cAmigos productores, hoy cuentan con m\u00e1s herramientas para aprovechar los recursos del campo y el manejo de diferentes especies para su producci\u00f3n, les pido que sigan capacit\u00e1ndose y compartiendo sus conocimientos a las futuras generaciones\u201d, subray\u00f3 Jim\u00e9nez Romero.<\/p>\n\n\n\n<p>Por su parte, Alberto P\u00e9rez Salda\u00f1a, Jefe de la Brigada de Educaci\u00f3n para el desarrollo rural 119 indic\u00f3 que, con estas capacitaciones las personas aprenden el manejo del campo y la producci\u00f3n de especies, no s\u00f3lo para el autoconsumo sino para la comercializaci\u00f3n, \u201cgracias por confiar en nosotros y tengan por seguro que seguiremos trabajando a favor de la comunidad y de seguir preparando m\u00e1s productores\u201d.<\/p>\n\n\n\n<p>En su intervenci\u00f3n, Misael del Razo Hern\u00e1ndez, titular de la Secretar\u00eda de Agricultura y Desarrollo Rural (SADER) en Tlaxcala, resalt\u00f3 que, desde el Gobierno Federal se impulsan acciones y pol\u00edticas encaminadas al apoyo del campo, a productores y ganaderos para el bueno manejo de los recursos.<\/p>\n\n\n\n<p>Asimismo, Er\u00e9ndira Jim\u00e9nez Montiel, representante del Consejo Empresarial Agropecuario de Tlaxcala, dijo que, el consejo est\u00e1 y estar\u00e1 de la mano de los productores para darles acompa\u00f1amiento para allegarse de todas las herramientas disponibles para comercializar productos en mercados locales y nacionales.<\/p>\n\n\n\n<p>Es as\u00ed como se entregaron 200 constancias de capacitaci\u00f3n a productores de los municipios de Chiautempan, Amaxac de Guerrero, Contla de Juan Cuamatzi y Mazatecochco de Jos\u00e9 Mar\u00eda Morelos.<\/p>\n\n\n\n<p>Cabe destacar que, los productores se capacitaron en manejo de hortalizas de fresa y ma\u00edz; producci\u00f3n y manejo de aves de corral, ovinos y bovinos; industrializaci\u00f3n de frutas, hortalizas y dulces regionales, as\u00ed como manualidades en hojas de ma\u00edz.<\/p>\n\n\n\n<p>A este evento asistieron, Mar\u00eda Luisa S\u00e1nchez S\u00e1nchez, comisionada estatal de la direcci\u00f3n general de educaci\u00f3n tecnol\u00f3gica, agropecuaria y ciencias del mar en Tlaxcala; Francisco G\u00f3mez Mu\u00f1oz, director del centro de bachillerato tecnol\u00f3gico agropecuario 134 de San Francisco Tetlanohcan; Mar\u00eda In\u00e9s Cabrera Hern\u00e1ndez, jefa del departamento del educaci\u00f3n ecol\u00f3gica de la SEP-USET, as\u00ed como familiares de los productores.<\/p>\n","protected":false},"excerpt":{"rendered":"<p>El Presidente Municipal Gustavo Jim\u00e9nez Romero asisti\u00f3 a la clausura del curso de capacitaci\u00f3n de productores chiautempenses y de municipios aleda\u00f1os por parte de la Brigada de Educaci\u00f3n para el Desarrollo Rural 119. En su mensaje, el Alcalde Gustavo Jim\u00e9nez resalt\u00f3 que la capacitaci\u00f3n y profesionalizaci\u00f3n son necesarias para una mejor vida profesional y laboral, [&hellip;]<\/p>\n","protected":false},"author":1,"featured_media":43130,"comment_status":"open","ping_status":"open","sticky":false,"template":"","format":"standard","meta":{"advanced_seo_description":"","jetpack_seo_html_title":"","jetpack_seo_noindex":false,"footnotes":"","jetpack_publicize_message":"","jetpack_is_tweetstorm":false,"jetpack_publicize_feature_enabled":true,"jetpack_social_post_already_shared":true,"jetpack_social_options":{"image_generator_settings":{"template":"highway","enabled":false}}},"categories":[2,10],"tags":[],"class_list":["post-43129","post","type-post","status-publish","format-standard","has-post-thumbnail","hentry","category-destacadas","category-municipios"],"jetpack_publicize_connections":[],"jetpack_featured_media_url":"http:\/\/elcensornoticias.com\/wp-content\/uploads\/2024\/07\/IMG-20240722-WA0008.jpg","jetpack_likes_enabled":true,"jetpack_sharing_enabled":true,"jetpack_shortlink":"https:\/\/wp.me\/p6xy50-bdD","_links":{"self":[{"href":"http:\/\/elcensornoticias.com\/index.php?rest_route=\/wp\/v2\/posts\/43129","targetHints":{"allow":["GET"]}}],"collection":[{"href":"http:\/\/elcensornoticias.com\/index.php?rest_route=\/wp\/v2\/posts"}],"about":[{"href":"http:\/\/elcensornoticias.com\/index.php?rest_route=\/wp\/v2\/types\/post"}],"author":[{"embeddable":true,"href":"http:\/\/elcensornoticias.com\/index.php?rest_route=\/wp\/v2\/users\/1"}],"replies":[{"embeddable":true,"href":"http:\/\/elcensornoticias.com\/index.php?rest_route=%2Fwp%2Fv2%2Fcomments&post=43129"}],"version-history":[{"count":1,"href":"http:\/\/elcensornoticias.com\/index.php?rest_route=\/wp\/v2\/posts\/43129\/revisions"}],"predecessor-version":[{"id":43131,"href":"http:\/\/elcensornoticias.com\/index.php?rest_route=\/wp\/v2\/posts\/43129\/revisions\/43131"}],"wp:featuredmedia":[{"embeddable":true,"href":"http:\/\/elcensornoticias.com\/index.php?rest_route=\/wp\/v2\/media\/43130"}],"wp:attachment":[{"href":"http:\/\/elcensornoticias.com\/index.php?rest_route=%2Fwp%2Fv2%2Fmedia&parent=43129"}],"wp:term":[{"taxonomy":"category","embeddable":true,"href":"http:\/\/elcensornoticias.com\/index.php?rest_route=%2Fwp%2Fv2%2Fcategories&post=43129"},{"taxonomy":"post_tag","embeddable":true,"href":"http:\/\/elcensornoticias.com\/index.php?rest_route=%2Fwp%2Fv2%2Ftags&post=43129"}],"curies":[{"name":"wp","href":"https:\/\/api.w.org\/{rel}","templated":true}]}}