{"id":43125,"date":"2024-07-22T20:19:13","date_gmt":"2024-07-22T20:19:13","guid":{"rendered":"http:\/\/elcensornoticias.com\/?p=43125"},"modified":"2024-07-22T20:20:55","modified_gmt":"2024-07-22T20:20:55","slug":"equipa-poder-judicial-sala-de-audiencias-orales-de-segunda-instancia","status":"publish","type":"post","link":"http:\/\/elcensornoticias.com\/?p=43125","title":{"rendered":"Equipa Poder Judicial Sala de Audiencias Orales de Segunda Instancia"},"content":{"rendered":"\n<p><em>Los trabajos comprenden la renovaci\u00f3n del sistema de audio, videograbaci\u00f3n y \u00e1rea de testigo protegido<\/em><\/p>\n\n\n\n<p>Con el objetivo de contar con espacios que cumplan con est\u00e1ndares internacionales para la impartici\u00f3n de justicia, esta semana se puso en marcha el equipamiento tecnol\u00f3gico para la renovaci\u00f3n del sistema de audio, videograbaci\u00f3n y \u00e1rea de testigo protegido de la Sala de Audiencias Orales de Segunda Instancia en Materia Penal y Especializada en Administraci\u00f3n de Justicia para Adolescentes del Estado de Tlaxcala, situada en la capital.<\/p>\n\n\n\n<p>As\u00ed lo dio a conocer la magistrada presidenta del Poder Judicial de Tlaxcala, Anel Ba\u00f1uelos Meneses, quien indic\u00f3 que la renovaci\u00f3n del equipo de esta sala, era una de las tareas apremiantes que se ten\u00edan desde hace muchos meses, por lo que a trav\u00e9s del ahorro de recursos se logr\u00f3 concretar esta acci\u00f3n que permitir\u00e1 tener un uso eficiente de dichas instalaciones.<\/p>\n\n\n\n<p>Precis\u00f3 que, con base al diagn\u00f3stico efectuado desde los primeros meses de este a\u00f1o, se detect\u00f3 que el equipo con que cuenta esta Sala de Audiencias Orales, ya hab\u00eda cumplido su vida \u00fatil y era urgente la sustituci\u00f3n, por lo que se tom\u00f3 la decisi\u00f3n de atender esta situaci\u00f3n.<\/p>\n\n\n\n<p>En consecuencia y toda vez que se contaba con suficiencia presupuestal en el Poder Judicial del Estado y en estricto apego a los criterios de transparencia, econom\u00eda, eficacia, eficiencia, imparcialidad y honradez, se llev\u00f3 a cabo el proceso de licitaci\u00f3n nacional correspondiente a la adquisici\u00f3n del equipamiento tecnol\u00f3gico.<\/p>\n\n\n\n<p>Se prev\u00e9 que los trabajos de sustituci\u00f3n de todo el equipo, junto con el periodo de prueba, se concluya dentro de estas dos semanas en que el Poder Judicial se encuentra en periodo vacacional y, con ello, se evite interrumpir los trabajos jurisdiccionales.<\/p>\n\n\n\n<p>Anel Ba\u00f1uelos Meneses, asever\u00f3 que este tipo de mejoras se implementar\u00e1n de forma gradual en las Salas de Audiencias que m\u00e1s lo requieran y con base a la disponibilidad presupuestal que se tenga, pues el objetivo es impulsar mejoras que redunden principalmente en la atenci\u00f3n de los justiciables.<\/p>\n","protected":false},"excerpt":{"rendered":"<p>Los trabajos comprenden la renovaci\u00f3n del sistema de audio, videograbaci\u00f3n y \u00e1rea de testigo protegido Con el objetivo de contar con espacios que cumplan con est\u00e1ndares internacionales para la impartici\u00f3n de justicia, esta semana se puso en marcha el equipamiento tecnol\u00f3gico para la renovaci\u00f3n del sistema de audio, videograbaci\u00f3n y \u00e1rea de testigo protegido de [&hellip;]<\/p>\n","protected":false},"author":1,"featured_media":43126,"comment_status":"open","ping_status":"open","sticky":false,"template":"","format":"standard","meta":{"advanced_seo_description":"","jetpack_seo_html_title":"","jetpack_seo_noindex":false,"footnotes":"","jetpack_publicize_message":"","jetpack_is_tweetstorm":false,"jetpack_publicize_feature_enabled":true,"jetpack_social_post_already_shared":true,"jetpack_social_options":{"image_generator_settings":{"template":"highway","enabled":false}}},"categories":[2,3],"tags":[],"class_list":["post-43125","post","type-post","status-publish","format-standard","has-post-thumbnail","hentry","category-destacadas","category-gobierno"],"jetpack_publicize_connections":[],"jetpack_featured_media_url":"http:\/\/elcensornoticias.com\/wp-content\/uploads\/2024\/07\/DSC8111-2.jpg","jetpack_likes_enabled":true,"jetpack_sharing_enabled":true,"jetpack_shortlink":"https:\/\/wp.me\/p6xy50-bdz","_links":{"self":[{"href":"http:\/\/elcensornoticias.com\/index.php?rest_route=\/wp\/v2\/posts\/43125","targetHints":{"allow":["GET"]}}],"collection":[{"href":"http:\/\/elcensornoticias.com\/index.php?rest_route=\/wp\/v2\/posts"}],"about":[{"href":"http:\/\/elcensornoticias.com\/index.php?rest_route=\/wp\/v2\/types\/post"}],"author":[{"embeddable":true,"href":"http:\/\/elcensornoticias.com\/index.php?rest_route=\/wp\/v2\/users\/1"}],"replies":[{"embeddable":true,"href":"http:\/\/elcensornoticias.com\/index.php?rest_route=%2Fwp%2Fv2%2Fcomments&post=43125"}],"version-history":[{"count":1,"href":"http:\/\/elcensornoticias.com\/index.php?rest_route=\/wp\/v2\/posts\/43125\/revisions"}],"predecessor-version":[{"id":43127,"href":"http:\/\/elcensornoticias.com\/index.php?rest_route=\/wp\/v2\/posts\/43125\/revisions\/43127"}],"wp:featuredmedia":[{"embeddable":true,"href":"http:\/\/elcensornoticias.com\/index.php?rest_route=\/wp\/v2\/media\/43126"}],"wp:attachment":[{"href":"http:\/\/elcensornoticias.com\/index.php?rest_route=%2Fwp%2Fv2%2Fmedia&parent=43125"}],"wp:term":[{"taxonomy":"category","embeddable":true,"href":"http:\/\/elcensornoticias.com\/index.php?rest_route=%2Fwp%2Fv2%2Fcategories&post=43125"},{"taxonomy":"post_tag","embeddable":true,"href":"http:\/\/elcensornoticias.com\/index.php?rest_route=%2Fwp%2Fv2%2Ftags&post=43125"}],"curies":[{"name":"wp","href":"https:\/\/api.w.org\/{rel}","templated":true}]}}