{"id":43122,"date":"2024-07-22T18:49:29","date_gmt":"2024-07-22T18:49:29","guid":{"rendered":"http:\/\/elcensornoticias.com\/?p=43122"},"modified":"2024-07-22T18:49:33","modified_gmt":"2024-07-22T18:49:33","slug":"el-inehrm-presentara-el-libro-antologia-de-las-ideas-de-bolivar","status":"publish","type":"post","link":"http:\/\/elcensornoticias.com\/?p=43122","title":{"rendered":"El Inehrm presentar\u00e1 el libro antolog\u00eda de las ideas de Bol\u00edvar"},"content":{"rendered":"\n<p>La historia mexicana no es ajena a la Am\u00e9rica Latina y el Caribe, la acoplan vivencias comunes, identidades compartidas, solidaridad y unidad en la diversidad, con el prop\u00f3sito de conocer este aspecto, el Instituto Nacional de Estudios Hist\u00f3ricos de las Revoluciones de M\u00e9xico (Inehrm), instituci\u00f3n de la Secretar\u00eda del Cultura del Gobierno de M\u00e9xico, presentar\u00e1 el libro:&nbsp;<em>Por la libertad, Bol\u00edvar y M\u00e9xico. Antolog\u00eda Documental<\/em>.<\/p>\n\n\n\n<p>La presentaci\u00f3n editorial se llevar\u00e1 a cabo en formato h\u00edbrido, con p\u00fablico presencial en Plaza del Carmen 27, San \u00c1ngel, CP. 01000, alcald\u00eda \u00c1lvaro Obreg\u00f3n, y ser\u00e1 transmitida por Facebook (\/inehrm.fanpage) y YouTube (Canal Inehrm), el mi\u00e9rcoles 24 de julio de 2024, a las 17:00 h (hora del Centro de M\u00e9xico).<\/p>\n\n\n\n<p>Participar\u00e1n las historiadoras Aurea \u00c1vila Rojas y Diana P\u00e9rez Moncada (recopiladoras de los textos), la profesora e investigadora del Colegio de Historia de la Facultad de Filosof\u00eda y Letras de la Universidad Nacional Aut\u00f3noma de M\u00e9xico (UNAM), Cristina G\u00f3mez \u00c1lvarez, y el historiador e investigador del Centro de Investigaciones Sobre Am\u00e9rica Latina y el Caribe, Mario V\u00e1zquez Olivares.<\/p>\n\n\n\n<p>Sim\u00f3n Bol\u00edvar fue un hombre pragm\u00e1tico, un militar h\u00e1bil, pero no ajeno a la reflexi\u00f3n y el an\u00e1lisis, poseedor de una cultura hist\u00f3rica y una soltura para la escritura, sobre todo apreciable en su m\u00faltiple correspondencia, aunque tambi\u00e9n redact\u00f3 manifiestos, mensajes y discursos que dejan perplejos a los eruditos.<\/p>\n\n\n\n<p>El 13 de marzo de 1824, el fraile dominico Jos\u00e9 Servando de Teresa de Mier, acompa\u00f1ado por los parlamentarios Mariano Barbosa, Joaqu\u00edn de Miura, Francisco Garc\u00eda Valle, V\u00edctor M\u00e1rquez, Ignacio Zald\u00edvar, Valent\u00edn G\u00f3mez Far\u00edas y Pedro de Ahumada, entre otros republicanos, propuso al Congreso Constituyente de M\u00e9xico que Bol\u00edvar, portador indiscutido de los valores patri\u00f3ticos americanos, fuera reconocido como ciudadano mexicano. En un conmovedor y encendido discurso, el sacerdote y revolucionario nacido en Monterrey, hizo un recuento de la vida del Libertador y, tras se\u00f1alar sus logros, puntualiz\u00f3:<\/p>\n\n\n\n<p>\u201cHizo m\u00e1s: se venci\u00f3 a s\u00ed mismo, depuso voluntario su espada triunfante a los pies de los padres de la patria que reuniera para constituirla y se constituy\u00f3 su primer s\u00fabdito, rehusando con empe\u00f1o todo mando; de aqu\u00e9l hablamos que reasumi\u00e9ndolo por obediencia, sin ficci\u00f3n, est\u00e1 ahora triunfando en el pa\u00eds de los incas, de las \u00faltimas esperanzas de la soberbia espa\u00f1ola; de aqu\u00e9l hablamos, en fin, a quien las Rep\u00fablicas de la Am\u00e9rica Meridional unas tras otras, han nombrado sin miedo su dictador, porque el c\u00famulo eminente de sus virtudes alejan toda sospecha de abuso y despotismo. Tal es el excelent\u00edsimo se\u00f1or don Sim\u00f3n Bol\u00edvar, Presidente de la Rep\u00fablica de Colombia, Gobernador Supremo del Per\u00fa, llamado con raz\u00f3n El Libertador, admiraci\u00f3n de la Europa y gloria de la Am\u00e9rica entera\u201d.<\/p>\n\n\n\n<p>Bol\u00edvar fue un mexicano que M\u00e9xico olvid\u00f3. Si bien pens\u00f3 en una Hispanoam\u00e9rica unida, el desencanto predomin\u00f3 en su sue\u00f1o, al vislumbrar el peso mayor de las diferencias&nbsp;y los intereses de cada pa\u00eds, la disyuntiva de la rep\u00fablica o la monarqu\u00eda y las diferencias acerca del papel que jugar\u00edan naciones como Gran Breta\u00f1a o Estados Unidos, lo cual hac\u00eda \u201cimposible\u201d el proyecto, adem\u00e1s de las futuras \u201crevoluciones\u201d y \u201crep\u00fablicas devoradas por sus elementos\u201d.<\/p>\n\n\n\n<p>En el marco del Bicentenario de la Consumaci\u00f3n de la Independencia de M\u00e9xico y su relaci\u00f3n diplom\u00e1tica con Sim\u00f3n Bol\u00edvar, y del bicentenario del otorgamiento de la nacionalidad mexicana, el Inehrm edit\u00f3 esta publicaci\u00f3n: &nbsp;<em>Por la libertad, Bol\u00edvar y M\u00e9xico. Antolog\u00eda Documental<\/em>, originalmente editada en versi\u00f3n digital en 2021, modificada en 2023 y en 2024 agregada la colaboraci\u00f3n del Centro de Estudios Sim\u00f3n Bol\u00edvar (CESB), pese a esta trayectoria, el volumen no hab\u00eda sido impreso ni presentado ante el p\u00fablico. &nbsp;El libro est\u00e1 integrado por correspondencia, notas de prensa y textos de autores del siglo XX como Carlos Pellicer, Jos\u00e9 Vasconcelos, Artemio del Valle, Jos\u00e9 Luis Mart\u00ednez, y Rafael Heliodoro Valle, entre otros, quienes escribieron sobre Bol\u00edvar.<\/p>\n\n\n\n<p>Para m\u00e1s informaci\u00f3n sobre las actividades del Inehrm consulta\u00a0<a rel=\"noreferrer noopener\" href=\"http:\/\/www.inehrm.gob.mx\/\" target=\"_blank\">inehrm.gob.mx<\/a>\u00a0y sus redes sociales: en X @INEHRM, en Facebook inehrm.fanpage y Canal Inehrm de YouTube.<\/p>\n","protected":false},"excerpt":{"rendered":"<p>La historia mexicana no es ajena a la Am\u00e9rica Latina y el Caribe, la acoplan vivencias comunes, identidades compartidas, solidaridad y unidad en la diversidad, con el prop\u00f3sito de conocer este aspecto, el Instituto Nacional de Estudios Hist\u00f3ricos de las Revoluciones de M\u00e9xico (Inehrm), instituci\u00f3n de la Secretar\u00eda del Cultura del Gobierno de M\u00e9xico, presentar\u00e1 [&hellip;]<\/p>\n","protected":false},"author":1,"featured_media":43123,"comment_status":"open","ping_status":"open","sticky":false,"template":"","format":"standard","meta":{"advanced_seo_description":"","jetpack_seo_html_title":"","jetpack_seo_noindex":false,"footnotes":"","jetpack_publicize_message":"","jetpack_is_tweetstorm":false,"jetpack_publicize_feature_enabled":true,"jetpack_social_post_already_shared":true,"jetpack_social_options":{"image_generator_settings":{"template":"highway","enabled":false}}},"categories":[26,4],"tags":[],"class_list":["post-43122","post","type-post","status-publish","format-standard","has-post-thumbnail","hentry","category-cultura","category-noticias"],"jetpack_publicize_connections":[],"jetpack_featured_media_url":"http:\/\/elcensornoticias.com\/wp-content\/uploads\/2024\/07\/PE_Bolivar_twitter.jpg","jetpack_likes_enabled":true,"jetpack_sharing_enabled":true,"jetpack_shortlink":"https:\/\/wp.me\/p6xy50-bdw","_links":{"self":[{"href":"http:\/\/elcensornoticias.com\/index.php?rest_route=\/wp\/v2\/posts\/43122","targetHints":{"allow":["GET"]}}],"collection":[{"href":"http:\/\/elcensornoticias.com\/index.php?rest_route=\/wp\/v2\/posts"}],"about":[{"href":"http:\/\/elcensornoticias.com\/index.php?rest_route=\/wp\/v2\/types\/post"}],"author":[{"embeddable":true,"href":"http:\/\/elcensornoticias.com\/index.php?rest_route=\/wp\/v2\/users\/1"}],"replies":[{"embeddable":true,"href":"http:\/\/elcensornoticias.com\/index.php?rest_route=%2Fwp%2Fv2%2Fcomments&post=43122"}],"version-history":[{"count":1,"href":"http:\/\/elcensornoticias.com\/index.php?rest_route=\/wp\/v2\/posts\/43122\/revisions"}],"predecessor-version":[{"id":43124,"href":"http:\/\/elcensornoticias.com\/index.php?rest_route=\/wp\/v2\/posts\/43122\/revisions\/43124"}],"wp:featuredmedia":[{"embeddable":true,"href":"http:\/\/elcensornoticias.com\/index.php?rest_route=\/wp\/v2\/media\/43123"}],"wp:attachment":[{"href":"http:\/\/elcensornoticias.com\/index.php?rest_route=%2Fwp%2Fv2%2Fmedia&parent=43122"}],"wp:term":[{"taxonomy":"category","embeddable":true,"href":"http:\/\/elcensornoticias.com\/index.php?rest_route=%2Fwp%2Fv2%2Fcategories&post=43122"},{"taxonomy":"post_tag","embeddable":true,"href":"http:\/\/elcensornoticias.com\/index.php?rest_route=%2Fwp%2Fv2%2Ftags&post=43122"}],"curies":[{"name":"wp","href":"https:\/\/api.w.org\/{rel}","templated":true}]}}