{"id":43108,"date":"2024-07-19T22:32:05","date_gmt":"2024-07-19T22:32:05","guid":{"rendered":"http:\/\/elcensornoticias.com\/?p=43108"},"modified":"2024-07-19T22:32:19","modified_gmt":"2024-07-19T22:32:19","slug":"un-verano-cargado-de-diversion-y-cultura","status":"publish","type":"post","link":"http:\/\/elcensornoticias.com\/?p=43108","title":{"rendered":"Un verano cargado de diversi\u00f3n y cultura"},"content":{"rendered":"\n<p>Talleres de lectura, creaci\u00f3n de historias, animaci\u00f3n; adem\u00e1s de m\u00faltiples obras de teatro, danza, m\u00fasica, el Festival Tengo un sue\u00f1o y m\u00e1s actividades forman parte de la cartelera que la Secretar\u00eda de Cultura del Gobierno de M\u00e9xico prepar\u00f3 para el verano 2024 y a la que invita al p\u00fablico de todas las edades.<\/p>\n\n\n\n<p>Por ejemplo, en el Centro de Cultura Digital ocurrir\u00e1n los talleres: \u00a1An\u00edmate a animar!, \u00a1Dibujos animados!, Ellas crean mundos. Escuelita de Derechos Humanos para Ni\u00f1as, Exploradoras espaciales: Taller de STEAM para ni\u00f1as, La caja de los cuentos y m\u00e1s.<\/p>\n\n\n\n<p>Mientras que en el Museo Nacional de Antropolog\u00eda se tienen 10 talleres: c\u00f3mics, cer\u00e1mica o dibujo; as\u00ed como historias prehisp\u00e1nicas y artes esc\u00e9nicas, en donde podr\u00e1s ser parte del elenco que representar\u00e1 el mito ancestral que cuenta la lucha entre la luz y la oscuridad; entre el sol y la luna, entre Huitzilopochtli y Coyolxauhqui. Las y los participantes realizar\u00e1n ejercicios teatrales, de impostaci\u00f3n de voz, de danza, artes circenses, de direcci\u00f3n y maquillaje. Los talleres se realizar\u00e1n del martes 16 de julio al s\u00e1bado 24 de agosto de 2024, martes a viernes 11:00 y 14:00 h. Para mayores informes&nbsp;se puede escribir un correo a:&nbsp;<a href=\"mailto:servs-edu.mna@inah.gob.mx\">servs-edu.mna@inah.gob.mx<\/a>;&nbsp;<a href=\"mailto:comunicacioneducativamna@gmail.com\">comunicacioneducativamna@gmail.com<\/a>.<\/p>\n\n\n\n<p>Talleres de verano para la infancias y Talleres de verano para las juventudes son dos opciones para este verano que ofrece el Palacio de Cultura de Tlaxcala para estas vacaciones del 22 de julio al 09 de agosto de lunes a viernes, 13:00 a 15:00 h, todos son de entrada libre. Aqu\u00ed encontrar\u00e1s talleres de fomento a la lectura y escritura, lectura en voz alta y narraci\u00f3n oral.<\/p>\n\n\n\n<p>Para vivir un verano en la biblioteca, la Biblioteca Vasconcelos prepar\u00f3 una ola de actividades dirigidas a todas las edades empezando por la primera infancia, ofreciendo el \u00a1Club de beb\u00e9s!, que ocurrir\u00e1 todos los domingos del 21 de julio al 18 de agosto de 12:00 a 14:00 h. Tambi\u00e9n del 22 de julio al 24 de agosto la se invita a p\u00fablico menor de 12 a\u00f1os a participar en \u00abVerano con V de Vasconcelos\u00bb, donde se tendr\u00e1n 36 actividades literarias, art\u00edsticas, filos\u00f3ficas y l\u00fadicas. Para consultar a detalle la cartelera y los horarios de las actividades se puede hacer a trav\u00e9s de&nbsp;<a rel=\"noreferrer noopener\" target=\"_blank\" href=\"https:\/\/www.mexicoescultura.com\/recinto\/64351\/biblioteca-vasconcelos.html#ver-mas\">mexicoescultura.com\/recinto\/64351\/biblioteca-vasconcelos<\/a>.<\/p>\n\n\n\n<p>Mientras que la Biblioteca de M\u00e9xico organiz\u00f3 talleres de teatro, danza, lectura, cuentacuentos, astronom\u00eda, ciencias, mesas de lectura po\u00e9tica, teatro clown y cocina, donde tu creatividad ser\u00e1 la clave para crear cosas maravillosas; en otras, papel, tijeras, pegamento, pintura y tus manos ser\u00e1n suficientes para llenar este verano de magia y colorido. Adem\u00e1s, habr\u00e1 espect\u00e1culos dirigidos a ni\u00f1as y ni\u00f1os de todas las edades. La biblioteca te espera para disfrutar en sus diferentes salas de estas actividades. Para consultar la programaci\u00f3n por d\u00eda y horarios se puede visitar&nbsp;<a rel=\"noreferrer noopener\" target=\"_blank\" href=\"https:\/\/www.mexicoescultura.com\/ciclos\/detalle\/3907\/mis-vacaciones-en-la-biblioteca-2024\">mexicoescultura.com\/ciclos\/detalle\/3907\/mis-vacaciones-en-la-biblioteca-2024<\/a><\/p>\n\n\n\n<p>El Centro Cultural Hel\u00e9nico tiene diferentes propuestas esc\u00e9nicas dirigidas a ni\u00f1as y ni\u00f1os, por ejemplo,&nbsp;<em>Oppa<\/em>, la cual habla de la amistad entre Paco y Lu, quienes en todo momento se han acompa\u00f1ado, hasta que diversas situaciones cambiar\u00e1n su vida para siempre. Las funciones son los s\u00e1bados y domingos hasta el 4 de agosto de 2024, con horario de 13:00 a 14:30 h, en el Foro La Gruta. Publico a partir de los 12 a\u00f1os.<\/p>\n\n\n\n<p>En el Teatro Hel\u00e9nico, a partir del 20 de julio, se presentar\u00e1&nbsp;<em>\u00bfQu\u00e9 tan arriba es arriba?<\/em>, una obra que narra el recorrido de Peque\u00f1a Estrella en un viaje para entender y admitir los inevitables ciclos de la vida y la muerte. Una obra de Brenda Murray que estar\u00e1 en cartelera s\u00e1bados y domingos a las 13:00 h hasta el 18 de agosto.<\/p>\n\n\n\n<p>Para las y los j\u00f3venes, a partir de 16 a\u00f1os, en el Foro 4 Espacio Alternativo se presenta&nbsp;<em>La boda de la boca de la vaca<\/em>, una obra en la que una vaca celebra su matrimonio con el carnicero que ya la ha fileteado para comercializar. En la boda despertar\u00e1n las voces de los explotados en vida para fundar la Asociaci\u00f3n Terrorista Contra el Capitalismo (ATCELCA). S\u00e1bados y domingos del 20 de julio al 18 de agosto de 20:00 a 21:00 h.<\/p>\n\n\n\n<p>Entre otras propuestas esc\u00e9nicas tambi\u00e9n se encuentran las del Centro Cultural del Bosque, por ejemplo, en el Teatro Orientaci\u00f3n, en donde un par de payasos se disponen a repetir la haza\u00f1a del legendario Guillermo Tell: colocar una manzana en la cabeza de uno de ellos, para que su compa\u00f1ero la atraviese con una flecha. S\u00e1bados y domingos de 12:30 a 13:30 h, del 20 de julio al 24 de agosto de 2024.<\/p>\n\n\n\n<p>Y, del 27 de julio al 22 de septiembre los s\u00e1bados y domingos de 13:00 a 14:00 h, en la Sala Xavier Villaurrutia, se presentar\u00e1&nbsp;<em>Joy Robota<\/em>, una historia de Joy, una so\u00f1adora ni\u00f1a de 7 a\u00f1os, y Juli\u00e1n, su pap\u00e1, quienes tienen problemas para convivir desde que mam\u00e1 se fue a trabajar lejos. Joy ha descubierto que es un robot y est\u00e1 empe\u00f1ada en demostrarle a Juli\u00e1n, aunque \u00e9l est\u00e9 dormido. Una obra recomendada para p\u00fablico mayor de seis a\u00f1os.<\/p>\n\n\n\n<p>Para las infancias, a partir de 5 a\u00f1os, en el Teatro Julio Castillo se tratar\u00e1n de resolver las dudas: \u00bfCu\u00e1ndo fue la \u00faltima vez que so\u00f1aste despierto? \u00bfQu\u00e9 sucede cuando dejas de so\u00f1ar?&nbsp;<em>Noct\u00e1mbulo o la sequ\u00eda de los sue\u00f1os<\/em>&nbsp;mezcla las fantas\u00edas de Lucas y Albertis con los sue\u00f1os de Chicho y la historia de amor de sus abuelos, todo a trav\u00e9s del humor, t\u00edteres, malabares, acrobacias y mucho circo. Del 27 de julio al 11 de agosto de 2024, s\u00e1bados y domingos a las 12:30 h.<\/p>\n\n\n\n<p>Esto, sin olvidar la cartelera del Festival Tengo un Sue\u00f1o 2024, el cual se conforma de&nbsp;por tres momentos: la realizaci\u00f3n de eventos estatales en donde se compartir\u00e1n los alcances y la capacidad creativa de infancias y juventudes de estos grupos colaborativos y la transmisi\u00f3n \u201cSemilleros Creativos\u201d.<\/p>\n\n\n\n<p>Los Semilleros Creativos, del programa Cultura Comunitaria, impulsado por la Secretar\u00eda de Cultura del Gobierno de M\u00e9xico, son grupos de formaci\u00f3n art\u00edstica gratuita para la ni\u00f1ez y las juventudes del pa\u00eds, donde se promueve su participaci\u00f3n en la vida art\u00edstica, el pensamiento cr\u00edtico y su posicionamiento como agentes culturales, por lo que esta serie refleja el trabajo de m\u00e1s de mil infancias y juventudes de 34 Semilleros, ubicados en 23 estados de la Rep\u00fablica.<\/p>\n\n\n\n<p>La primera temporada, conformada por cinco cap\u00edtulos, se transmite por Canal 22 y v\u00eda&nbsp;<em>streaming<\/em>&nbsp;en canal22.org.mx; adem\u00e1s, cuenta con una retransmisi\u00f3n los jueves a las 15:30 h. Los nuevos episodios podr\u00e1n apreciarse por la se\u00f1al 22.1 y por&nbsp;<em><u><a rel=\"noreferrer noopener\" target=\"_blank\" href=\"https:\/\/www.canal22.org.mx\/#streaming\">streaming<\/a><\/u><\/em>&nbsp; en su p\u00e1gina&nbsp;<em>web<\/em>.<\/p>\n\n\n\n<p>Para conocer detalles de la programaci\u00f3n del Festival Tengo un sue\u00f1o 2024, consultar las redes sociales @VinculaCultura, @FomentoMusical y la p\u00e1gina web&nbsp;<a rel=\"noreferrer noopener\" target=\"_blank\" href=\"http:\/\/www.culturacomunitaria.gob.mx\/\">culturacomunitaria.gob.mx<\/a><\/p>\n\n\n\n<p>Adem\u00e1s, Alas y Ra\u00edces presenta Una experiencia art\u00edstica l\u00fadica para ni\u00f1as y ni\u00f1os a partir de 5 a\u00f1os. S\u00e9 parte de un viaje fascinante que estimula los sentidos, despierta la imaginaci\u00f3n y desaf\u00eda la percepci\u00f3n del mundo que nos rodea. En este espacio, la creatividad se libera y los l\u00edmites entre la realidad y el sue\u00f1o se difuminan. Ocurrir\u00e1 en cuatro sedes de Ciudad de M\u00e9xico, del 27 de julio al 4 de agosto. Consulta programaci\u00f3n en alasyraices.gob.mx.<\/p>\n\n\n\n<p>Para conocer la cartelera completa, se puede consultar la p\u00e1gina mexicoescultura.com, en el sitio especial de&nbsp;<a rel=\"noreferrer noopener\" target=\"_blank\" href=\"https:\/\/www.mexicoescultura.com\/ciclos\/detalle\/3908\/vacaciones-de-verano\">mexicoescultura.com\/ciclos\/detalle\/3908\/vacaciones-de-verano<\/a><\/p>\n","protected":false},"excerpt":{"rendered":"<p>Talleres de lectura, creaci\u00f3n de historias, animaci\u00f3n; adem\u00e1s de m\u00faltiples obras de teatro, danza, m\u00fasica, el Festival Tengo un sue\u00f1o y m\u00e1s actividades forman parte de la cartelera que la Secretar\u00eda de Cultura del Gobierno de M\u00e9xico prepar\u00f3 para el verano 2024 y a la que invita al p\u00fablico de todas las edades. Por ejemplo, [&hellip;]<\/p>\n","protected":false},"author":1,"featured_media":43109,"comment_status":"open","ping_status":"open","sticky":false,"template":"","format":"standard","meta":{"advanced_seo_description":"","jetpack_seo_html_title":"","jetpack_seo_noindex":false,"footnotes":"","jetpack_publicize_message":"","jetpack_is_tweetstorm":false,"jetpack_publicize_feature_enabled":true,"jetpack_social_post_already_shared":true,"jetpack_social_options":{"image_generator_settings":{"template":"highway","enabled":false}}},"categories":[26,4],"tags":[],"class_list":["post-43108","post","type-post","status-publish","format-standard","has-post-thumbnail","hentry","category-cultura","category-noticias"],"jetpack_publicize_connections":[],"jetpack_featured_media_url":"http:\/\/elcensornoticias.com\/wp-content\/uploads\/2024\/07\/original-F4045E39-5A27-4BB2-971C-BCF978A130AE.jpeg.jpg","jetpack_likes_enabled":true,"jetpack_sharing_enabled":true,"jetpack_shortlink":"https:\/\/wp.me\/p6xy50-bdi","_links":{"self":[{"href":"http:\/\/elcensornoticias.com\/index.php?rest_route=\/wp\/v2\/posts\/43108","targetHints":{"allow":["GET"]}}],"collection":[{"href":"http:\/\/elcensornoticias.com\/index.php?rest_route=\/wp\/v2\/posts"}],"about":[{"href":"http:\/\/elcensornoticias.com\/index.php?rest_route=\/wp\/v2\/types\/post"}],"author":[{"embeddable":true,"href":"http:\/\/elcensornoticias.com\/index.php?rest_route=\/wp\/v2\/users\/1"}],"replies":[{"embeddable":true,"href":"http:\/\/elcensornoticias.com\/index.php?rest_route=%2Fwp%2Fv2%2Fcomments&post=43108"}],"version-history":[{"count":1,"href":"http:\/\/elcensornoticias.com\/index.php?rest_route=\/wp\/v2\/posts\/43108\/revisions"}],"predecessor-version":[{"id":43110,"href":"http:\/\/elcensornoticias.com\/index.php?rest_route=\/wp\/v2\/posts\/43108\/revisions\/43110"}],"wp:featuredmedia":[{"embeddable":true,"href":"http:\/\/elcensornoticias.com\/index.php?rest_route=\/wp\/v2\/media\/43109"}],"wp:attachment":[{"href":"http:\/\/elcensornoticias.com\/index.php?rest_route=%2Fwp%2Fv2%2Fmedia&parent=43108"}],"wp:term":[{"taxonomy":"category","embeddable":true,"href":"http:\/\/elcensornoticias.com\/index.php?rest_route=%2Fwp%2Fv2%2Fcategories&post=43108"},{"taxonomy":"post_tag","embeddable":true,"href":"http:\/\/elcensornoticias.com\/index.php?rest_route=%2Fwp%2Fv2%2Ftags&post=43108"}],"curies":[{"name":"wp","href":"https:\/\/api.w.org\/{rel}","templated":true}]}}