{"id":43096,"date":"2024-07-19T22:22:30","date_gmt":"2024-07-19T22:22:30","guid":{"rendered":"http:\/\/elcensornoticias.com\/?p=43096"},"modified":"2024-07-19T22:22:41","modified_gmt":"2024-07-19T22:22:41","slug":"aprueban-procedimiento-de-designacion-de-la-titularidad-de-la-fiscalia-general-de-justicia-del-estado","status":"publish","type":"post","link":"http:\/\/elcensornoticias.com\/?p=43096","title":{"rendered":"Aprueban procedimiento de designaci\u00f3n de la titularidad de la Fiscal\u00eda General de Justicia del Estado"},"content":{"rendered":"\n<p><em>Se orden\u00f3 a la Secretar\u00eda Parlamentaria enviarlo al Ejecutivo del estado para su sanci\u00f3n y publicaci\u00f3n correspondiente.<\/em><\/p>\n\n\n\n<p>Este viernes, durante la sesi\u00f3n extraordinaria y p\u00fablica, las y los integrantes de la LXIV Legislatura aprobaron la iniciativa con car\u00e1cter de Dictamen con proyecto de Acuerdo, relativo a las bases para el procedimiento de designaci\u00f3n de la persona que ocupar\u00e1 la titularidad de la Fiscal\u00eda General de Justicia del Estado de Tlaxcala.<\/p>\n\n\n\n<p>La iniciativa fue presentada por la Comisi\u00f3n Especial, presidida por el diputado Fabricio Mena Rodr\u00edguez, con la diputada Brenda Cecilia Villantes Rodr\u00edguez y el diputado Jaciel Gonz\u00e1lez Herrera en calidad de vocales.<\/p>\n\n\n\n<p>Con la finalidad de dar cumplimiento, al objeto ya indicado y con fundamento en lo dispuesto en los art\u00edculos; 45, 54 fracciones XXVI y XLIII, 54 BIS, y 70 de la Constituci\u00f3n Pol\u00edtica del Estado Libre y Soberano de Tlaxcala; 78 p\u00e1rrafo segundo y 83 de la Ley Org\u00e1nica del Poder Legislativo del Estado de Tlaxcala, 89 y 115 del Reglamento Interior del Congreso del Estado de Tlaxcala; se aprueban las bases para el procedimiento de designaci\u00f3n de la persona que ocupar\u00e1 la titularidad de la Fiscal\u00eda General de Justicia del Estado de Tlaxcala.<\/p>\n\n\n\n<p>Entre las bases, se encuentra la integraci\u00f3n de los expedientes de quienes integran la terna enviada por el Ejecutivo del estado, el examen para la evaluaci\u00f3n correspondiente y la dictaminaci\u00f3n.<\/p>\n\n\n\n<p>Cabe se\u00f1alar que la aplicaci\u00f3n del examen de oposici\u00f3n, estar\u00e1 a cargo de los miembros del jurado, mismos que ser\u00e1n designados por la Comisi\u00f3n Especial. Se trata de tres profesionistas en Derecho, con un perfil acad\u00e9mico y de investigaci\u00f3n, con conocimiento y experiencia en las ramas de derecho penal y procesal penal.<\/p>\n\n\n\n<p>Posterior a su aprobaci\u00f3n, se orden\u00f3 a la Secretar\u00eda Parlamentaria enviarlo al Ejecutivo del estado para su sanci\u00f3n y publicaci\u00f3n correspondiente.<\/p>\n","protected":false},"excerpt":{"rendered":"<p>Se orden\u00f3 a la Secretar\u00eda Parlamentaria enviarlo al Ejecutivo del estado para su sanci\u00f3n y publicaci\u00f3n correspondiente. Este viernes, durante la sesi\u00f3n extraordinaria y p\u00fablica, las y los integrantes de la LXIV Legislatura aprobaron la iniciativa con car\u00e1cter de Dictamen con proyecto de Acuerdo, relativo a las bases para el procedimiento de designaci\u00f3n de la [&hellip;]<\/p>\n","protected":false},"author":1,"featured_media":43097,"comment_status":"open","ping_status":"open","sticky":false,"template":"","format":"standard","meta":{"advanced_seo_description":"","jetpack_seo_html_title":"","jetpack_seo_noindex":false,"footnotes":"","jetpack_publicize_message":"","jetpack_is_tweetstorm":false,"jetpack_publicize_feature_enabled":true,"jetpack_social_post_already_shared":true,"jetpack_social_options":{"image_generator_settings":{"template":"highway","enabled":false}}},"categories":[5,27],"tags":[],"class_list":["post-43096","post","type-post","status-publish","format-standard","has-post-thumbnail","hentry","category-carrucel","category-congreso"],"jetpack_publicize_connections":[],"jetpack_featured_media_url":"http:\/\/elcensornoticias.com\/wp-content\/uploads\/2024\/07\/Unknown-3.jpeg","jetpack_likes_enabled":true,"jetpack_sharing_enabled":true,"jetpack_shortlink":"https:\/\/wp.me\/p6xy50-bd6","_links":{"self":[{"href":"http:\/\/elcensornoticias.com\/index.php?rest_route=\/wp\/v2\/posts\/43096","targetHints":{"allow":["GET"]}}],"collection":[{"href":"http:\/\/elcensornoticias.com\/index.php?rest_route=\/wp\/v2\/posts"}],"about":[{"href":"http:\/\/elcensornoticias.com\/index.php?rest_route=\/wp\/v2\/types\/post"}],"author":[{"embeddable":true,"href":"http:\/\/elcensornoticias.com\/index.php?rest_route=\/wp\/v2\/users\/1"}],"replies":[{"embeddable":true,"href":"http:\/\/elcensornoticias.com\/index.php?rest_route=%2Fwp%2Fv2%2Fcomments&post=43096"}],"version-history":[{"count":1,"href":"http:\/\/elcensornoticias.com\/index.php?rest_route=\/wp\/v2\/posts\/43096\/revisions"}],"predecessor-version":[{"id":43098,"href":"http:\/\/elcensornoticias.com\/index.php?rest_route=\/wp\/v2\/posts\/43096\/revisions\/43098"}],"wp:featuredmedia":[{"embeddable":true,"href":"http:\/\/elcensornoticias.com\/index.php?rest_route=\/wp\/v2\/media\/43097"}],"wp:attachment":[{"href":"http:\/\/elcensornoticias.com\/index.php?rest_route=%2Fwp%2Fv2%2Fmedia&parent=43096"}],"wp:term":[{"taxonomy":"category","embeddable":true,"href":"http:\/\/elcensornoticias.com\/index.php?rest_route=%2Fwp%2Fv2%2Fcategories&post=43096"},{"taxonomy":"post_tag","embeddable":true,"href":"http:\/\/elcensornoticias.com\/index.php?rest_route=%2Fwp%2Fv2%2Ftags&post=43096"}],"curies":[{"name":"wp","href":"https:\/\/api.w.org\/{rel}","templated":true}]}}