{"id":43084,"date":"2024-07-19T22:04:21","date_gmt":"2024-07-19T22:04:21","guid":{"rendered":"http:\/\/elcensornoticias.com\/?p=43084"},"modified":"2024-07-19T22:04:26","modified_gmt":"2024-07-19T22:04:26","slug":"40-anos-de-elaboracion-de-mascara-de-parachico","status":"publish","type":"post","link":"http:\/\/elcensornoticias.com\/?p=43084","title":{"rendered":"40 a\u00f1os de elaboraci\u00f3n de m\u00e1scara de parachico"},"content":{"rendered":"\n<p>\u00abSiempre hay que ser perseverante en tu calidad, en cuanto a tus errores corr\u00edgelos, en tus ca\u00eddas lev\u00e1ntate, en este d\u00eda especial agradezco a quienes han sido parte de mi proyecto, me enaltece mi pueblo Chiapa de Corzo\u00bb, escribe en sus redes sociales el maestro artesano&nbsp;Paulino Nangullasm\u00fa Alegr\u00eda&nbsp;al enterarse que fue distinguido&nbsp;con el Premio a la Trayectoria Artesanal 2024, del Gran Premio Nacional de Arte Popular, en su edici\u00f3n XLIX, convocado por la Secretar\u00eda de Cultura del Gobierno de M\u00e9xico en el marco del 50 aniversario del Fondo Nacional para el Fomento de las Artesan\u00edas (Fonart), en conjunto con Citibanamex-El Banco Nacional de M\u00e9xico, mediante Fomento Cultural Citibanamex, A.C.<\/p>\n\n\n\n<p>El maestro se inici\u00f3 en 1984 en la talla de madera y desde entonces sin bajar la guardia particip\u00f3 en diversos concursos a nivel nacional y estatal entre los que se encuentra el Galard\u00f3n M\u00e1scara de Parachico Barbada Premio Antonio L\u00f3pez Hern\u00e1ndez,&nbsp;\u201ccuando ten\u00eda 12 a\u00f1os, mi mam\u00e1, Do\u00f1a Juanita, me motiv\u00f3 para estar ah\u00ed, pues dec\u00eda que era una manera de no estar de ocioso y evitar andar en la calle. Gracias a ella fue que conoc\u00ed este oficio y gracias a ella que me llev\u00f3 con mi maestro Antonio L\u00f3pez, quien ya era en aquel entonces Premio Nacional de Ciencias y Artes en la modalidad de Arte Popular\u201d, coment\u00f3 el galardonado.<\/p>\n\n\n\n<p>Premiado en esta edici\u00f3n 2024 por sus 40 a\u00f1os de elaboraci\u00f3n de m\u00e1scara de parachico e im\u00e1genes religiosas talladas en madera, don Paulino Nangullasm\u00fa recuerda con nostalgia cuando cruz\u00f3 por primera vez la puerta del taller de Antonio L\u00f3pez Hern\u00e1ndez, su primer gran maestro, y quien le ense\u00f1\u00f3 a elaborar m\u00e1scaras chicas, medianas y grandes, as\u00ed como imaginer\u00eda (im\u00e1genes religiosas), para despu\u00e9s ayudarlo y trabajar en su taller durante 23 a\u00f1os.<\/p>\n\n\n\n<p>Hoy en d\u00eda el maestro Paulino ya tiene su propio taller Casa-Taller Arte-Sano, ubicado en Barrio San Jacinto, y su trabajo forma parte de colecciones de los estados de Oaxaca, Michoac\u00e1n, Puebla, Ciudad de M\u00e9xico, adem\u00e1s de que su producci\u00f3n se muestra en Europa en el proyecto Alas y Viento de Nacho Rovira en Barcelona, Espa\u00f1a.<\/p>\n\n\n\n<p>El artesano mascarero originario del municipio de Chiapa de Corzo, Chiapas, ha trascendido fronteras destacando por su calidad en el tallado y acabado de cada pieza, as\u00ed como su pasi\u00f3n por la m\u00e1scara tradicional y barbada, proceso artesanal que tarda aproximadamente 20 d\u00edas en su elaboraci\u00f3n por la perfecci\u00f3n en cada detalle.<\/p>\n\n\n\n<p>Recuerda don Paulino que comenz\u00f3 a participar en diferentes concursos desde muy ni\u00f1o, pero fue hasta despu\u00e9s de 13 a\u00f1os de prueba y error que conquist\u00f3 su primer premio, de ah\u00ed en adelante la cosecha de recompensas por su perseverancia y trabajo ha sido constante \u201cen 2022 obtuve el primer lugar en el Concurso Estatal de M\u00e1scara Tradicional, con una pieza barbada\u201d, destaca orgulloso.<\/p>\n\n\n\n<p>El maestro recalca que a pesar de que ha estado en el p\u00f3dium&nbsp;todos estos a\u00f1os, \u00e9l sigue aprendiendo, pues es un trabajo que requiere siempre de la perfecci\u00f3n y el detalle, adem\u00e1s de que sus m\u00e1scaras son cien por ciento hechas a mano en su taller \u201clo \u00fanico que se adquiere de otros artesanos de Tlaxcala son los ojos, pero todo lo dem\u00e1s, hasta la pintura que es a base de aceite de ch\u00eda yo la elaboro. Utilizo una t\u00e9cnica espa\u00f1ola en donde se hace uso del es\u00f3fago de res para pulir la pintura. Las pesta\u00f1as se hacen con el cabello de mujer para las m\u00e1scaras tradicionales y para las m\u00e1scaras barbadas las elaboro con pelo de las patas de la res\u201d.<\/p>\n\n\n\n<p>Don Paulino asegura que ahora bisca dejar huella en este mundo, transmitiendo la t\u00e9cnica de trabajo que a su vez se la transmiti\u00f3 su maestro Antonio L\u00f3pez y la experiencia, porque como dice \u201cno me gusta guardarme nada, quiero compartir todo lo que yo he aprendido en estos a\u00f1os, de eso se trata, si ya sabemos c\u00f3mo es todo esto, mejor dejar que experimenten r\u00e1pido los que vienen detr\u00e1s de uno\u201d.<\/p>\n\n\n\n<p>Paulino Nangullasm\u00fa Alegr\u00eda es un artesano que aprendi\u00f3 de diferentes entidades en las que imparti\u00f3 sus cursos: Campeche, Tabasco, M\u00e9rida, Guerrero, Michoac\u00e1n, por mencionar algunos; tambi\u00e9n capacit\u00f3 a artesanos con el fin de mejorar la calidad sin cambiar el estilo por las diferentes tradiciones. Por medio de las m\u00e1scaras, ha estado presente en el evento ORIGINAL. Encuentro de Arte Textil Mexicano que lo encabeza la Secretar\u00eda de Cultura del Gobierno de M\u00e9xico.<\/p>\n\n\n\n<p>De igual manera es miembro activo de Artistas de las M\u00e1scaras, que convocan a maestros artesanos a nivel nacional para citar a tal evento de mascareros, quienes financian el proyecto.<\/p>\n","protected":false},"excerpt":{"rendered":"<p>\u00abSiempre hay que ser perseverante en tu calidad, en cuanto a tus errores corr\u00edgelos, en tus ca\u00eddas lev\u00e1ntate, en este d\u00eda especial agradezco a quienes han sido parte de mi proyecto, me enaltece mi pueblo Chiapa de Corzo\u00bb, escribe en sus redes sociales el maestro artesano&nbsp;Paulino Nangullasm\u00fa Alegr\u00eda&nbsp;al enterarse que fue distinguido&nbsp;con el Premio a [&hellip;]<\/p>\n","protected":false},"author":1,"featured_media":43085,"comment_status":"open","ping_status":"open","sticky":false,"template":"","format":"standard","meta":{"advanced_seo_description":"","jetpack_seo_html_title":"","jetpack_seo_noindex":false,"footnotes":"","jetpack_publicize_message":"","jetpack_is_tweetstorm":false,"jetpack_publicize_feature_enabled":true,"jetpack_social_post_already_shared":true,"jetpack_social_options":{"image_generator_settings":{"template":"highway","enabled":false}}},"categories":[26,4],"tags":[],"class_list":["post-43084","post","type-post","status-publish","format-standard","has-post-thumbnail","hentry","category-cultura","category-noticias"],"jetpack_publicize_connections":[],"jetpack_featured_media_url":"http:\/\/elcensornoticias.com\/wp-content\/uploads\/2024\/07\/Cortesia-4.jpeg","jetpack_likes_enabled":true,"jetpack_sharing_enabled":true,"jetpack_shortlink":"https:\/\/wp.me\/p6xy50-bcU","_links":{"self":[{"href":"http:\/\/elcensornoticias.com\/index.php?rest_route=\/wp\/v2\/posts\/43084","targetHints":{"allow":["GET"]}}],"collection":[{"href":"http:\/\/elcensornoticias.com\/index.php?rest_route=\/wp\/v2\/posts"}],"about":[{"href":"http:\/\/elcensornoticias.com\/index.php?rest_route=\/wp\/v2\/types\/post"}],"author":[{"embeddable":true,"href":"http:\/\/elcensornoticias.com\/index.php?rest_route=\/wp\/v2\/users\/1"}],"replies":[{"embeddable":true,"href":"http:\/\/elcensornoticias.com\/index.php?rest_route=%2Fwp%2Fv2%2Fcomments&post=43084"}],"version-history":[{"count":1,"href":"http:\/\/elcensornoticias.com\/index.php?rest_route=\/wp\/v2\/posts\/43084\/revisions"}],"predecessor-version":[{"id":43086,"href":"http:\/\/elcensornoticias.com\/index.php?rest_route=\/wp\/v2\/posts\/43084\/revisions\/43086"}],"wp:featuredmedia":[{"embeddable":true,"href":"http:\/\/elcensornoticias.com\/index.php?rest_route=\/wp\/v2\/media\/43085"}],"wp:attachment":[{"href":"http:\/\/elcensornoticias.com\/index.php?rest_route=%2Fwp%2Fv2%2Fmedia&parent=43084"}],"wp:term":[{"taxonomy":"category","embeddable":true,"href":"http:\/\/elcensornoticias.com\/index.php?rest_route=%2Fwp%2Fv2%2Fcategories&post=43084"},{"taxonomy":"post_tag","embeddable":true,"href":"http:\/\/elcensornoticias.com\/index.php?rest_route=%2Fwp%2Fv2%2Ftags&post=43084"}],"curies":[{"name":"wp","href":"https:\/\/api.w.org\/{rel}","templated":true}]}}