{"id":43069,"date":"2024-07-19T21:51:43","date_gmt":"2024-07-19T21:51:43","guid":{"rendered":"http:\/\/elcensornoticias.com\/?p=43069"},"modified":"2024-07-19T21:51:46","modified_gmt":"2024-07-19T21:51:46","slug":"inicia-tengo-un-sueno-guanajuato-2024","status":"publish","type":"post","link":"http:\/\/elcensornoticias.com\/?p=43069","title":{"rendered":"Inicia Tengo un sue\u00f1o Guanajuato 2024"},"content":{"rendered":"\n<ul class=\"wp-block-list\">\n<li><strong>Participar\u00e1n ni\u00f1as, ni\u00f1os y j\u00f3venes de Semilleros Creativos en el estado<\/strong><\/li>\n<\/ul>\n\n\n\n<p>Este 24 de julio, dar\u00e1 inicio Tengo un sue\u00f1o Guanajuato 2024 \u201cCaminos de Guanajuato\u201d, uno de los 27 eventos estatales y biestatales en el pa\u00eds que forman parte del Festival Tengo un sue\u00f1o 2024.<\/p>\n\n\n\n<p>Este evento es organizado por la Secretar\u00eda de Cultura del Gobierno de M\u00e9xico, a trav\u00e9s del programa Cultura Comunitaria, en colaboraci\u00f3n con el gobierno de Guanajuato y sus municipios. En \u00e9l se compartir\u00e1n los alcances y la capacidad creativa de ni\u00f1as, ni\u00f1os y j\u00f3venes de los Semilleros Creativos de la entidad, para mostrar su contexto y la diversidad de expresiones y manifestaciones culturales y art\u00edsticas de sus estados.<\/p>\n\n\n\n<p>Los Semilleros Creativos son grupos de formaci\u00f3n art\u00edstica gratuita para la ni\u00f1ez y las juventudes del pa\u00eds, donde se promueve su participaci\u00f3n en la vida art\u00edstica, el pensamiento cr\u00edtico y su posicionamiento como agentes culturales.<\/p>\n\n\n\n<p>Como parte de las actividades, se llevar\u00e1 a cabo, a partir de las 13:00 h, la exposici\u00f3n \u201cUn mundo raro: explorando la identidad a trav\u00e9s del arte\u201d, compuesta por 60 obras realizadas por participantes de Semilleros Creativos en las disciplinas de Pintura y Grabado, provenientes de Apaseo el Alto, San Felipe y San Luis de la Paz. La cita es en el Centro cultural y de exposiciones: La Casona, ubicado en Benito Ju\u00e1rez 111A, Centro, Pur\u00edsima de Bustos, Guanajuato.<\/p>\n\n\n\n<p>Posteriormente, a las 14.00 h, en el Teatro de la Ciudad Pur\u00edsima del Rinc\u00f3n, ubicado en Benito Ju\u00e1rez 107-A, Centro, Pur\u00edsima de Bustos, Guanajuato, se realizar\u00e1 una puesta en escena denominada \u201cGuanajuato m\u00e1gico\u201d a cargo de los Semilleros Creativos de Narraci\u00f3n oral y Teatro en Salamanca y Teatro en Le\u00f3n. Tambi\u00e9n disfrutar\u00e1n de una presentaci\u00f3n de bailes tradicionales, t\u00edteres, y de un montaje circense musicalizado con la pieza&nbsp;<em>Alas a Malala,&nbsp;<\/em>a cargo de los Semilleros Creativos de Danza Aut\u00f3ctona en San Felipe; T\u00edteres en Irapuato y Circo en Santa Cruz de Juventino Rosas, Guanajuato, respectivamente.<\/p>\n\n\n\n<p>Las expresiones musicales tambi\u00e9n estar\u00e1n presentes a trav\u00e9s de la secci\u00f3n de ni\u00f1as, ni\u00f1os y j\u00f3venes de cinco Semilleros Creativos de M\u00fasica del estado de Guanajuato, provenientes de los Coros Comunitarios de Celaya, \u00abCantor\u00eda Salmantina\u00bb de Salamanca e \u00abIquito-Nagualli\u00bb de San Francisco del Rinc\u00f3n, as\u00ed como las Orquesta Sinf\u00f3nicas Comunitarias del Conservatorio de M\u00fasica de Celaya y&nbsp; \u00abJ\u00f3venes Lideres\u00bb de Le\u00f3n, quienes interpretar\u00e1n canciones como&nbsp;<em>Negra consentida<\/em>&nbsp;de Joaqu\u00edn Pardav\u00e9 y&nbsp;<em>Caminos de Guanajuato<\/em>&nbsp;de Jos\u00e9 Alfredo Jim\u00e9nez, ambos, cantautores originarios del estado. De igual forma, la Orquesta sinf\u00f3nica \u201cVientos Musicales Pur\u00edsima del Rinc\u00f3n\u201d, interpretar\u00e1 las canciones:&nbsp;<em>El gato de colores<\/em>&nbsp;y&nbsp;<em>El pajarito<\/em>. (composiciones colectivas del Coro \u201cVientos Musicales de Doctor Mora.<\/p>\n\n\n\n<p>Tengo un sue\u00f1o Guanajuato 2024 permitir\u00e1 generar conexiones e intercambios creativos entre los distintos Semilleros ubicados en una misma zona geogr\u00e1fica, adem\u00e1s de invitar al p\u00fablico a conocer estos grupos como una alternativa viable y accesible para la convivencia arm\u00f3nica, a partir de pol\u00edticas culturales de base comunitaria.<\/p>\n\n\n\n<p>La programaci\u00f3n es gratuita y abierta al p\u00fablico; se puede consultar en la p\u00e1gina de Cultura Comunitaria: culturacomunitaria.gob.mx, y mediante las redes sociales de la Direcci\u00f3n General de Vinculaci\u00f3n Cultural (Facebook y X@VinculaCultura).<\/p>\n\n\n\n<p>Con estas acciones, la Secretar\u00eda de Cultura apoya estrategias que contribuyen al ejercicio efectivo de los derechos culturales de ni\u00f1as, ni\u00f1os y j\u00f3venes en las 32 entidades federativas del pa\u00eds y con ello fomenta una cultura de paz.<\/p>\n","protected":false},"excerpt":{"rendered":"<p>Este 24 de julio, dar\u00e1 inicio Tengo un sue\u00f1o Guanajuato 2024 \u201cCaminos de Guanajuato\u201d, uno de los 27 eventos estatales y biestatales en el pa\u00eds que forman parte del Festival Tengo un sue\u00f1o 2024. Este evento es organizado por la Secretar\u00eda de Cultura del Gobierno de M\u00e9xico, a trav\u00e9s del programa Cultura Comunitaria, en colaboraci\u00f3n [&hellip;]<\/p>\n","protected":false},"author":1,"featured_media":43070,"comment_status":"open","ping_status":"open","sticky":false,"template":"","format":"standard","meta":{"advanced_seo_description":"","jetpack_seo_html_title":"","jetpack_seo_noindex":false,"footnotes":"","jetpack_publicize_message":"","jetpack_is_tweetstorm":false,"jetpack_publicize_feature_enabled":true,"jetpack_social_post_already_shared":true,"jetpack_social_options":{"image_generator_settings":{"template":"highway","enabled":false}}},"categories":[26,4],"tags":[],"class_list":["post-43069","post","type-post","status-publish","format-standard","has-post-thumbnail","hentry","category-cultura","category-noticias"],"jetpack_publicize_connections":[],"jetpack_featured_media_url":"http:\/\/elcensornoticias.com\/wp-content\/uploads\/2024\/07\/Guanajuato_Flyer_programacion2_Mesa-de-trabajo-1-scaled.jpg","jetpack_likes_enabled":true,"jetpack_sharing_enabled":true,"jetpack_shortlink":"https:\/\/wp.me\/p6xy50-bcF","_links":{"self":[{"href":"http:\/\/elcensornoticias.com\/index.php?rest_route=\/wp\/v2\/posts\/43069","targetHints":{"allow":["GET"]}}],"collection":[{"href":"http:\/\/elcensornoticias.com\/index.php?rest_route=\/wp\/v2\/posts"}],"about":[{"href":"http:\/\/elcensornoticias.com\/index.php?rest_route=\/wp\/v2\/types\/post"}],"author":[{"embeddable":true,"href":"http:\/\/elcensornoticias.com\/index.php?rest_route=\/wp\/v2\/users\/1"}],"replies":[{"embeddable":true,"href":"http:\/\/elcensornoticias.com\/index.php?rest_route=%2Fwp%2Fv2%2Fcomments&post=43069"}],"version-history":[{"count":1,"href":"http:\/\/elcensornoticias.com\/index.php?rest_route=\/wp\/v2\/posts\/43069\/revisions"}],"predecessor-version":[{"id":43071,"href":"http:\/\/elcensornoticias.com\/index.php?rest_route=\/wp\/v2\/posts\/43069\/revisions\/43071"}],"wp:featuredmedia":[{"embeddable":true,"href":"http:\/\/elcensornoticias.com\/index.php?rest_route=\/wp\/v2\/media\/43070"}],"wp:attachment":[{"href":"http:\/\/elcensornoticias.com\/index.php?rest_route=%2Fwp%2Fv2%2Fmedia&parent=43069"}],"wp:term":[{"taxonomy":"category","embeddable":true,"href":"http:\/\/elcensornoticias.com\/index.php?rest_route=%2Fwp%2Fv2%2Fcategories&post=43069"},{"taxonomy":"post_tag","embeddable":true,"href":"http:\/\/elcensornoticias.com\/index.php?rest_route=%2Fwp%2Fv2%2Ftags&post=43069"}],"curies":[{"name":"wp","href":"https:\/\/api.w.org\/{rel}","templated":true}]}}