{"id":43061,"date":"2024-07-19T21:44:09","date_gmt":"2024-07-19T21:44:09","guid":{"rendered":"http:\/\/elcensornoticias.com\/?p=43061"},"modified":"2024-07-19T21:44:11","modified_gmt":"2024-07-19T21:44:11","slug":"hay-que-hacer-milpa-para-el-buen-vivir-armando-bartra","status":"publish","type":"post","link":"http:\/\/elcensornoticias.com\/?p=43061","title":{"rendered":"Hay que hacer milpa para el buen vivir: Armando Bartra"},"content":{"rendered":"\n<ul class=\"wp-block-list\">\n<li>El experto en ruralidad present\u00f3 la conferencia magistral \u201cLas ciencias sociales y el desarrollo rural\u201d, desde la visi\u00f3n del campesinado<\/li>\n\n\n\n<li>Presenta recorrido hist\u00f3rico sobre las luchas sociales en m\u00e1s de un siglo, las cuales confirman que la modernidad, tambi\u00e9n en M\u00e9xico, marcha sobre revoluciones triunfantes<\/li>\n\n\n\n<li>Sobre la milpa dijo: es m\u00e1s que un policultivo que se&nbsp;siembra; la milpa se hace, es un modo de vida, es vivir de buena manera y en ella se aprende el buen vivir<\/li>\n<\/ul>\n\n\n\n<p>A trav\u00e9s de programas&nbsp;respetuosos&nbsp;de la racionalidad campesina y la recuperaci\u00f3n del esp\u00edritu de la milpa para el buen vivir, el posneoliberalismo o la Cuarta Transformaci\u00f3n en M\u00e9xico avanzan en \u201cenderezar el agro, restaurar la econom\u00eda familiar y, en gran medida, en frenar la deserci\u00f3n de los j\u00f3venes rurales\u201d, plante\u00f3&nbsp;el profesor-investigador del Departamento de Relaciones Sociales de la Universidad Aut\u00f3noma Metropolitana (UAM-X), Armando Bartra Verg\u00e9s, durante la conferencia magistral \u201cLas ciencias sociales y el desarrollo rural\u201d.<\/p>\n\n\n\n<p>En el marco&nbsp;del ciclo de conferencias \u201cAvances human\u00edsticos y cient\u00edficos mexicanos\u201d organizado por el Consejo Nacional de Humanidades, Ciencias y Tecnolog\u00edas (Conahcyt),&nbsp;el reconocido experto en ciencias sociales con \u00e9nfasis en los procesos del campo y el campesinado en M\u00e9xico y Latinoam\u00e9rica abord\u00f3 la ruralidad desde la perspectiva de los campesinos y de las ciencias sociales que lo abordan como sujeto y protagonista del cambio.<\/p>\n\n\n\n<p>A manera de introducci\u00f3n, la&nbsp;directora general del Conahcyt, Mar\u00eda Elena \u00c1lvarez-Buylla Roces, apunt\u00f3 que la conferencia magistral \u201cva mucho m\u00e1s all\u00e1 del t\u00edtulo, pues la trayectoria y pr\u00e1ctica pol\u00edtica del doctor Bartra le ha permitido hilvanar con mucha profundidad ese conocimiento que, adem\u00e1s, comparte de manera po\u00e9tica\u201d.<\/p>\n\n\n\n<p>Se refiri\u00f3 al expositor como \u201cun referente para diversas generaciones por razones acad\u00e9micas y cient\u00edficas de todo lo que tiene que ver con la indagaci\u00f3n del desarrollo rural, de la vida campesina y del hacer milpa. Es gu\u00eda en congruencia y quehacer human\u00edstico, cient\u00edfico, tecnol\u00f3gico y de innovaci\u00f3n (HCTI) para todas y todos los acad\u00e9micos\u201d.<\/p>\n\n\n\n<p>Con visi\u00f3n multidisciplinaria, interdisciplinaria y transdisciplinaria, Armando Bartra Verg\u00e9s hizo un recorrido hist\u00f3rico por el activismo ind\u00edgena, rural y campesino que se vivi\u00f3 en M\u00e9xico y otras partes del mundo en defensa de la tierra; producci\u00f3n, autonom\u00eda, cambio de modelo y territorios amenazados.<\/p>\n\n\n\n<p>Record\u00f3 que la primera revoluci\u00f3n social del siglo XX fue la mexicana y fue campesina, seguida de la rusa y china, a las cuales se suman los movimientos de liberaci\u00f3n de la India y el independentismo africano, que tambi\u00e9n fueron insurgencias del campesinado, que llevan m\u00e1s de un siglo de forma continua. Estas cinco oleadas, que fueron seguidas por el alzamiento del Ej\u00e9rcito Zapatista de Liberaci\u00f3n Nacional (EZLN) el siglo pasado, confirman la sociolog\u00eda hist\u00f3rica de Barrington Moore: La modernidad marcha sobre revoluciones triunfantes, tambi\u00e9n en M\u00e9xico.<\/p>\n\n\n\n<p>\u201cSon cinco oleadas sociales y grandes avenidas de lucha campesina. Que nadie se enga\u00f1e o se confunda: los campesinos no se han ido y no se ir\u00e1n; es en la acci\u00f3n colectiva que las clases sociales se hacen clases, y fue a trav\u00e9s de estas insurgencias y de las anteriores, que los campesinos mexicanos se han ido conformando como un sujeto hist\u00f3rico de gran calado que, pese a la diversidad&nbsp;\u2014que es su divisa\u2014&nbsp;comparte agravios, reivindicaciones, formas de lucha, sue\u00f1os, pesadillas y h\u00e9roes radicales.\u201d<\/p>\n\n\n\n<p>Es en este modo de vida donde se intercalan los nexos sociales con las relaciones productivas. Explic\u00f3 que la econom\u00eda campesina no est\u00e1 ce\u00f1ida al modelo capitalista, sino que se trata de una econom\u00eda moral. Mientras en el modelo capitalista se trabaja para el mercado, \u201clos campesinos, las mujeres y hombres de la tierra, viven en un mundo de cosas y de acciones, unas veces provechosas y placenteras; otras perjudiciales y desagradables\u201d.<\/p>\n\n\n\n<p>A\u00f1adi\u00f3 que, a diferencia de un modelo de intercambio automatizado circunscrito al capitalismo, el campesinado \u201cvive en un mundo de cosas y acciones, un mundo de valores de uso. Alguno de estos bienes y servicios tambi\u00e9n tienen para ellos un precio, pero tambi\u00e9n son valores de cambio\u201d.<\/p>\n\n\n\n<p>\u201cEl sujeto en la econom\u00eda campesina es un colectivo, es la familia nuclear o extensa, la comunidad o algunas cooperativas que disponen de bienes comunes que emprenden tareas conjuntas, que no encuentran la separaci\u00f3n tajante entre lo productivo y lo reproductivo, propia de la econom\u00eda capitalista.\u201d<\/p>\n\n\n\n<p>Explic\u00f3 que las entidades campesinas \u2014m\u00e1s que las econ\u00f3micas\u2014 son entidades donde lo social es inseparable de lo econ\u00f3mico; son unidades socioecon\u00f3micas donde se articula esfuerzo laboral, consumo productivo y consumo final que parten de las necesidades y aspiraciones culturalmente definidas de cada una de las familias.<\/p>\n\n\n\n<p>Por otro lado, expuso la diferencia entre la actividad econ\u00f3mica empresarial y campesina, subrayando que \u201clos campesinos no son monocordes, sino pluriactivos. La milpa campesina, ampliada en sus m\u00faltiples modalidades, distribuye a lo largo del a\u00f1o los requerimientos de trabajo y los ingresos en especie y en dinero\u201d.<\/p>\n\n\n\n<p>\u201cLa familia campesina, pero tambi\u00e9n la comunidad y las asociaciones, atienden a la viabilidad intr\u00ednseca de cada una de estas actividades. Pero en las decisiones importantes son siempre holistas y consideran la coherencia del conjunto, la sostenibilidad del ecosistema socioecon\u00f3mico familiar, comunitario o asociativo.\u201d<\/p>\n\n\n\n<p>El investigador de la UAM-X explic\u00f3 que los campesinos est\u00e1n en permanente cambio derivado de m\u00faltiples factores que obligan a la \u201cdescampesinizaci\u00f3n<em>\u201d<\/em>&nbsp;del sector, como la inequidad econ\u00f3mica, la depredaci\u00f3n extractivista y el despojo de tierras, aguas y otros recursos necesarios para la reproducci\u00f3n de la vida r\u00fastica.<\/p>\n\n\n\n<p>\u201cHist\u00f3ricamente, los campesinos han sido despose\u00eddos por diferentes clases dominantes y desde hace algunas centurias, lo son desde el capital. Sin embargo, desde fines del siglo XX, los despojos se han intensificado porque en el planeta los recursos naturales se vuelven cada vez m\u00e1s escasos con relaci\u00f3n a la demanda y, por lo tanto, m\u00e1s valiosos.\u201d<\/p>\n\n\n\n<p>Sobre la relaci\u00f3n del campesinado con su entorno natural, mencion\u00f3 que, a diferencia de los cultivos especializados sembrados en Europa, \u201cen Mesoam\u00e9rica se desarrollaron cultivos biodiversos que se manejan como jardines; aqu\u00ed hac\u00edamos milpa y muchos campesinos la siguen haciendo\u201d.<\/p>\n\n\n\n<p>Relat\u00f3 que la agroecolog\u00eda, desde la cosmovisi\u00f3n del cuidado, tiene rostro de mujer. \u201cHe llamado a las pr\u00e1cticas productivas de la familia campesina&nbsp;<em>milpa ampliada<\/em>, porque va m\u00e1s all\u00e1 de la parcela biodiversa. Milpa que se prolonga en la cocina y en los dem\u00e1s espacios de la mujer, porque el hogar, sus saberes y sus haceres son la otra mitad de la milpa y la mitad m\u00e1s importante\u201d.<\/p>\n\n\n\n<p>Bajo ese enfoque, para Bartra el campo es femenino, \u201cporque en el campo, el trato de las personas con la naturaleza es inmediato, directo, \u00edntimo y por ello resulta evidente la necesidad de preservarla y de cuidarla para el presente y para el porvenir\u201d.<\/p>\n\n\n\n<p>\u201cLos hombros del campo se apropian del entorno; las mujeres tambi\u00e9n hacen eso, tambi\u00e9n se apropian del entorno, tambi\u00e9n lo transforman, pero lo hacen con cuidado, y esa es la diferencia. Por eso, lo que llamamos agroecolog\u00eda tiene rostro de mujer.\u201d<\/p>\n\n\n\n<p>En torno a la discusi\u00f3n sobre la milpa profunda, agreg\u00f3 que la milpa es m\u00e1s que policultivo que se siembre; \u201cla milpa se hace, es un modo de vida\u201d. Asimismo, manifest\u00f3 que \u201chacer milpa es escuela, es vivir de buena manera y en la milpa se aprende el buen vivir\u201d.<\/p>\n\n\n\n<p>Con este ciclo, el Conahcyt impulsa el acceso al conocimiento y el di\u00e1logo entre las diferentes comunidades de las ramas de ciencias sociales y human\u00edsticas, as\u00ed como estudiantiles, a la vez que se constituye como un espacio para dar cuenta de los avances que, potencialmente, explican o explicar\u00e1n aquello que genera inter\u00e9s en la poblaci\u00f3n.<\/p>\n\n\n\n<p><strong>Armando Bartra Verg\u00e9s<\/strong><\/p>\n\n\n\n<p>Es licenciado en Filosof\u00eda por la Universidad Nacional Aut\u00f3noma de M\u00e9xico (UNAM), instituci\u00f3n donde tambi\u00e9n ha impartido docencia. Cuenta con doctorados&nbsp;<em>honoris causa<\/em>&nbsp;por la Universidad Aut\u00f3noma de Guerrero, la Universidad Aut\u00f3noma de Chapingo y la Universidad Nacional de C\u00f3rdoba (Argentina).<\/p>\n\n\n\n<p>Fue director del Instituto de Estudios para el Desarrollo Rural Maya de 1983 a 2007. Desde 2008 se desempe\u00f1a como profesor-investigador en la UAM-X y es integrante del Sistema Nacional de Investigadoras e Investigadores (SNII) nivel III.<\/p>\n\n\n\n<p>Es consejero acad\u00e9mico de la Comisi\u00f3n Ejecutiva del Consejo Nacional para la Evaluaci\u00f3n de la Pol\u00edtica Social (Coneval) e integrante propietario de la Junta de Gobierno del Conahcyt, por parte de la comunidad acad\u00e9mica.<\/p>\n\n\n\n<p>Es autor de cerca de 300 art\u00edculos de an\u00e1lisis y de 30 libros, entre los que destacan obras como:&nbsp;<em>El M\u00e9xico b\u00e1rbaro<\/em>,&nbsp;<em>Guerrero bronco<\/em>,&nbsp;<em>El capital en su laberinto<\/em>,&nbsp;<em>El hombre de hierro<\/em>,&nbsp;<em>Tomarse la libertad<\/em>,&nbsp;<em>Tiempo de mitos y carnaval<\/em>,&nbsp;<em>La experiencia desnuda<\/em>,&nbsp;<em>Goethe y el despojo<\/em>,&nbsp;<em>Exceso de muerte<\/em>, y&nbsp;<em>Suku\u2019un Felipe. Felipe Carrillo Puerto y la revoluci\u00f3n maya de Yucat\u00e1n<\/em>.<\/p>\n\n\n\n<p>La conferencia \u201cLas ciencias sociales y el desarrollo rural\u201d puede consultarse en el siguiente enlace:&nbsp;<a rel=\"noreferrer noopener\" target=\"_blank\" href=\"https:\/\/bit.ly\/45ITrrX\">https:\/\/bit.ly\/45ITrrX<\/a>. El calendario del ciclo de conferencias \u201cAvances human\u00edsticos y cient\u00edficos mexicanos\u201d y otros eventos de divulgaci\u00f3n cient\u00edfica se anuncian de forma continua en el portal&nbsp;<a rel=\"noreferrer noopener\" target=\"_blank\" href=\"http:\/\/www.conahcyt.mx\/\">conahcyt.mx<\/a>.<\/p>\n","protected":false},"excerpt":{"rendered":"<p>A trav\u00e9s de programas&nbsp;respetuosos&nbsp;de la racionalidad campesina y la recuperaci\u00f3n del esp\u00edritu de la milpa para el buen vivir, el posneoliberalismo o la Cuarta Transformaci\u00f3n en M\u00e9xico avanzan en \u201cenderezar el agro, restaurar la econom\u00eda familiar y, en gran medida, en frenar la deserci\u00f3n de los j\u00f3venes rurales\u201d, plante\u00f3&nbsp;el profesor-investigador del Departamento de Relaciones Sociales [&hellip;]<\/p>\n","protected":false},"author":1,"featured_media":43062,"comment_status":"open","ping_status":"open","sticky":false,"template":"","format":"standard","meta":{"advanced_seo_description":"","jetpack_seo_html_title":"","jetpack_seo_noindex":false,"footnotes":"","jetpack_publicize_message":"","jetpack_is_tweetstorm":false,"jetpack_publicize_feature_enabled":true,"jetpack_social_post_already_shared":true,"jetpack_social_options":{"image_generator_settings":{"template":"highway","enabled":false}}},"categories":[2,3],"tags":[],"class_list":["post-43061","post","type-post","status-publish","format-standard","has-post-thumbnail","hentry","category-destacadas","category-gobierno"],"jetpack_publicize_connections":[],"jetpack_featured_media_url":"http:\/\/elcensornoticias.com\/wp-content\/uploads\/2024\/07\/Foto-4.jpg","jetpack_likes_enabled":true,"jetpack_sharing_enabled":true,"jetpack_shortlink":"https:\/\/wp.me\/p6xy50-bcx","_links":{"self":[{"href":"http:\/\/elcensornoticias.com\/index.php?rest_route=\/wp\/v2\/posts\/43061","targetHints":{"allow":["GET"]}}],"collection":[{"href":"http:\/\/elcensornoticias.com\/index.php?rest_route=\/wp\/v2\/posts"}],"about":[{"href":"http:\/\/elcensornoticias.com\/index.php?rest_route=\/wp\/v2\/types\/post"}],"author":[{"embeddable":true,"href":"http:\/\/elcensornoticias.com\/index.php?rest_route=\/wp\/v2\/users\/1"}],"replies":[{"embeddable":true,"href":"http:\/\/elcensornoticias.com\/index.php?rest_route=%2Fwp%2Fv2%2Fcomments&post=43061"}],"version-history":[{"count":1,"href":"http:\/\/elcensornoticias.com\/index.php?rest_route=\/wp\/v2\/posts\/43061\/revisions"}],"predecessor-version":[{"id":43063,"href":"http:\/\/elcensornoticias.com\/index.php?rest_route=\/wp\/v2\/posts\/43061\/revisions\/43063"}],"wp:featuredmedia":[{"embeddable":true,"href":"http:\/\/elcensornoticias.com\/index.php?rest_route=\/wp\/v2\/media\/43062"}],"wp:attachment":[{"href":"http:\/\/elcensornoticias.com\/index.php?rest_route=%2Fwp%2Fv2%2Fmedia&parent=43061"}],"wp:term":[{"taxonomy":"category","embeddable":true,"href":"http:\/\/elcensornoticias.com\/index.php?rest_route=%2Fwp%2Fv2%2Fcategories&post=43061"},{"taxonomy":"post_tag","embeddable":true,"href":"http:\/\/elcensornoticias.com\/index.php?rest_route=%2Fwp%2Fv2%2Ftags&post=43061"}],"curies":[{"name":"wp","href":"https:\/\/api.w.org\/{rel}","templated":true}]}}