{"id":43048,"date":"2024-07-18T19:51:24","date_gmt":"2024-07-18T19:51:24","guid":{"rendered":"http:\/\/elcensornoticias.com\/?p=43048"},"modified":"2024-07-18T19:52:12","modified_gmt":"2024-07-18T19:52:12","slug":"campana-hilos-que-nos-unen-llega-a-puebla","status":"publish","type":"post","link":"http:\/\/elcensornoticias.com\/?p=43048","title":{"rendered":"Campa\u00f1a \u201cHilos que nos unen\u201d llega a Puebla"},"content":{"rendered":"\n<p>Con el prop\u00f3sito de generar cambios de comportamiento positivos entre las personas mexicanas en torno a la migraci\u00f3n, se presenta en Puebla la campa\u00f1a&nbsp;<em>Hilos que nos unen, historias m\u00e1s all\u00e1 de las fronteras<\/em>.<\/p>\n\n\n\n<p>Promovida por la Organizaci\u00f3n Internacional para las Migraciones (OIM\/ONU Migraci\u00f3n), en colaboraci\u00f3n con el Museo Nacional de los Ferrocarriles Mexicanos (MNFM), instituci\u00f3n de la Secretar\u00eda de Cultura del Gobierno de M\u00e9xico, y la Asociaci\u00f3n Civil Iniciativa Ciudadana, la campa\u00f1a propone actividades orientadas a eliminar la xenofobia, la discriminaci\u00f3n y la aporofobia hacia personas migrantes, tomando como base la metodolog\u00eda de Comunicaci\u00f3n para el Desarrollo (C4D).<\/p>\n\n\n\n<p>Como parte de esta iniciativa, se produjo una serie radiof\u00f3nica para las infancias sobre migraci\u00f3n, ni\u00f1ez y cambio clim\u00e1tico; 10 p\u00f3dcast para redes sociales y plataformas digitales; con diferentes testimonios de personas migrantes viviendo en el estado de Puebla, as\u00ed como una exposici\u00f3n permanente sobre la historia del ferrocarril en M\u00e9xico y la migraci\u00f3n, misma que formar\u00e1 parte del nuevo cedulario del MNFM. Adem\u00e1s, en el marco de la campa\u00f1a, la OIM se sumar\u00e1 a la d\u00e9cimo primera edici\u00f3n del Festival V\u00edas Alternas de la Interculturalidad.<\/p>\n\n\n\n<p>Una de las principales l\u00edneas que aborda&nbsp;<em>Hilos que nos unen<\/em>&nbsp;es la xenofobia determinada por el origen, fenotipo y poder adquisitivo de las personas migrantes. En ejercicios comunitarios previos al lanzamiento de esta campa\u00f1a, la OIM constat\u00f3&nbsp;que la discriminaci\u00f3n y la xenofobia en M\u00e9xico es un problema serio que se reproduce a trav\u00e9s de m\u00faltiples pr\u00e1cticas que van desde la falta de acceso a servicios, oportunidades de integraci\u00f3n socioecon\u00f3mica, discriminaci\u00f3n institucional, hasta la violencia verbal o f\u00edsica. Dichas pr\u00e1cticas se dan independientemente de los perfiles sociodemogr\u00e1ficos y de escolaridad, lo cual crea tensiones que evitan la integraci\u00f3n de las personas migrantes.<\/p>\n\n\n\n<p>Para conocer todas actividades de lanzamiento en Puebla y en cada una de las ciudades sigue todas nuestras redes sociales y \u00fanete a nuestra comunidad en&nbsp;<a rel=\"noreferrer noopener\" target=\"_blank\" href=\"https:\/\/www.somoscolmena.info\/es\/piensalo2veces\/mexico\">Somos Colmena<\/a>.<\/p>\n","protected":false},"excerpt":{"rendered":"<p>Con el prop\u00f3sito de generar cambios de comportamiento positivos entre las personas mexicanas en torno a la migraci\u00f3n, se presenta en Puebla la campa\u00f1a&nbsp;Hilos que nos unen, historias m\u00e1s all\u00e1 de las fronteras. Promovida por la Organizaci\u00f3n Internacional para las Migraciones (OIM\/ONU Migraci\u00f3n), en colaboraci\u00f3n con el Museo Nacional de los Ferrocarriles Mexicanos (MNFM), instituci\u00f3n [&hellip;]<\/p>\n","protected":false},"author":1,"featured_media":43049,"comment_status":"open","ping_status":"open","sticky":false,"template":"","format":"standard","meta":{"advanced_seo_description":"","jetpack_seo_html_title":"","jetpack_seo_noindex":false,"footnotes":"","jetpack_publicize_message":"","jetpack_is_tweetstorm":false,"jetpack_publicize_feature_enabled":true,"jetpack_social_post_already_shared":true,"jetpack_social_options":{"image_generator_settings":{"template":"highway","enabled":false}}},"categories":[26,4],"tags":[],"class_list":["post-43048","post","type-post","status-publish","format-standard","has-post-thumbnail","hentry","category-cultura","category-noticias"],"jetpack_publicize_connections":[],"jetpack_featured_media_url":"http:\/\/elcensornoticias.com\/wp-content\/uploads\/2024\/07\/Campana-ninas-y-ninos-campana-Hilos-que-nos-unen.jpeg","jetpack_likes_enabled":true,"jetpack_sharing_enabled":true,"jetpack_shortlink":"https:\/\/wp.me\/p6xy50-bck","_links":{"self":[{"href":"http:\/\/elcensornoticias.com\/index.php?rest_route=\/wp\/v2\/posts\/43048","targetHints":{"allow":["GET"]}}],"collection":[{"href":"http:\/\/elcensornoticias.com\/index.php?rest_route=\/wp\/v2\/posts"}],"about":[{"href":"http:\/\/elcensornoticias.com\/index.php?rest_route=\/wp\/v2\/types\/post"}],"author":[{"embeddable":true,"href":"http:\/\/elcensornoticias.com\/index.php?rest_route=\/wp\/v2\/users\/1"}],"replies":[{"embeddable":true,"href":"http:\/\/elcensornoticias.com\/index.php?rest_route=%2Fwp%2Fv2%2Fcomments&post=43048"}],"version-history":[{"count":1,"href":"http:\/\/elcensornoticias.com\/index.php?rest_route=\/wp\/v2\/posts\/43048\/revisions"}],"predecessor-version":[{"id":43050,"href":"http:\/\/elcensornoticias.com\/index.php?rest_route=\/wp\/v2\/posts\/43048\/revisions\/43050"}],"wp:featuredmedia":[{"embeddable":true,"href":"http:\/\/elcensornoticias.com\/index.php?rest_route=\/wp\/v2\/media\/43049"}],"wp:attachment":[{"href":"http:\/\/elcensornoticias.com\/index.php?rest_route=%2Fwp%2Fv2%2Fmedia&parent=43048"}],"wp:term":[{"taxonomy":"category","embeddable":true,"href":"http:\/\/elcensornoticias.com\/index.php?rest_route=%2Fwp%2Fv2%2Fcategories&post=43048"},{"taxonomy":"post_tag","embeddable":true,"href":"http:\/\/elcensornoticias.com\/index.php?rest_route=%2Fwp%2Fv2%2Ftags&post=43048"}],"curies":[{"name":"wp","href":"https:\/\/api.w.org\/{rel}","templated":true}]}}