{"id":43045,"date":"2024-07-18T19:47:38","date_gmt":"2024-07-18T19:47:38","guid":{"rendered":"http:\/\/elcensornoticias.com\/?p=43045"},"modified":"2024-07-18T19:47:48","modified_gmt":"2024-07-18T19:47:48","slug":"vacaciones-de-ensueno-para-ninas-y-ninos-en-onirico-un-verano-para-jugar","status":"publish","type":"post","link":"http:\/\/elcensornoticias.com\/?p=43045","title":{"rendered":"Vacaciones de ensue\u00f1o para ni\u00f1as y ni\u00f1os en \u201cOn\u00edrico. Un verano para jugar\u201d"},"content":{"rendered":"\n<ul class=\"wp-block-list\">\n<li><strong>Experiencias l\u00fadicas multidisciplinarias que invitan a la exploraci\u00f3n art\u00edstica, la creatividad y el juego imaginario en colectivo<\/strong><\/li>\n<\/ul>\n\n\n\n<ul class=\"wp-block-list\">\n<li><strong>El Museo Yancuic, el Parque Juegos de Palo, El Colegio de San Ildefonso y el Planetario Luis Enrique Erro ser\u00e1n las sedes los fines de semana del 27 de julio al 4 de agosto de 2024<\/strong><\/li>\n<\/ul>\n\n\n\n<p>La Secretar\u00eda de Cultura del Gobierno de M\u00e9xico, a trav\u00e9s del programa nacional Alas y Ra\u00edces, invita a ni\u00f1as y ni\u00f1os a disfrutar de unas vacaciones de ensue\u00f1o, donde las artes y la imaginaci\u00f3n ser\u00e1n los elementos que hagan posible \u201cOn\u00edrico. Un verano para jugar\u201d.<\/p>\n\n\n\n<p>On\u00edrico es una experiencia art\u00edstica y l\u00fadica dise\u00f1ada especialmente para ni\u00f1as y ni\u00f1os a partir de los 5 a\u00f1os de edad en donde el juego y la experimentaci\u00f3n con diversas disciplinas art\u00edsticas se convierten en un viaje sensorial que invita a explorar los l\u00edmites de la imaginaci\u00f3n y la creatividad individual y en colectivo.<\/p>\n\n\n\n<p>De este modo, a trav\u00e9s de las artes pl\u00e1sticas, el&nbsp;<em>performance<\/em>, la m\u00fasica y oralidad, infancias participantes dar\u00e1n vida a un mundo donde la realidad se entrelazar\u00e1 con lo fant\u00e1stico a trav\u00e9s de ideas y escenarios que facilitan hacer posible todo lo imaginable.<\/p>\n\n\n\n<p>Este a\u00f1o, On\u00edrico suceder\u00e1 los fines de semana del 27 de julio al 4 de agosto de 2024, en cuatro sedes de Ciudad de M\u00e9xico.<\/p>\n\n\n\n<p>&nbsp;El s\u00e1bado 27 de julio, en el Parque Juegos de Palo en colaboraci\u00f3n con la F\u00e1brica de Artes y Oficios (FARO) Tec\u00f3mitl, en la alcald\u00eda Milpa Alta; el domingo 28 de julio, en el Planetario Luis Enrique Erro, en la alcald\u00eda Gustavo A. Madero; el s\u00e1bado 3 de agosto, en el Museo Yancuic, en la alcald\u00eda Iztapalapa; y el domingo 4 de agosto en el Colegio de San Ildefonso, en el Centro Hist\u00f3rico de la ciudad.<\/p>\n\n\n\n<p>Con una duraci\u00f3n aproximada de 180 minutos por sesi\u00f3n, ni\u00f1as y ni\u00f1os participantes en On\u00edrico se sumergir\u00e1n en un viaje multisensorial con la gu\u00eda y acompa\u00f1amiento de la artista visual y promotora cultural Minerva Ay\u00f3n, as\u00ed como de los narradores orales Ana Cristina Ortega, An\u00edbal Hoyos, Deyanira Ruiz y Guita Cuentacuentos.<\/p>\n\n\n\n<p>Este a\u00f1o, On\u00edrico trasladar\u00e1 a sus participantes por paisajes e im\u00e1genes surrealistas a trav\u00e9s de un mundo invadido por hormigas, un paseo en familia, un laberinto donde todo es m\u00e1s grande de lo que parece y en el que ni\u00f1as y ni\u00f1os se trasforman en peculiares insectos que deber\u00e1n idear la manera de resolver su traves\u00eda para recuperar su apariencia natural o \u00bftal vez no?<\/p>\n\n\n\n<p>Adem\u00e1s, en la sede del Museo Yancuic, en Iztapalapa, el s\u00e1bado 3 de agosto a las 14:30 h, ni\u00f1as y ni\u00f1os asistentes har\u00e1n un viaje intergal\u00e1ctico para recorrer un camino \u201cCon cierto misterio\u201d en compa\u00f1\u00eda del Doctor Misterio y la Gal\u00e1ctica Banda.<\/p>\n\n\n\n<p>Las actividades de \u201cOn\u00edrico. Un verano para jugar\u201d en todas sus sedes ser\u00e1n de entrada libre y gratuita y tendr\u00e1n lugar los s\u00e1bados y domingos del 27 de julio al 4 de agosto de 2024, a partir del mediod\u00eda, en las sedes y fechas mencionadas.<\/p>\n\n\n\n<p>Toda la programaci\u00f3n de Alas y Ra\u00edces se encuentra disponible en el sitio&nbsp;<em>web<\/em>&nbsp;<a rel=\"noreferrer noopener\" target=\"_blank\" href=\"http:\/\/www.alasyraices.gob.mx\/\">alasyraices.gob.mx<\/a><\/p>\n\n\n\n<p>Con esta programaci\u00f3n de verano especialmente dise\u00f1ada para ni\u00f1as y ni\u00f1os, la Secretar\u00eda de Cultura federal brinda alternativas de disfrute y entretenimiento en las que el desarrollo de la creatividad a trav\u00e9s del juego y la exploraci\u00f3n de diversas disciplinas art\u00edsticas posibilitan el ejercicio de los derechos culturales de infancias y adolescencias, para no dejar a nadie atr\u00e1s y no dejar a nadie afuera.<\/p>\n\n\n\n<p>El&nbsp;<strong>Parque Juegos de Palo<\/strong>&nbsp;se ubica en&nbsp;Doctor Gast\u00f3n Melo s\/n, San Antonio Tec\u00f3mitl, Milpa Alta, CDMX (a un costado del FARO Tec\u00f3mitl).<\/p>\n\n\n\n<p>El&nbsp;<strong>Planetario Luis Enrique Erro<\/strong>&nbsp;se encuentra en Av. Wilfrido Massieu, Nueva Industrial Vallejo, Gustavo A. Madero, CDMX.<\/p>\n\n\n\n<p>El&nbsp;<strong>Museo Yancuic&nbsp;<\/strong>est\u00e1 ubicado en Avenida Ermita Iztapalapa #2325, colonia Los \u00c1ngeles, Iztapalapa (Metro Constituci\u00f3n de 1917), CDMX.<\/p>\n\n\n\n<p>El<strong>&nbsp;Colegio de San Ildefonso&nbsp;<\/strong>se encuentra en Justo Sierra 16, Centro Hist\u00f3rico, Cuauht\u00e9moc, CDMX.<\/p>\n\n\n\n<p>Sigue las redes sociales de Alas y Ra\u00edces en Facebook: Alas y Ra\u00edces MX; en X (@AlasyRaices), Instagram y YouTube (@alasyraicescultura).<\/p>\n","protected":false},"excerpt":{"rendered":"<p>La Secretar\u00eda de Cultura del Gobierno de M\u00e9xico, a trav\u00e9s del programa nacional Alas y Ra\u00edces, invita a ni\u00f1as y ni\u00f1os a disfrutar de unas vacaciones de ensue\u00f1o, donde las artes y la imaginaci\u00f3n ser\u00e1n los elementos que hagan posible \u201cOn\u00edrico. Un verano para jugar\u201d. On\u00edrico es una experiencia art\u00edstica y l\u00fadica dise\u00f1ada especialmente para [&hellip;]<\/p>\n","protected":false},"author":1,"featured_media":43046,"comment_status":"open","ping_status":"open","sticky":false,"template":"","format":"standard","meta":{"advanced_seo_description":"","jetpack_seo_html_title":"","jetpack_seo_noindex":false,"footnotes":"","jetpack_publicize_message":"","jetpack_is_tweetstorm":false,"jetpack_publicize_feature_enabled":true,"jetpack_social_post_already_shared":true,"jetpack_social_options":{"image_generator_settings":{"template":"highway","enabled":false}}},"categories":[26,4],"tags":[],"class_list":["post-43045","post","type-post","status-publish","format-standard","has-post-thumbnail","hentry","category-cultura","category-noticias"],"jetpack_publicize_connections":[],"jetpack_featured_media_url":"http:\/\/elcensornoticias.com\/wp-content\/uploads\/2024\/07\/Onirico_2024.png","jetpack_likes_enabled":true,"jetpack_sharing_enabled":true,"jetpack_shortlink":"https:\/\/wp.me\/p6xy50-bch","_links":{"self":[{"href":"http:\/\/elcensornoticias.com\/index.php?rest_route=\/wp\/v2\/posts\/43045","targetHints":{"allow":["GET"]}}],"collection":[{"href":"http:\/\/elcensornoticias.com\/index.php?rest_route=\/wp\/v2\/posts"}],"about":[{"href":"http:\/\/elcensornoticias.com\/index.php?rest_route=\/wp\/v2\/types\/post"}],"author":[{"embeddable":true,"href":"http:\/\/elcensornoticias.com\/index.php?rest_route=\/wp\/v2\/users\/1"}],"replies":[{"embeddable":true,"href":"http:\/\/elcensornoticias.com\/index.php?rest_route=%2Fwp%2Fv2%2Fcomments&post=43045"}],"version-history":[{"count":1,"href":"http:\/\/elcensornoticias.com\/index.php?rest_route=\/wp\/v2\/posts\/43045\/revisions"}],"predecessor-version":[{"id":43047,"href":"http:\/\/elcensornoticias.com\/index.php?rest_route=\/wp\/v2\/posts\/43045\/revisions\/43047"}],"wp:featuredmedia":[{"embeddable":true,"href":"http:\/\/elcensornoticias.com\/index.php?rest_route=\/wp\/v2\/media\/43046"}],"wp:attachment":[{"href":"http:\/\/elcensornoticias.com\/index.php?rest_route=%2Fwp%2Fv2%2Fmedia&parent=43045"}],"wp:term":[{"taxonomy":"category","embeddable":true,"href":"http:\/\/elcensornoticias.com\/index.php?rest_route=%2Fwp%2Fv2%2Fcategories&post=43045"},{"taxonomy":"post_tag","embeddable":true,"href":"http:\/\/elcensornoticias.com\/index.php?rest_route=%2Fwp%2Fv2%2Ftags&post=43045"}],"curies":[{"name":"wp","href":"https:\/\/api.w.org\/{rel}","templated":true}]}}