{"id":43042,"date":"2024-07-18T19:44:37","date_gmt":"2024-07-18T19:44:37","guid":{"rendered":"http:\/\/elcensornoticias.com\/?p=43042"},"modified":"2024-07-18T19:45:23","modified_gmt":"2024-07-18T19:45:23","slug":"transformamos-vidas-a-traves-de-tlaxcala-television","status":"publish","type":"post","link":"http:\/\/elcensornoticias.com\/?p=43042","title":{"rendered":"\u00abTRANSFORMAMOS VIDAS\u00bb, A TRAV\u00c9S DE TLAXCALA TELEVISI\u00d3N"},"content":{"rendered":"\n<p>Es una ventana abierta para que todos conozcan el impacto positivo que las acciones del organismo tienen en nuestra comunidad_<\/p>\n\n\n\n<p>Televisi\u00f3n de Tlaxcala lanz\u00f3 el programa \u201cTransformamos Vidas\u201d, a trav\u00e9s del cual el Sistema Estatal para el Desarrollo Integral de la Familia (Sedif) dar\u00e1 a conocer los programas y servicios que tiene para impulsar el desarrollo de los grupos de atenci\u00f3n prioritaria, siendo las y los beneficiarios los protagonistas.<\/p>\n\n\n\n<p>Este emocionante proyecto se transmitir\u00e1 todos los mi\u00e9rcoles a las 19:00 horas por Tlaxcala Televisi\u00f3n, y a trav\u00e9s de las redes sociales de Coracyt y del Sedif.<\/p>\n\n\n\n<p>\u00abTransformamos Vidas\u00bb tiene como objetivo mostrar los diversos programas y servicios que el Sistema Estatal DIF ofrece a la comunidad.&nbsp;<\/p>\n\n\n\n<p>A trav\u00e9s de cada episodio, los televidentes podr\u00e1n conocer de cerca c\u00f3mo estas iniciativas han marcado una diferencia significativa en las vidas de las personas que m\u00e1s lo necesitan.<\/p>\n\n\n\n<p>Cada semana, el programa destacar\u00e1 historias de superaci\u00f3n, testimonios de beneficiarios y entrevistas con los especialistas y voluntarios que hacen posible la labor del SEDIF.&nbsp;<\/p>\n\n\n\n<p>Los espectadores tendr\u00e1n la oportunidad de ver c\u00f3mo se transforman vidas gracias a la dedicaci\u00f3n y el esfuerzo del Sedif.<\/p>\n\n\n\n<p>El Sedif invita a la poblaci\u00f3n a conocer m\u00e1s sobre los programas de asistencia social, salud, educaci\u00f3n y desarrollo comunitario que implementa para mejorar la calidad de vida de la poblaci\u00f3n tlaxcalteca.&nbsp;<\/p>\n\n\n\n<p>\u00abTransformamos Vidas\u00bb es una ventana abierta para que todos conozcan el impacto positivo que estas acciones tienen en nuestra comunidad.<\/p>\n","protected":false},"excerpt":{"rendered":"<p>Es una ventana abierta para que todos conozcan el impacto positivo que las acciones del organismo tienen en nuestra comunidad_ Televisi\u00f3n de Tlaxcala lanz\u00f3 el programa \u201cTransformamos Vidas\u201d, a trav\u00e9s del cual el Sistema Estatal para el Desarrollo Integral de la Familia (Sedif) dar\u00e1 a conocer los programas y servicios que tiene para impulsar el [&hellip;]<\/p>\n","protected":false},"author":1,"featured_media":43043,"comment_status":"open","ping_status":"open","sticky":false,"template":"","format":"standard","meta":{"advanced_seo_description":"","jetpack_seo_html_title":"","jetpack_seo_noindex":false,"footnotes":"","jetpack_publicize_message":"","jetpack_is_tweetstorm":false,"jetpack_publicize_feature_enabled":true,"jetpack_social_post_already_shared":true,"jetpack_social_options":{"image_generator_settings":{"template":"highway","enabled":false}}},"categories":[5,3],"tags":[],"class_list":["post-43042","post","type-post","status-publish","format-standard","has-post-thumbnail","hentry","category-carrucel","category-gobierno"],"jetpack_publicize_connections":[],"jetpack_featured_media_url":"http:\/\/elcensornoticias.com\/wp-content\/uploads\/2024\/07\/IMG-20240718-WA0001-scaled.jpg","jetpack_likes_enabled":true,"jetpack_sharing_enabled":true,"jetpack_shortlink":"https:\/\/wp.me\/p6xy50-bce","_links":{"self":[{"href":"http:\/\/elcensornoticias.com\/index.php?rest_route=\/wp\/v2\/posts\/43042","targetHints":{"allow":["GET"]}}],"collection":[{"href":"http:\/\/elcensornoticias.com\/index.php?rest_route=\/wp\/v2\/posts"}],"about":[{"href":"http:\/\/elcensornoticias.com\/index.php?rest_route=\/wp\/v2\/types\/post"}],"author":[{"embeddable":true,"href":"http:\/\/elcensornoticias.com\/index.php?rest_route=\/wp\/v2\/users\/1"}],"replies":[{"embeddable":true,"href":"http:\/\/elcensornoticias.com\/index.php?rest_route=%2Fwp%2Fv2%2Fcomments&post=43042"}],"version-history":[{"count":1,"href":"http:\/\/elcensornoticias.com\/index.php?rest_route=\/wp\/v2\/posts\/43042\/revisions"}],"predecessor-version":[{"id":43044,"href":"http:\/\/elcensornoticias.com\/index.php?rest_route=\/wp\/v2\/posts\/43042\/revisions\/43044"}],"wp:featuredmedia":[{"embeddable":true,"href":"http:\/\/elcensornoticias.com\/index.php?rest_route=\/wp\/v2\/media\/43043"}],"wp:attachment":[{"href":"http:\/\/elcensornoticias.com\/index.php?rest_route=%2Fwp%2Fv2%2Fmedia&parent=43042"}],"wp:term":[{"taxonomy":"category","embeddable":true,"href":"http:\/\/elcensornoticias.com\/index.php?rest_route=%2Fwp%2Fv2%2Fcategories&post=43042"},{"taxonomy":"post_tag","embeddable":true,"href":"http:\/\/elcensornoticias.com\/index.php?rest_route=%2Fwp%2Fv2%2Ftags&post=43042"}],"curies":[{"name":"wp","href":"https:\/\/api.w.org\/{rel}","templated":true}]}}