{"id":43039,"date":"2024-07-18T19:41:49","date_gmt":"2024-07-18T19:41:49","guid":{"rendered":"http:\/\/elcensornoticias.com\/?p=43039"},"modified":"2024-07-18T19:41:51","modified_gmt":"2024-07-18T19:41:51","slug":"intencion-de-adquisicion-de-vivienda-alcanza-su-nivel-mas-alto-para-segundo-trimestre-del-ano","status":"publish","type":"post","link":"http:\/\/elcensornoticias.com\/?p=43039","title":{"rendered":"INTENCION DE ADQUISICION DE VIVIENDA ALCANZA SU NIVEL\u00a0M\u00c1S\u00a0ALTO\u00a0PARA\u00a0SEGUNDO \u00a0TRIMESTRE\u00a0DEL A\u00d1O"},"content":{"rendered":"\n<p>El\u00a0\u00cdndice\u00a0de\u00a0Intenci\u00f3n\u00a0de\u00a0Adquisici\u00f3n\u00a0de Vivienda\u00a0pas\u00f3\u00a0de\u00a037.9\u00a0puntos\u00a0en\u00a0el\u00a0segundo trimestre de 2021 a 60.7 puntos en el mismo periodo de este a\u00f1o.<\/p>\n\n\n\n<p>El Instituto\u00a0del Fondo Nacional\u00a0de la\u00a0Vivienda\u00a0para\u00a0los Trabajadores\u00a0(Infonavit)\u00a0public\u00f3\u00a0la Encuesta de Necesidades\u00a0de Cr\u00e9dito\u00a0y de Vivienda\u00a0correspondiente al segundo trimestre de 2024, en\u00a0la\u00a0que el indicador que mide el deseo de las personas por adquirir una vivienda se ubic\u00f3 en su nivel m\u00e1s alto para un segundo trimestre del a\u00f1o.<\/p>\n\n\n\n<p>De acuerdo con la Encuesta, el \u00cdndice de Intenci\u00f3n de Adquisici\u00f3n de Vivienda en M\u00e9xico (IIAV) se ubic\u00f3\u00a0en 60.7\u00a0puntos en el segundo\u00a0trimestre de 2024;\u00a0es decir, 22.8\u00a0puntos m\u00e1s que en el mismo periodo de 2021.<\/p>\n\n\n\n<p>Consistente con este resultado, en el segundo trimestre de este a\u00f1o la expectativa de adquirir&nbsp;un cr\u00e9dito hipotecario para comprar una vivienda en los pr\u00f3ximos 12 meses se ubic\u00f3 en 45 puntos; mientras que, la de obtener un financiamiento para comprar un terreno se posicion\u00f3 en 36.9&nbsp;puntos.<\/p>\n\n\n\n<p>En&nbsp;la&nbsp;encuesta,&nbsp;realizada&nbsp;a&nbsp;1,500&nbsp;derechohabientes&nbsp;del&nbsp;Instituto,&nbsp;se cuestion\u00f3&nbsp;a&nbsp;las&nbsp;personas&nbsp;sobre su inter\u00e9s respecto a diferentes tipos de cr\u00e9dito. Los resultados de esta pregunta fueron los&nbsp;siguientes:<\/p>\n\n\n\n<p>\u00b7&nbsp;&nbsp;&nbsp;&nbsp;&nbsp;&nbsp;&nbsp;62%&nbsp;de&nbsp;las&nbsp;personas&nbsp;est\u00e1n&nbsp;interesadas&nbsp;en&nbsp;adquirir&nbsp;un&nbsp;cr\u00e9dito&nbsp;de compra&nbsp;de&nbsp;vivienda.<\/p>\n\n\n\n<p>\u00b7&nbsp;&nbsp;&nbsp;&nbsp;&nbsp;&nbsp;&nbsp;62%&nbsp;en&nbsp;un&nbsp;financiamiento&nbsp;para&nbsp;construcci\u00f3n&nbsp;en&nbsp;terreno&nbsp;propio.<\/p>\n\n\n\n<p>\u00b7&nbsp;&nbsp;&nbsp;&nbsp;&nbsp;&nbsp;&nbsp;57%&nbsp;en&nbsp;un cr\u00e9dito&nbsp;para&nbsp;adquisici\u00f3n&nbsp;de&nbsp;terreno.<\/p>\n\n\n\n<p>\u00b7&nbsp;&nbsp;&nbsp;&nbsp;&nbsp;&nbsp;&nbsp;56%&nbsp;en&nbsp;financiamientos&nbsp;de&nbsp;mejora&nbsp;de&nbsp;vivienda.<\/p>\n\n\n\n<p>\u00b7&nbsp;&nbsp;&nbsp;&nbsp;&nbsp;&nbsp;&nbsp;32%&nbsp;expres\u00f3&nbsp;su&nbsp;deseo&nbsp;de&nbsp;unir&nbsp;su&nbsp;cr\u00e9dito&nbsp;con&nbsp;otra&nbsp;persona.<\/p>\n\n\n\n<p>\u00b7&nbsp;&nbsp;&nbsp;&nbsp;&nbsp;&nbsp;&nbsp;31%&nbsp;se\u00f1al\u00f3&nbsp;su&nbsp;inter\u00e9s&nbsp;en&nbsp;solicitar&nbsp;un&nbsp;cr\u00e9dito&nbsp;en&nbsp;conjunto&nbsp;con&nbsp;la&nbsp;banca&nbsp;comercial.<\/p>\n\n\n\n<p>Respecto&nbsp;a&nbsp;la&nbsp;situaci\u00f3n&nbsp;econ\u00f3mica&nbsp;del&nbsp;pa\u00eds&nbsp;y&nbsp;en&nbsp;sus&nbsp;hogares:<\/p>\n\n\n\n<p>\u00b7&nbsp;&nbsp;&nbsp;&nbsp;&nbsp;&nbsp;&nbsp;61%&nbsp;de&nbsp;los&nbsp;encuestados&nbsp;consideraron&nbsp;que&nbsp;la&nbsp;situaci\u00f3n&nbsp;econ\u00f3mica&nbsp;del&nbsp;pa\u00eds&nbsp;es&nbsp;hoy&nbsp;mejor&nbsp;que la de hace un a\u00f1o.<\/p>\n\n\n\n<p>\u00b7&nbsp;&nbsp;&nbsp;&nbsp;&nbsp;&nbsp;&nbsp;60%&nbsp;se\u00f1alaron&nbsp;que&nbsp;la&nbsp;econom\u00eda&nbsp;en&nbsp;su&nbsp;hogar&nbsp;es&nbsp;mejor que&nbsp;la&nbsp;de&nbsp;hace&nbsp;un&nbsp;a\u00f1o.<\/p>\n\n\n\n<p>\u00b7&nbsp;&nbsp;&nbsp;&nbsp;&nbsp;&nbsp;&nbsp;68%&nbsp;dijeron&nbsp;que&nbsp;esperan&nbsp;que&nbsp;la&nbsp;econom\u00eda&nbsp;del&nbsp;pa\u00eds&nbsp;mejore&nbsp;en&nbsp;los&nbsp;pr\u00f3ximos&nbsp;12&nbsp;meses.<\/p>\n\n\n\n<p>El Infonavit publica los resultados de la Encuesta de Necesidades de Cr\u00e9dito y Vivienda desde el primer trimestre de 2021 con el objetivo de dar a conocer las preferencias de los trabajadores del pa\u00eds sobre los temas de vivienda y cr\u00e9ditos.<\/p>\n\n\n\n<p>En\u00a0esta\u00a0ocasi\u00f3n,\u00a0la\u00a0encuesta\u00a0se\u00a0realiz\u00f3\u00a0a\u00a01,500\u00a0mujeres\u00a0y\u00a0hombres\u00a0mayores\u00a0de\u00a018\u00a0a\u00f1os\u00a0entre\u00a0el\u00a08\u00a0de abril y el 15 de mayo de este a\u00f1o.<\/p>\n\n\n\n<p><\/p>\n","protected":false},"excerpt":{"rendered":"<p>El\u00a0\u00cdndice\u00a0de\u00a0Intenci\u00f3n\u00a0de\u00a0Adquisici\u00f3n\u00a0de Vivienda\u00a0pas\u00f3\u00a0de\u00a037.9\u00a0puntos\u00a0en\u00a0el\u00a0segundo trimestre de 2021 a 60.7 puntos en el mismo periodo de este a\u00f1o. El Instituto\u00a0del Fondo Nacional\u00a0de la\u00a0Vivienda\u00a0para\u00a0los Trabajadores\u00a0(Infonavit)\u00a0public\u00f3\u00a0la Encuesta de Necesidades\u00a0de Cr\u00e9dito\u00a0y de Vivienda\u00a0correspondiente al segundo trimestre de 2024, en\u00a0la\u00a0que el indicador que mide el deseo de las personas por adquirir una vivienda se ubic\u00f3 en su nivel m\u00e1s alto para un [&hellip;]<\/p>\n","protected":false},"author":1,"featured_media":43040,"comment_status":"open","ping_status":"open","sticky":false,"template":"","format":"standard","meta":{"advanced_seo_description":"","jetpack_seo_html_title":"","jetpack_seo_noindex":false,"footnotes":"","jetpack_publicize_message":"","jetpack_is_tweetstorm":false,"jetpack_publicize_feature_enabled":true,"jetpack_social_post_already_shared":true,"jetpack_social_options":{"image_generator_settings":{"template":"highway","enabled":false}}},"categories":[5,3],"tags":[],"class_list":["post-43039","post","type-post","status-publish","format-standard","has-post-thumbnail","hentry","category-carrucel","category-gobierno"],"jetpack_publicize_connections":[],"jetpack_featured_media_url":"http:\/\/elcensornoticias.com\/wp-content\/uploads\/2024\/07\/Boletin-18-Julio-2024-scaled.jpg","jetpack_likes_enabled":true,"jetpack_sharing_enabled":true,"jetpack_shortlink":"https:\/\/wp.me\/p6xy50-bcb","_links":{"self":[{"href":"http:\/\/elcensornoticias.com\/index.php?rest_route=\/wp\/v2\/posts\/43039","targetHints":{"allow":["GET"]}}],"collection":[{"href":"http:\/\/elcensornoticias.com\/index.php?rest_route=\/wp\/v2\/posts"}],"about":[{"href":"http:\/\/elcensornoticias.com\/index.php?rest_route=\/wp\/v2\/types\/post"}],"author":[{"embeddable":true,"href":"http:\/\/elcensornoticias.com\/index.php?rest_route=\/wp\/v2\/users\/1"}],"replies":[{"embeddable":true,"href":"http:\/\/elcensornoticias.com\/index.php?rest_route=%2Fwp%2Fv2%2Fcomments&post=43039"}],"version-history":[{"count":1,"href":"http:\/\/elcensornoticias.com\/index.php?rest_route=\/wp\/v2\/posts\/43039\/revisions"}],"predecessor-version":[{"id":43041,"href":"http:\/\/elcensornoticias.com\/index.php?rest_route=\/wp\/v2\/posts\/43039\/revisions\/43041"}],"wp:featuredmedia":[{"embeddable":true,"href":"http:\/\/elcensornoticias.com\/index.php?rest_route=\/wp\/v2\/media\/43040"}],"wp:attachment":[{"href":"http:\/\/elcensornoticias.com\/index.php?rest_route=%2Fwp%2Fv2%2Fmedia&parent=43039"}],"wp:term":[{"taxonomy":"category","embeddable":true,"href":"http:\/\/elcensornoticias.com\/index.php?rest_route=%2Fwp%2Fv2%2Fcategories&post=43039"},{"taxonomy":"post_tag","embeddable":true,"href":"http:\/\/elcensornoticias.com\/index.php?rest_route=%2Fwp%2Fv2%2Ftags&post=43039"}],"curies":[{"name":"wp","href":"https:\/\/api.w.org\/{rel}","templated":true}]}}